{"id":1363,"date":"2013-11-15T23:10:29","date_gmt":"2013-11-15T22:10:29","guid":{"rendered":"http:\/\/www.rodarummet.org\/web\/?p=1363"},"modified":"2013-11-15T23:13:07","modified_gmt":"2013-11-15T22:13:07","slug":"nummer-2-3-2013","status":"publish","type":"post","link":"http:\/\/www.rodarummet.org\/web\/2013\/11\/15\/nummer-2-3-2013\/","title":{"rendered":"Nummer 2-3 2013"},"content":{"rendered":"<p><a href=\"http:\/\/www.rodarummet.org\/web\/wp-content\/uploads\/2013\/11\/RR-2-3-2013.jpg\"><img loading=\"lazy\" decoding=\"async\" class=\"alignleft size-medium wp-image-1305\" alt=\"RR 2-3-2013\" src=\"http:\/\/www.rodarummet.org\/web\/wp-content\/uploads\/2013\/11\/RR-2-3-2013-211x300.jpg\" width=\"211\" height=\"300\" srcset=\"http:\/\/www.rodarummet.org\/web\/wp-content\/uploads\/2013\/11\/RR-2-3-2013-211x300.jpg 211w, http:\/\/www.rodarummet.org\/web\/wp-content\/uploads\/2013\/11\/RR-2-3-2013-722x1024.jpg 722w, http:\/\/www.rodarummet.org\/web\/wp-content\/uploads\/2013\/11\/RR-2-3-2013.jpg 794w\" sizes=\"auto, (max-width: 211px) 100vw, 211px\" \/><\/a><a href=\"http:\/\/wp.me\/aRzA9-m1\" target=\"_blank\">Hela numret som PDF<\/a><\/p>\n<h3 style=\"text-align: left;\">Nedan f\u00f6ljer artiklarna som separata inl\u00e4gg.<\/h3>\n<p><strong>K\u00e4ra L\u00e4sare<\/strong><\/p>\n<p><b><\/b>I f\u00f6rh\u00e5llande till fenomen som p\u00e5 allvar utmanar maktstrukturerna i v\u00e5r v\u00e4rld kan vi i etablerad medias f\u00f6rh\u00e5llningss\u00e4tt sk\u00f6nja ett m\u00f6nster av f\u00f6rtigande, f\u00f6rvanskning och selektiv rapportering. I f\u00e5 fall \u00e4r det lika tydligt som n\u00e4r det g\u00e4ller <!--more-->Venezuela och den sociala f\u00f6r\u00e4ndringsprocess som tog sin b\u00f6rjan efter att Hugo Ch\u00e1vez 1998 segrade i presidentvalet. Vi kan i det h\u00e4r sammanhanget inte\u00a0 se n\u00e5gon f\u00f6r\u00e4ndring efter att Ch\u00e1vez i mars i \u00e5r gick ur tiden. Ta bara\u00a0 rapporteringen runt det efterf\u00f6ljande presidentvalet. Trots att en m\u00e4ngd internationella valobservat\u00f6rer uppfattade valet som oklanderligt, gavs oppositionen alla anklagelser om p\u00e5st\u00e5tt valfusk stort utrymme, och det ofta utan n\u00e5got ifr\u00e5gas\u00e4ttande. N\u00e4r sedan grupper ur oppositionen gick b\u00e4rs\u00e4rkarg\u00e5ng, och bland annat br\u00e4nde ner v\u00e5rdcentraler och regeringspartiets PSUV:s vallokaler, var den dominerande bilden som spreds \u00f6ver v\u00e4rlden att fredliga demonstranter attackerades av polis \u2013 att nu var det verkligen fara \u00e5 f\u00e4rde f\u00f6r landets \u201dsk\u00f6ra demokrati\u201d<\/p>\n<p>&nbsp;<\/p>\n<p>Visst medger \u00e4ven de stora tidningsdrakarna att Venezuelas regering har ett starkt st\u00f6d bland landets fattiga, men vanligtvis f\u00f6rklaras det bero p\u00e5 att man anv\u00e4nt medel fr\u00e5n landets oljeint\u00e4kter p\u00e5 ett sl\u00f6saktigt s\u00e4tt och att landet d\u00e4rmed skulle vara f\u00f6rsatt i en mycket sv\u00e5r ekonomisk situation. Tydliga fakta om att Venezuela \u00e4r i det n\u00e4rmaste unikt\u00a0 i v\u00e5r v\u00e4rld, med sin framg\u00e5ngsrika bek\u00e4mpning av fattigdomen, f\u00f6rtigs ocks\u00e5 nogsamt. Och bara det att landet f\u00f6rstatligar en hel del banker och f\u00f6retag och p\u00e5 det s\u00e4ttet ifr\u00e5gas\u00e4tter den privata \u00e4gander\u00e4tten \u00e4r tillr\u00e4ckligt f\u00f6r att landet ska definieras som demokratiskt obskyrt. I exempelvis v\u00e5r egen utrikesminister Carl Bildts \u00f6gon \u00e4r det synonymt med att \u201df\u00f6rskingra egendom\u201d.<\/p>\n<p>&nbsp;<\/p>\n<p>Nej, n\u00e4r det g\u00e4ller den socioekonomiska f\u00f6r\u00e4ndringsprocessen i Venezuela m\u00e5ste man s\u00f6ka sig till alternativa medier f\u00f6r att kunna f\u00e5 n\u00e5gorlunda grepp om vad det \u00e4r som egentligen h\u00e4nder i landet.<\/p>\n<p>Vi har i R\u00f6da rummet under ett decenniums tid f\u00f6rs\u00f6kt att f\u00f6lja den sp\u00e4nnande och samtidigt mycket komplexa utvecklingen i Venezuela, och i detta nummer f\u00f6rs\u00f6ker v\u00e5r skribent Rolf Bergkvist ringa in vad det \u00e4r som egentligen h\u00e4nder i landet nu efter Ch\u00e1vez\u00b4 d\u00f6d.<\/p>\n<p>I \u00f6vrigt finner ni, k\u00e4ra l\u00e4sare, i detta nummer artiklar om socialdemokratin, fascismen, framtidens energireserver och fantasy-science fiction, s\u00e5 varmt v\u00e4lkomna till \u00e4nnu ett nummer av den radikala kvartalstidskriften R\u00f6da rummet.<\/p>\n<p>&nbsp;<\/p>\n<p>Redaktionen<\/p>\n","protected":false},"excerpt":{"rendered":"<p>Hela numret som PDF Nedan f\u00f6ljer artiklarna som separata inl\u00e4gg. K\u00e4ra L\u00e4sare I f\u00f6rh\u00e5llande till fenomen som p\u00e5 allvar utmanar maktstrukturerna i v\u00e5r v\u00e4rld kan vi i etablerad medias f\u00f6rh\u00e5llningss\u00e4tt sk\u00f6nja ett m\u00f6nster av f\u00f6rtigande, f\u00f6rvanskning och selektiv rapportering. I &hellip; <a href=\"http:\/\/www.rodarummet.org\/web\/2013\/11\/15\/nummer-2-3-2013\/\">Forts\u00e4tt l\u00e4sa <span class=\"meta-nav\">&rarr;<\/span><\/a><\/p>\n","protected":false},"author":10,"featured_media":0,"comment_status":"closed","ping_status":"open","sticky":false,"template":"","format":"standard","meta":{"jetpack_post_was_ever_published":false,"_jetpack_newsletter_access":"","_jetpack_dont_email_post_to_subs":false,"_jetpack_newsletter_tier_id":0,"_jetpack_memberships_contains_paywalled_content":false,"_jetpack_memberships_contains_paid_content":false,"footnotes":"","jetpack_publicize_message":"","jetpack_publicize_feature_enabled":true,"jetpack_social_post_already_shared":true,"jetpack_social_options":{"image_generator_settings":{"template":"highway","default_image_id":0,"font":"","enabled":false},"version":2}},"categories":[1],"tags":[],"class_list":["post-1363","post","type-post","status-publish","format-standard","hentry","category-okategoriserade"],"jetpack_publicize_connections":[],"jetpack_featured_media_url":"","jetpack_sharing_enabled":true,"jetpack_shortlink":"https:\/\/wp.me\/pRzA9-lZ","_links":{"self":[{"href":"http:\/\/www.rodarummet.org\/web\/wp-json\/wp\/v2\/posts\/1363","targetHints":{"allow":["GET"]}}],"collection":[{"href":"http:\/\/www.rodarummet.org\/web\/wp-json\/wp\/v2\/posts"}],"about":[{"href":"http:\/\/www.rodarummet.org\/web\/wp-json\/wp\/v2\/types\/post"}],"author":[{"embeddable":true,"href":"http:\/\/www.rodarummet.org\/web\/wp-json\/wp\/v2\/users\/10"}],"replies":[{"embeddable":true,"href":"http:\/\/www.rodarummet.org\/web\/wp-json\/wp\/v2\/comments?post=1363"}],"version-history":[{"count":2,"href":"http:\/\/www.rodarummet.org\/web\/wp-json\/wp\/v2\/posts\/1363\/revisions"}],"predecessor-version":[{"id":1371,"href":"http:\/\/www.rodarummet.org\/web\/wp-json\/wp\/v2\/posts\/1363\/revisions\/1371"}],"wp:attachment":[{"href":"http:\/\/www.rodarummet.org\/web\/wp-json\/wp\/v2\/media?parent=1363"}],"wp:term":[{"taxonomy":"category","embeddable":true,"href":"http:\/\/www.rodarummet.org\/web\/wp-json\/wp\/v2\/categories?post=1363"},{"taxonomy":"post_tag","embeddable":true,"href":"http:\/\/www.rodarummet.org\/web\/wp-json\/wp\/v2\/tags?post=1363"}],"curies":[{"name":"wp","href":"https:\/\/api.w.org\/{rel}","templated":true}]}}