{"id":1418,"date":"2014-12-23T00:40:44","date_gmt":"2014-12-22T23:40:44","guid":{"rendered":"http:\/\/www.rodarummet.org\/web\/?p=1418"},"modified":"2014-12-23T00:40:44","modified_gmt":"2014-12-22T23:40:44","slug":"socialdemokratins-forste-hovding","status":"publish","type":"post","link":"http:\/\/www.rodarummet.org\/web\/2014\/12\/23\/socialdemokratins-forste-hovding\/","title":{"rendered":"Socialdemokratins f\u00f6rste h\u00f6vding"},"content":{"rendered":"<p><strong>\u201dFolkhemshistorien \u00e4r v\u00e4lk\u00e4nd och Per-Albin har blivit de flestas landsfader. Brantings politiska g\u00e4rning och gestalt \u00e4r suddigare. Jag har d\u00e4rf\u00f6r velat skildra Brantings historia, den politiska, kulturella och privata.\u201d S\u00e5 motiverar Olle Svenning i f\u00f6rordet till H\u00f6vdingen varf\u00f6r han valt att teckna ett portr\u00e4tt i helfigur av Hjalmar Branting.<\/strong><!--more--><\/p>\n<p>&nbsp;<\/p>\n<p>Huvudpersonen f\u00f6ddes 1860. Fadern var chef f\u00f6r Gymnastiska Centralinstitutet<br \/>\n(nuvarande Gymnastik och Idrottsh\u00f6gskolan, GIH) och modern var pianist. Paret tillh\u00f6rde den absoluta Stockholmssocieteten. H\u00e4r utvecklade Hjalmar stil och man\u00e9r som i mycket kom att pr\u00e4gla honom livet ut; \u00e4tande p\u00e5 lyxkrogar och tj\u00e4nstefolk som ombes\u00f6rjde markservicen i hemmet var i det sammanhanget regel. Hans sociala vara stod i skarp kontrast till de villkor som arbetarklassen i d\u00e5tidens fattigsverige levde under.<\/p>\n<p>Brantings v\u00e4g till socialdemokratin kom att g\u00e5 \u00f6ver 1880-talets kulturradikalism, som gisslade kungar, adel, pr\u00e4sterskap och religion. Under sin ungdoms resor i Europa fick han kontakt med ryska revolution\u00e4rer i exil och kom att f\u00f6rdjupa sig i den marxistiska l\u00e4ran. I den socialdemokratiska klubb som bildades i Stockholm 1884 har han i uppb\u00f6rdsboken f\u00f6r januari-juni 1885 medlemsnummer 1. Fr\u00e5n 1886 tillh\u00f6rde Branting husorganet <em>Socialdemokratens <\/em>redaktion. Hans tal i G\u00e4vle 1886 \u2013 p\u00e5 temat <em>Varf\u00f6r arbetarr\u00f6relsen m\u00e5ste bli socialistisk<\/em> \u2013 brukar ben\u00e4mnas som den svenska arbetarr\u00f6relsens sj\u00e4lvst\u00e4ndighetsf\u00f6rklaring. Efter Axel Danielssons tidiga fr\u00e5nf\u00e4lle 1899 var sedan Branting i praktiken socialdemokratins obestridliga ledare \u00e4nda fram till sin d\u00f6d 1925. Formellt valdes han till ordf\u00f6rande vid kongressen 1908.<\/p>\n<p>Med tiden kom Branting att omfattas av en t\u00e4mligen stark personkult och ikonisering. Exempelvis s\u00e5ldes det i valr\u00f6relsen 1914 200 000 billighetsportr\u00e4tt av honom; \u201datt pryda varje arbetarhem\u201d. F\u00f6r de fattiga genomsnittsmedlemmarna symboliserade han h\u00f6vdingen h\u00f6gt upp p\u00e5 toppen, patriarken som f\u00f6retr\u00e4dde dem i de fina salongerna och maktens boningar. Svenning tecknar i en sekvens, fr\u00e5n tiden n\u00e4r Branting blivit finansminister 1917, en sm\u00e5tt r\u00f6rande bild av denna patriarkala relation: \u201dHan var villr\u00e5dig inf\u00f6r de m\u00e5nga hj\u00e4lps\u00f6kande som kom till departementet. Ibland gav han dem n\u00e5gra sedlar ur sin egna pl\u00e5nbok. S\u00e5 hade han gjort i sin ungdom: str\u00e4ckt \u00f6ver en slant till de beh\u00f6vande. Medarbetare i finansdepartementet m\u00e5ste skydda Branting mot alla som bad honom om pengar\u201d.<\/p>\n<p><a href=\"http:\/\/www.rodarummet.org\/web\/wp-content\/uploads\/2014\/12\/Branting.jpg\"><img loading=\"lazy\" decoding=\"async\" class=\"alignleft  wp-image-1419\" src=\"http:\/\/www.rodarummet.org\/web\/wp-content\/uploads\/2014\/12\/Branting.jpg\" alt=\"Branting\" width=\"414\" height=\"275\" srcset=\"http:\/\/www.rodarummet.org\/web\/wp-content\/uploads\/2014\/12\/Branting.jpg 485w, http:\/\/www.rodarummet.org\/web\/wp-content\/uploads\/2014\/12\/Branting-300x199.jpg 300w\" sizes=\"auto, (max-width: 414px) 100vw, 414px\" \/><\/a>Den koalitionsregering mellan socialdemokraterna och liberalerna 1917 \u2013 d\u00e4r Branting s\u00e5ledes blev finansminister \u2013 gick framf\u00f6r allt till historien f\u00f6r att den stiftade en lag om allm\u00e4n och lika r\u00f6str\u00e4tt. D\u00e4rtill v\u00e4drades det gamla st\u00e5ndssamh\u00e4llet ut n\u00e4r husaga och utauktionering av barn f\u00f6rbj\u00f6ds och tj\u00e4nstehjonlagstiftningen skrotades. Dessutom f\u00f6rberedes en lag om \u00e5tta timmars arbetsdag. Mindre smickrande \u00e4r att regeringen gav v\u00e4pnat st\u00f6d till den vita sidan i det finska klasskriget och att de diplomatiska f\u00f6rbindelserna med den nya revolution\u00e4ra regeringen i Ryssland br\u00f6ts.<\/p>\n<p>Sammantaget \u00e4r H\u00f6vdingen en stimulerande och bildande l\u00e4supplevelse. Med fokus kring f\u00f6rra sekelskiftet skildras arbetarr\u00f6relsens formativa period i v\u00e5rt land \u2013 en tid n\u00e4r reformister, revolution\u00e4rer och anarkister stred om inflytande och makt. F\u00e4rgstarka personligheter som Hinke Bergegren, Kata Dahlstr\u00f6m och Z\u00e4ta H\u00f6glund passerar revy. F\u00f6r att inte n\u00e4mna den anarkistiska tobaksarbeterskan Augusta Lokk, som uppmanade sina kvinnliga kamrater att bev\u00e4pna sig med pistoler och skjuta \u00f6verklassfolket. N\u00e4r Augusta beg\u00e4rde ordet ropade m\u00f6tesdeltagare; \u2013St\u00e4ng f\u00f6nstren!<\/p>\n<p>Det man emellertid saknar i Svennings biografi \u00e4r ett resonemang kring hur arvet efter Branting p\u00e5verkat senare tiders svenska socialdemokrati. Det dominerande syns\u00e4ttet under hans epok var att n\u00e4r v\u00e4l den allm\u00e4nna r\u00f6str\u00e4tten er\u00f6vrats skulle folkmajoriteten vinnas, varefter det socialistiska uppbygget kunde ta sin b\u00f6rjan. S\u00e5 h\u00e4r beskrev Branting det i sitt G\u00e4vletal 1886: \u201dAllm\u00e4n r\u00f6str\u00e4tt \u00e4r s\u00e5ledes priset, f\u00f6r vilket bourgeoisien kan f\u00e5 k\u00f6pa sig avveckling medelst administration, ist\u00e4llet f\u00f6r konkurs anh\u00e4ngiggjord vid revolutionens domstol\u201d.<\/p>\n<p>\u00c4ven 1920-\u00e5rs partiprogram b\u00e4r en klar socialistisk ton i sin systemkritik: \u201dHuvudorsaken till de lyten, som vidh\u00e4ftar v\u00e5ra dagars civilisation, \u00e4r n\u00e4mligen det privatkapitalistiska produktionss\u00e4ttet. Som lagt \u00e4gander\u00e4tten till produktionsmedlen i ett mindretals h\u00e4nder, d\u00f6mt flertalet till egendomsl\u00f6shet och beroende samt gjort mots\u00e4ttningen mellan arbete och kapital till det nuvarande samh\u00e4llets best\u00e4mmande drag\u201d.<\/p>\n<p>Redan under Brantings levnad kom dock det socialdemokratiska partiet att i allt h\u00f6gre grad s\u00f6ka samarbete med storkapitalet. Han sj\u00e4lv skyddes allt mer klasskampen, eller \u201dden mullrande \u00e5skan\u201d som han hade f\u00f6r vana att kalla den. Ist\u00e4llet f\u00f6r klasskamp \u2013 med systemskifte som m\u00e5l \u2013 kom under 1920-talet dr\u00f6mmen om den socialistiska visionen att stanna vid utredningar om socialisering och industriell demokrati. D\u00e4refter kom Per-Albin Hansson att med sin folkhemsvision och kohandel med Bondef\u00f6rbundet f\u00f6rvisa den socialistiska tanken bort fr\u00e5n partiets omedelbara praxis. Idag \u00e4r vi ocks\u00e5 fj\u00e4rran fr\u00e5n ett samh\u00e4lle d\u00e4r det stora flertalet \u2013 med Brantings bevingade ord \u2013 kan f\u00f6rverkliga \u201dsina b\u00e4sta st\u00e4mningars l\u00e4ngtan\u201d.<\/p>\n<p><strong>Anders Karlsson<\/strong><\/p>\n<p>&nbsp;<\/p>\n","protected":false},"excerpt":{"rendered":"<p>\u201dFolkhemshistorien \u00e4r v\u00e4lk\u00e4nd och Per-Albin har blivit de flestas landsfader. Brantings politiska g\u00e4rning och gestalt \u00e4r suddigare. Jag har d\u00e4rf\u00f6r velat skildra Brantings historia, den politiska, kulturella och privata.\u201d S\u00e5 motiverar Olle Svenning i f\u00f6rordet till H\u00f6vdingen varf\u00f6r han valt &hellip; <a href=\"http:\/\/www.rodarummet.org\/web\/2014\/12\/23\/socialdemokratins-forste-hovding\/\">Forts\u00e4tt l\u00e4sa <span class=\"meta-nav\">&rarr;<\/span><\/a><\/p>\n","protected":false},"author":1,"featured_media":0,"comment_status":"open","ping_status":"open","sticky":false,"template":"","format":"standard","meta":{"jetpack_post_was_ever_published":false,"_jetpack_newsletter_access":"","_jetpack_dont_email_post_to_subs":false,"_jetpack_newsletter_tier_id":0,"_jetpack_memberships_contains_paywalled_content":false,"_jetpack_memberships_contains_paid_content":false,"footnotes":"","jetpack_publicize_message":"","jetpack_publicize_feature_enabled":true,"jetpack_social_post_already_shared":true,"jetpack_social_options":{"image_generator_settings":{"template":"highway","default_image_id":0,"font":"","enabled":false},"version":2}},"categories":[584,15],"tags":[],"class_list":["post-1418","post","type-post","status-publish","format-standard","hentry","category-socialdemokrati","category-socialism-politik"],"jetpack_publicize_connections":[],"jetpack_featured_media_url":"","jetpack_sharing_enabled":true,"jetpack_shortlink":"https:\/\/wp.me\/pRzA9-mS","_links":{"self":[{"href":"http:\/\/www.rodarummet.org\/web\/wp-json\/wp\/v2\/posts\/1418","targetHints":{"allow":["GET"]}}],"collection":[{"href":"http:\/\/www.rodarummet.org\/web\/wp-json\/wp\/v2\/posts"}],"about":[{"href":"http:\/\/www.rodarummet.org\/web\/wp-json\/wp\/v2\/types\/post"}],"author":[{"embeddable":true,"href":"http:\/\/www.rodarummet.org\/web\/wp-json\/wp\/v2\/users\/1"}],"replies":[{"embeddable":true,"href":"http:\/\/www.rodarummet.org\/web\/wp-json\/wp\/v2\/comments?post=1418"}],"version-history":[{"count":1,"href":"http:\/\/www.rodarummet.org\/web\/wp-json\/wp\/v2\/posts\/1418\/revisions"}],"predecessor-version":[{"id":1420,"href":"http:\/\/www.rodarummet.org\/web\/wp-json\/wp\/v2\/posts\/1418\/revisions\/1420"}],"wp:attachment":[{"href":"http:\/\/www.rodarummet.org\/web\/wp-json\/wp\/v2\/media?parent=1418"}],"wp:term":[{"taxonomy":"category","embeddable":true,"href":"http:\/\/www.rodarummet.org\/web\/wp-json\/wp\/v2\/categories?post=1418"},{"taxonomy":"post_tag","embeddable":true,"href":"http:\/\/www.rodarummet.org\/web\/wp-json\/wp\/v2\/tags?post=1418"}],"curies":[{"name":"wp","href":"https:\/\/api.w.org\/{rel}","templated":true}]}}