{"id":169,"date":"2005-10-12T10:29:11","date_gmt":"2005-10-12T09:29:11","guid":{"rendered":"http:\/\/www.rodarummet.org\/web\/?p=169"},"modified":"2010-08-19T10:39:48","modified_gmt":"2010-08-19T09:39:48","slug":"roda-rummet-1-2004-vagen-vidare","status":"publish","type":"post","link":"http:\/\/www.rodarummet.org\/web\/2005\/10\/12\/roda-rummet-1-2004-vagen-vidare\/","title":{"rendered":"R\u00f6da rummet 1 \/ 2004: V\u00e4gen vidare"},"content":{"rendered":"<p><a href=\"http:\/\/www.rodarummet.org\/arkiv\/rr_1-04.pdf\" target=\"_blank\"><img loading=\"lazy\" decoding=\"async\" class=\"alignleft\" style=\"border: 0pt none; margin: 2px;\" src=\"http:\/\/www.rodarummet.org\/images\/rr1_04.jpg\" border=\"0\" alt=\"\" width=\"150\" height=\"197\" \/><\/a><strong>Det \u00e4r sv\u00e5rt att p\u00e5 rak arm komma p\u00e5 n\u00e5got mer missbrukat, slitet och f\u00f6rvr\u00e4ngt ord \u00e4n \u201ddemokrati\u201d. Det anv\u00e4nds av n\u00e4stan alla politiska och sociala grupper f\u00f6r alla m\u00f6jliga och om\u00f6jliga syften. Men begreppet \u00e4r trots det inte f\u00f6rbrukat. Det finns fortfarande all anledning f\u00f6r radikala r\u00f6relser att ta fajten om dess inneh\u00e5ll.<\/strong><\/p>\n<p>L\u00e4gger man till \u201ddeltagande\u201d framf\u00f6r detta misshandlade ord s\u00e5 \u00f6ppnar sig en viktig diskussion f\u00f6r alla oss som vill en annan v\u00e4rld. Inte minst de erfarenheter som kommer fr\u00e5n Porto Alegre i s\u00f6dra Brasilien , d\u00e4r metoder f\u00f6r en s\u00e5dan deltagande demokrati experimenteras fram, \u00e4r n\u00f6dv\u00e4ndiga f\u00f6r socialister att analysera. Att det nu b\u00f6rjar ges ut b\u00f6cker som v\u00e4rderar erfarenheterna \u00e4r ett stimulerande tecken.<\/p>\n<p>Denna nyligen p\u00e5b\u00f6rjade (\u00e5terstartade om man ser det i den radikala arbetarr\u00f6relsens historiska perspektiv) diskussion har gett flera avtryck i detta nummer av R\u00f6da Rummet. Vad inneb\u00e4r till exempel Sydafrikas \u2013 i historiens ljus, l\u00f6jligt korta \u2013 tid av demokratiskt samh\u00e4llskick? \u00c4r det verkligen demokrati som inf\u00f6rts d\u00e4r?<\/p>\n<p>Artikeln av Linn Hjort och Brian Ramadiro som sk\u00e4rsk\u00e5dar detta pekar inte minst p\u00e5 myriader av problem och begr\u00e4nsningar. Och den problematiserar hur fr\u00e5gan om demokrati \u00e4r kopplad till de sociala klassernas kraftm\u00e4ttning \u2013 till den arbetande folkmajoritetens sv\u00e5ra str\u00e4van efter att n\u00e5 makten f\u00f6r att frig\u00f6ra sig fr\u00e5n det styrande klassherrav\u00e4ldet. Kanske \u00e4r det f\u00f6rst d\u00e5 m\u00f6jligheten till demokrati i ordets bokstavliga bem\u00e4rkelse verkligen frig\u00f6rs.<\/p>\n<p>F\u00f6r socialister \u00e4r denna fr\u00e5ga \u2013 hur en deltagande demokrati ocks\u00e5 ska kunna bli okuvlig och socialt omv\u00e4lvande \u2013 avg\u00f6rande, kanske l\u00e5ngt bortom de ord vi anv\u00e4nder; om vi s\u00e5 kallar det folklig demokrati, folkmakt, arbetarstyre, socialistisk demokrati eller n\u00e5got annat.<\/p>\n<p>Demokratifr\u00e5gan st\u00e4lls ju inte bara som framtidsvision, utan som en uppgift h\u00e4r och nu i de r\u00f6relser som n\u00e4stan alltid i f\u00f6rsta hand riktas mot konkreta f\u00f6rs\u00e4mringar av m\u00e4nniskors vardagsvillkor, men som mitt i vardagen mycket snart st\u00e4ller allt vidare fr\u00e5gor. I dagens v\u00e4rld av sekundsnabba sk\u00e4rmklickningar p\u00e5 Nasdaq-b\u00f6rsen och med nyliberala WTO-reglers v\u00e4rldsomsp\u00e4nnande r\u00e4ckvidd \u00e4r steget mellan v\u00e4rnandet av den lokala v\u00e5rdcentralen och villkoren f\u00f6r v\u00e4rldsekonomin egentligen inte s\u00e5 fj\u00e4rran. Ganska snart inst\u00e4ller sig grubblet om hur det lilla h\u00e4nger ihop med det stora &#8211; och om att en helt annan v\u00e4rld \u00e4r av n\u00f6den.<\/p>\n<p>Och den \u00e4r ocks\u00e5 m\u00f6jlig. Men hur? I v\u00e5rt f\u00f6rra nummer f\u00f6reslog Lars Henriksson i artikeln Att gripa tillf\u00e4llet att en m\u00f6jlig ram f\u00f6r denna lika handfast praktiska som vision\u00e4rt strategiska diskussion skulle kunna vara \u201dfolkr\u00f6relsesamverkan\u201d mellan p\u00e5nyttff\u00f6dda fackf\u00f6reningar och radikala sociala r\u00f6relser. Den tr\u00e5den vill R\u00f6da rummet mer \u00e4n g\u00e4rna hj\u00e4lpa till att tvinna vidare p\u00e5, vi v\u00e4lkomnar er som vill bidra till diskussionen. N\u00e5gra dagar innan denna tidning g\u00e5r i tryck \u00e4r vi med och arrangerar ett offentligt m\u00f6te i G\u00f6teborg just p\u00e5 temat \u201dEn annan v\u00e4rld \u2013 men hur?\u201d, d\u00e4r Lars Henriksson samtalar med Hans Abrahamsson, vars bok Det gyllene tillf\u00e4llet var utg\u00e5ngspunkt f\u00f6r R\u00f6da rummet-artikeln.<\/p>\n<p>Liknande samtal p\u00e5g\u00e5r och kommer att forts\u00e4tta, stimulerade inte minst av Word Social Forum-processen, med f\u00f6rhoppningsvis allt fler deltagare. De sociala forum som i maj h\u00e5lls p\u00e5 flera st\u00e4llen i landet blir viktiga t\u00e4nka- tillsammans-tillf\u00e4llen. Och f\u00f6rhoppningsvis uppst\u00e5r allt fler samtal i vardagen, mitt i steget.<\/p>\n<p>I r\u00f6relse.<\/p>\n<p>\/H\u00e4lsningar redaktionen<\/p>\n<p>Inneh\u00e5ll:<br \/>\nEN L\u00c5NG V\u00c4G TILL INGENSTANS &#8211; tio \u00e5rs demokrati i Sydafrika. Av Brian Ramadiro och Linn Hjort.<br \/>\nGLOBALT BENSINSTOPP &#8211; om sinande oljek\u00e4llor och v\u00e4rldsekonomins framtid. Av Stig Eriksson.<br \/>\nSKALV SOM SL\u00c5R S\u00d6NDER &#8211; om h\u00f6st, heml\u00f6shet och historiens epicentrum. Av H\u00e5kan Blomqvist.<\/p>\n<p>DEBATT:<br \/>\nreplik om imperialismen: P\u00c5 KLASSIKERNAS SKULDROR. Av Ulf Karlstr\u00f6m.<br \/>\nny debatt\u00f6r i segregationsdebatten: VILKET MAKTPERSPEKTIV? Av Babak Rahimi.<\/p>\n<p>RECENSIONER:<br \/>\n&#8221;Deltagande demokrati&#8221;\/America Vera-Zavala. Av Rolf Bergkvist.<br \/>\n&#8221;Reclaim the state -experiments in popular democracy&#8221;\/Hilary Wainwright. Av Cecilia Verdinelli-Peralta. &#8221;Or\u00e4tt&#8221;\/Erik Wijk och &#8221;Lagl\u00f6st land&#8221;\/Janne Flyghed &amp; Magnus H\u00f6rnqvist. Av David Munck<\/p>\n<p>Hela numret som pdf: <a href=\"http:\/\/www.rodarummet.org\/arkiv\/rr_1-04.pdf\" target=\"_blank\">R\u00f6da rummet 1 \/ 2004: V\u00e4gen vidare<\/a><\/p>\n","protected":false},"excerpt":{"rendered":"<p>Det \u00e4r sv\u00e5rt att p\u00e5 rak arm komma p\u00e5 n\u00e5got mer missbrukat, slitet och f\u00f6rvr\u00e4ngt ord \u00e4n \u201ddemokrati\u201d. Det anv\u00e4nds av n\u00e4stan alla politiska och sociala grupper f\u00f6r alla m\u00f6jliga och om\u00f6jliga syften. Men begreppet \u00e4r trots det inte f\u00f6rbrukat. &hellip; <a href=\"http:\/\/www.rodarummet.org\/web\/2005\/10\/12\/roda-rummet-1-2004-vagen-vidare\/\">Forts\u00e4tt l\u00e4sa <span class=\"meta-nav\">&rarr;<\/span><\/a><\/p>\n","protected":false},"author":9,"featured_media":0,"comment_status":"open","ping_status":"open","sticky":false,"template":"","format":"standard","meta":{"jetpack_post_was_ever_published":false,"_jetpack_newsletter_access":"","_jetpack_dont_email_post_to_subs":false,"_jetpack_newsletter_tier_id":0,"_jetpack_memberships_contains_paywalled_content":false,"_jetpack_memberships_contains_paid_content":false,"footnotes":"","jetpack_publicize_message":"","jetpack_publicize_feature_enabled":true,"jetpack_social_post_already_shared":false,"jetpack_social_options":{"image_generator_settings":{"template":"highway","default_image_id":0,"font":"","enabled":false},"version":2}},"categories":[100],"tags":[188,189,191,187,190],"class_list":["post-169","post","type-post","status-publish","format-standard","hentry","category-kara-lasare","tag-deltagande-demokrati","tag-demokrati","tag-hemloshet","tag-oljekris","tag-vagen-vidare"],"jetpack_publicize_connections":[],"jetpack_featured_media_url":"","jetpack_sharing_enabled":true,"jetpack_shortlink":"https:\/\/wp.me\/pRzA9-2J","_links":{"self":[{"href":"http:\/\/www.rodarummet.org\/web\/wp-json\/wp\/v2\/posts\/169","targetHints":{"allow":["GET"]}}],"collection":[{"href":"http:\/\/www.rodarummet.org\/web\/wp-json\/wp\/v2\/posts"}],"about":[{"href":"http:\/\/www.rodarummet.org\/web\/wp-json\/wp\/v2\/types\/post"}],"author":[{"embeddable":true,"href":"http:\/\/www.rodarummet.org\/web\/wp-json\/wp\/v2\/users\/9"}],"replies":[{"embeddable":true,"href":"http:\/\/www.rodarummet.org\/web\/wp-json\/wp\/v2\/comments?post=169"}],"version-history":[{"count":3,"href":"http:\/\/www.rodarummet.org\/web\/wp-json\/wp\/v2\/posts\/169\/revisions"}],"predecessor-version":[{"id":171,"href":"http:\/\/www.rodarummet.org\/web\/wp-json\/wp\/v2\/posts\/169\/revisions\/171"}],"wp:attachment":[{"href":"http:\/\/www.rodarummet.org\/web\/wp-json\/wp\/v2\/media?parent=169"}],"wp:term":[{"taxonomy":"category","embeddable":true,"href":"http:\/\/www.rodarummet.org\/web\/wp-json\/wp\/v2\/categories?post=169"},{"taxonomy":"post_tag","embeddable":true,"href":"http:\/\/www.rodarummet.org\/web\/wp-json\/wp\/v2\/tags?post=169"}],"curies":[{"name":"wp","href":"https:\/\/api.w.org\/{rel}","templated":true}]}}