{"id":1713,"date":"2016-12-30T17:03:51","date_gmt":"2016-12-30T16:03:51","guid":{"rendered":"http:\/\/www.rodarummet.org\/web\/?p=1713"},"modified":"2016-12-30T21:42:34","modified_gmt":"2016-12-30T20:42:34","slug":"1713","status":"publish","type":"post","link":"http:\/\/www.rodarummet.org\/web\/2016\/12\/30\/1713\/","title":{"rendered":""},"content":{"rendered":"<p><span style=\"font-family: Times New Roman,serif;\"><span style=\"font-size: xx-large;\"><b>Vari best\u00e5r det ryska hotet?<\/b><\/span><\/span><\/p>\n<p><strong><span style=\"font-family: Chronicle Text G2;\"><span style=\"font-size: small;\"><span style=\"color: #000000;\"><span style=\"font-family: Times New Roman,serif;\"><span style=\"font-size: large;\"><span lang=\"sv-SE\">I Kungstr\u00e4dg\u00e5rden st\u00e5r som alltid Karl XII med handen riktad mot \u00f6ster. Idag, liksom m\u00e5nga g\u00e5nger tidigare under historiens lopp, pekar makten i Sverige ut det stora landet p\u00e5 andra sidan \u00d6stersj\u00f6n som huvudfienden. Men vad ligger bakom dagens frostiga klimat mellan Stockholm och Moskva? <\/span><\/span><\/span><\/span><\/span><\/span><span style=\"font-family: Chronicle Text G2;\"><span style=\"font-size: small;\"><span style=\"color: #000000;\"><span style=\"font-family: Times New Roman,serif;\"><span style=\"font-size: large;\"><span lang=\"sv-SE\">Erni &amp; Ola Friholt<\/span><\/span><\/span><\/span><\/span><\/span><\/strong><span style=\"font-family: Chronicle Text G2;\"><span style=\"font-size: small;\"><span style=\"color: #000000;\"><span style=\"font-family: Times New Roman,serif;\"><span style=\"font-size: large;\"><span lang=\"sv-SE\"><strong> tecknar sin bild av den r\u00e5dande kalla krigsst\u00e4mningen<\/strong>.<\/span><\/span><\/span><\/span><\/span><\/span><!--more--><\/p>\n<p><span style=\"font-family: FlamaLight;\"><span style=\"font-size: large;\"><span style=\"color: #45494a;\"><span style=\"font-family: Times New Roman,serif;\"><span style=\"font-size: medium;\"><span lang=\"sv-SE\">I<\/span><\/span><\/span><\/span><\/span><\/span><span style=\"font-family: FlamaLight;\"><span style=\"font-size: large;\"><span style=\"color: #000000;\"><span style=\"font-family: Times New Roman,serif;\"><span style=\"font-size: medium;\"><span lang=\"sv-SE\"> Sveriges riksdag sl\u00e5r Allan Widman, Liberalernas f\u00f6rsvarspolitiske talesperson, larm om en f\u00f6rest\u00e5ende rysk invasion. Och Dagens Nyheter hakar p\u00e5 med artiklar om kr\u00e4nkning av luftrummet och farliga flygningar n\u00e4ra den ordinarie trafikrutten. N\u00e4r tv\u00e5 ryska fregatter gick in i \u00d6stersj\u00f6n ans\u00e5gs det allm\u00e4nt i media tyda p\u00e5 en f\u00f6rest\u00e5ende attack fr\u00e5n dessa fregatter, som skulle kunna utrustas med k\u00e4rnvapen. N\u00e5gra veckor tidigare ritades cirklar p\u00e5 kartan med beskrivning av hur l\u00e5ngt ryska k\u00e4rnvapenb\u00e4rande missiler fr\u00e5n Kaliningradenklaven skulle kunna n\u00e5 i Norden och V\u00e4steuropa. <\/span><\/span><\/span><\/span><\/span><\/span><\/p>\n<p lang=\"en-GB\" align=\"left\"><span style=\"color: #000000;\"><span style=\"font-family: Tahoma,sans-serif;\"><span style=\"font-size: medium;\"><span style=\"font-family: FlamaLight;\"><span style=\"font-size: large;\"><span style=\"font-family: Times New Roman,serif;\"><span style=\"font-size: medium;\"><span lang=\"sv-SE\">Samtidigt spekuleras det i hur Putin planerar att attackera Baltikum via Gotland, trots att Ryssland gr\u00e4nsar till de baltiska l\u00e4nderna. V\u00e5r f\u00f6rsvarsminister upprepar sitt p\u00e5st\u00e5ende att Rysslands aktiviteter i Ukraina och annekteringen av Krim visar p\u00e5 Putins planer om anfall mot Sverige. Inte omedelbart, f\u00f6r all del, men inom \u00f6versk\u00e5dlig framtid. S\u00e5 har det l\u00e5tit de senaste \u00e5ren, \u00e4ven f\u00f6re annekteringen av Krim. Den ryska op\u00e5litligheten ses som given och dess p\u00e5g\u00e5ende upprustning fr\u00e5n en milit\u00e4r bottenniv\u00e5 anses visa de aggressiva planer landet hyser.<\/span><\/span><\/span><\/span><\/span><\/span><\/span><\/span><\/p>\n<p lang=\"en-GB\" align=\"left\"><span style=\"color: #000000;\"><span style=\"font-family: Tahoma,sans-serif;\"><span style=\"font-size: medium;\"><span style=\"font-family: FlamaLight;\"><span style=\"font-size: large;\"><span style=\"font-family: Times New Roman,serif;\"><span style=\"font-size: medium;\"><span lang=\"sv-SE\"><b>Historiens<\/b><\/span><\/span><\/span><\/span><\/span> <span style=\"font-family: FlamaLight;\"><span style=\"font-size: large;\"><span style=\"font-family: Times New Roman,serif;\"><span style=\"font-size: medium;\"><span lang=\"sv-SE\"><b>sp\u00e5r<\/b><\/span><\/span><\/span><\/span><\/span><\/span><\/span><\/span><\/p>\n<p lang=\"en-GB\" align=\"left\"><span style=\"color: #000000;\"><span style=\"font-family: Tahoma,sans-serif;\"><span style=\"font-size: medium;\"><span style=\"font-family: FlamaLight;\"><span style=\"font-size: large;\"><span style=\"font-family: Times New Roman,serif;\"><span style=\"font-size: medium;\"><span lang=\"sv-SE\">Men det finns \u00e4ldre och djupare traditioner i Rysslands f\u00f6rh\u00e5llande till Sverige. N\u00e4r det f\u00f6rsta ryska riket med Kiev som centrum slets s\u00f6nder av oenighet kallade man in d\u00e5dkraftiga och p\u00e5litliga nordm\u00e4n fr\u00e5n Roslagen, ruser eller varjager.. Mest k\u00e4nd av ruserna \u00e4r Rurik, som grundade en rysk h\u00e4rskardynasti 862, vilken varade till 1598. <\/span><\/span><\/span><\/span><\/span><\/span><\/span><\/span><\/p>\n<p lang=\"en-GB\" align=\"left\"><span style=\"color: #000000;\"><span style=\"font-family: Tahoma,sans-serif;\"><span style=\"font-size: medium;\"><span style=\"font-family: FlamaLight;\"><span style=\"font-size: large;\"><span style=\"font-family: Times New Roman,serif;\"><span style=\"font-size: medium;\"><span lang=\"sv-SE\">Gr\u00e4nsen mellan Svenska och Ryska riket fastst\u00e4lldes i N\u00f6teborg, Karelen 1323. Den gr\u00e4nsen ifr\u00e5gasattes av svenskarna i \u00e5rhundraden. Sverige utgjorde d\u00e4rmed ett konstant hot mot Ryssland. Sedan Ivan IV, den f\u00f6rskr\u00e4cklige, tr\u00e4ngt tillbaka mongolernas invasion \u00e5r 1552 betraktades emellertid det ortodoxa Ryssland av det annorledes kristna Europa som ett viktigt b\u00e5lverk mot \u00f6sterns vilda horder.<\/span><\/span><\/span><\/span><\/span><\/span><\/span><\/span><\/p>\n<p lang=\"en-GB\" align=\"left\"><span style=\"color: #000000;\"><span style=\"font-family: Tahoma,sans-serif;\"><span style=\"font-size: medium;\"><span style=\"font-family: FlamaLight;\"><span style=\"font-size: large;\"><span style=\"font-family: Times New Roman,serif;\"><span style=\"font-size: medium;\"><span lang=\"sv-SE\">Birger Jarl hade er\u00f6vrat Finland p\u00e5 1260-talet, och svenska kungar str\u00e4vade att g\u00f6ra \u00d6stersj\u00f6n till Sveriges innanhav, ett \u201dmare nostrum\u201d, efter romersk f\u00f6rebild. Detta ledde till de st\u00e4ndiga krigen med Ryssland. I den \u00e4n idag levande ryska hj\u00e4ltehistorien framst\u00e5r bland annat Peter den stores seger \u00f6ver Karl XIIs invasion som en av h\u00f6jdpunkterna i kampen. <a href=\"http:\/\/www.rodarummet.org\/web\/wp-content\/uploads\/2016\/12\/1Victory_at_Narva.jpg\" rel=\"attachment wp-att-1714\"><img loading=\"lazy\" decoding=\"async\" class=\"alignleft  wp-image-1714\" src=\"http:\/\/www.rodarummet.org\/web\/wp-content\/uploads\/2016\/12\/1Victory_at_Narva-300x221.jpg\" alt=\"1victory_at_narva\" width=\"364\" height=\"268\" srcset=\"http:\/\/www.rodarummet.org\/web\/wp-content\/uploads\/2016\/12\/1Victory_at_Narva-300x221.jpg 300w, http:\/\/www.rodarummet.org\/web\/wp-content\/uploads\/2016\/12\/1Victory_at_Narva.jpg 680w\" sizes=\"auto, (max-width: 364px) 100vw, 364px\" \/><\/a>Samtidigt etablerade svenska k\u00f6pm\u00e4n och entrepren\u00f6rer best\u00e5ende samarbete med det ryska n\u00e4ringslivet. P\u00e4lsverk och r\u00e5varor som tr\u00e4, tj\u00e4ra, lin, hampa och j\u00e4rnmalm lockade till handel och har numera ersatts av olja, naturgas och till exempel svenska mj\u00f6lkprodukter. Ryska h\u00e4rskare har haft en obruten str\u00e4van att inf\u00f6rliva landet ekonomiskt och kulturellt med V\u00e4steuropa, som fullv\u00e4rdig medlem av \u201dden civiliserade v\u00e4rlden\u201d, och har l\u00e5nat samh\u00e4llsmodeller fr\u00e5n v\u00e4st, till exempel inom stadsplaneringen. Peter den store flyttade till och med huvudstaden till St Petersburg vid Finska viken. F\u00f6r sin beundran av V\u00e4st fick Ryssland dock bara f\u00f6raktfulla svar. V\u00e5ra f\u00f6rest\u00e4llningar om Ryssland bygger \u00e4n idag p\u00e5 att vi ser v\u00e5rt eget samh\u00e4lle som ett ideal. Ryssland beh\u00f6ver \u201dmoderniseras\u201d, ta efter. <a href=\"http:\/\/www.rodarummet.org\/web\/wp-content\/uploads\/2016\/12\/IMG_3626.jpg\" rel=\"attachment wp-att-1717\"><img loading=\"lazy\" decoding=\"async\" class=\"alignleft size-medium wp-image-1717\" src=\"http:\/\/www.rodarummet.org\/web\/wp-content\/uploads\/2016\/12\/IMG_3626-300x225.jpg\" alt=\"img_3626\" width=\"300\" height=\"225\" srcset=\"http:\/\/www.rodarummet.org\/web\/wp-content\/uploads\/2016\/12\/IMG_3626-300x225.jpg 300w, http:\/\/www.rodarummet.org\/web\/wp-content\/uploads\/2016\/12\/IMG_3626-768x576.jpg 768w, http:\/\/www.rodarummet.org\/web\/wp-content\/uploads\/2016\/12\/IMG_3626-1024x768.jpg 1024w, http:\/\/www.rodarummet.org\/web\/wp-content\/uploads\/2016\/12\/IMG_3626.jpg 1600w\" sizes=\"auto, (max-width: 300px) 100vw, 300px\" \/><\/a><\/span><\/span><\/span><\/span><\/span><\/span><\/span><\/span><\/p>\n<p lang=\"en-GB\" align=\"left\"><span style=\"color: #000000;\"><span style=\"font-family: Tahoma,sans-serif;\"><span style=\"font-size: medium;\"><span style=\"font-family: FlamaLight;\"><span style=\"font-size: large;\"><span style=\"font-family: Times New Roman,serif;\"><span style=\"font-size: medium;\"><span lang=\"sv-SE\">I sin bok \u201dRyssland en europeisk civilisationshistoria\u201d p\u00e5pekar professor Kristian Gerner att Ryssland i ett globalt perspektiv \u00e4r en del av v\u00e4st och utg\u00f6r den ena sidan av en gemensam civilisation, en gemenskap i form av motpoler. Och han konstaterar: \u201dRyssland har upprepade g\u00e5nger utsatts f\u00f6r karakt\u00e4rsmord. Uppfattningen om Ryssland som ett misslyckat projekt har l\u00e4mnat sp\u00e5r i det allm\u00e4nna medvetandet i ett land som Sverige.\u201d<\/span><\/span><\/span><\/span><\/span><\/span><\/span><\/span><\/p>\n<p lang=\"en-GB\" align=\"left\"><span style=\"color: #000000;\"><span style=\"font-family: Tahoma,sans-serif;\"><span style=\"font-size: medium;\"><span style=\"font-family: FlamaLight;\"><span style=\"font-size: large;\"><span style=\"font-family: Times New Roman,serif;\"><span style=\"font-size: medium;\"><span lang=\"sv-SE\">Till och med Karl Marx framst\u00e4llde Ryssland som en l\u00e5ng orgie i asiatiskt barbari. Och diplomatin arbetade med att bef\u00e4sta detta, d\u00e5 som nu!<\/span><\/span><\/span><\/span><\/span><\/span><\/span><\/span><\/p>\n<p lang=\"en-GB\" align=\"left\"><span style=\"color: #000000;\"><span style=\"font-family: Tahoma,sans-serif;\"><span style=\"font-size: medium;\"><span style=\"font-family: FlamaLight;\"><span style=\"font-size: large;\"><span style=\"font-family: Times New Roman,serif;\"><span style=\"font-size: medium;\"><span lang=\"sv-SE\">Ryssland har utvidgats norrut, s\u00f6derut och \u00f6sterut \u00e4nda till Stilla Havet och omfattade en tid \u00e4ven Alaska, som s\u00e5ldes till USA 1841. Expansionen kan j\u00e4mf\u00f6ras med Sveriges expansion mot sydv\u00e4st, p\u00e5 Danmarks bekostnad, mot norr och \u00f6ster, d\u00e4r ocks\u00e5 intressekonflikter uppstod. Detta \u00e4r ett alleuropeiskt kolonialt m\u00f6nster, d\u00e4r V\u00e4steuropa expanderade \u00f6ver haven. USAs expansion i Mississippiomr\u00e5det och Klippiga bergen \u00e4r en direkt parallell till rysk expansion \u00f6sterut med nybyggare, vilken dock skedde utan folkmord och organiserad slavhandel. <\/span><\/span><\/span><\/span><\/span><\/span><\/span><\/span><\/p>\n<p lang=\"en-GB\" align=\"left\"><span style=\"color: #000000;\"><span style=\"font-family: Tahoma,sans-serif;\"><span style=\"font-size: medium;\"><span style=\"font-family: FlamaLight;\"><span style=\"font-size: large;\"><span style=\"font-family: Times New Roman,serif;\"><span style=\"font-size: medium;\"><span lang=\"sv-SE\"><b>Sovjetstaten<\/b><\/span><\/span><\/span><\/span><\/span><\/span><\/span><\/span><\/p>\n<p lang=\"en-GB\" align=\"left\"><span style=\"color: #000000;\"><span style=\"font-family: Tahoma,sans-serif;\"><span style=\"font-size: medium;\"><span style=\"font-family: FlamaLight;\"><span style=\"font-size: large;\"><span style=\"font-family: Times New Roman,serif;\"><span style=\"font-size: medium;\"><span lang=\"sv-SE\">Efter bolsjevikernas revolution genomf\u00f6rde Sovjetstaten en snabb, tv\u00e5ngsm\u00e4ssig, f\u00f6rtryckande modernisering och industrialisering av tsarernas fattighus. Landvinningarna var enorma, men politisk och personlig frihet avskaffades. Det inledande inb\u00f6rdeskriget \u2013 med v\u00e4stlig inblandning &#8211; f\u00f6ljdes av Stalins tjugofem \u00e5r av terror. Hitlers invasion kostade enorma offer, men Sovjetunionen avgjorde andra v\u00e4rldskriget. Detta f\u00f6rnekas allm\u00e4nt i V\u00e4st d\u00e4r USAs insats f\u00f6rh\u00e4rligas. Den kapitalistiska v\u00e4rlden har aldrig erk\u00e4nt att Sovjetsystemet uppstod som ett efterl\u00e4ngtat alternativ, vilket dock tyv\u00e4rr gick mycket snett. F\u00f6r dess milit\u00e4ra ingripanden i Ungern, Tjeckoslovakien och Afghanistan betecknades Sovjetstaten som \u201dondskans imperium\u201d. Och med p\u00e5tvingad kapprustning som enda utv\u00e4g bef\u00e4stes Sovjetunionen och numera Ryssland i v\u00e4stpropagandan som en expansiv och hotfull stat. Ryssland har f\u00f6rvisso aldrig haft demokrati. Sj\u00e4lvbilden i v\u00e4st som en \u00f6verl\u00e4gsen civilisation gjorde v\u00e4stmakters propaganda till en sj\u00e4lvklar och odiskutabel sanning, som \u00e4nnu styr t\u00e4nkandet om andra folk. Fr\u00e5n tjogtals v\u00e4stliga milit\u00e4ra ingripanden, blodiga kolonialkrig och invasioner drogs inga liknande slutsatser.<\/span><\/span><\/span><\/span><\/span><\/span><\/span><\/span><\/p>\n<p lang=\"en-GB\" align=\"left\"><span style=\"color: #000000;\"><span style=\"font-family: Tahoma,sans-serif;\"><span style=\"font-size: medium;\"><span style=\"font-family: FlamaLight;\"><span style=\"font-size: large;\"><span style=\"font-family: Times New Roman,serif;\"><span style=\"font-size: medium;\"><span lang=\"sv-SE\">\u00c4ven idag bortser vi i V\u00e4st fr\u00e5n det faktum att Ryssland har en tusen\u00e5rig historia och omfattar ett hundratal folk med egna modersm\u00e5l, en religi\u00f6s m\u00e5ngfald med shamanism, buddhism, islam, judendom, kristen ortodoxi, katolicism och protestantism. Den svenska riksdagen och regeringen ser bara Jeltsin, Putin och Medvedev och de str\u00e4vanden vi p\u00e5dyvlar dem i processen att \u00e5terorganisera landet efter Sovjets sammanbrott f\u00f6r 26 \u00e5r sedan. Auktorit\u00e4ra strukturer \u00e5terkommer. Demokratin \u00e4r av historiska sk\u00e4l rudiment\u00e4r. Men borta ur svenska politikers medvetande \u00e4r de stora ryska f\u00f6rfattarnas, konstn\u00e4rernas, komposit\u00f6rernas och de politiska t\u00e4nkarnas betydelse f\u00f6r dagens ryssar och \u00e4ven f\u00f6r v\u00e4steurop\u00e9erna, som \u00e4nd\u00e5 har inf\u00f6rlivat hundratals \u00e5r av ryskt kulturinflytande. Ingen bet\u00e4nker att Ryssland har avv\u00e4rjt den ena stora invasionen fr\u00e5n v\u00e4st efter den andra, i senare tid Karl XIIs, Napoleons och Hitlers, medan Ryssland gjort n\u00e5gra begr\u00e4nsade strandhugg i Sverige och tog v\u00e5r koloni Finland 1809. <\/span><\/span><\/span><\/span><\/span><\/span><\/span><\/span><\/p>\n<p lang=\"en-GB\" align=\"left\"><span style=\"color: #000000;\"><span style=\"font-family: Tahoma,sans-serif;\"><span style=\"font-size: medium;\"><span style=\"font-family: FlamaLight;\"><span style=\"font-size: large;\"><span style=\"font-family: Times New Roman,serif;\"><span style=\"font-size: medium;\"><span lang=\"sv-SE\">Sv\u00e5righeten att luckra upp denna historiska, och n\u00e4rmast statssanktionerade, misstro blev uppenbar f\u00f6r oss sommaren 1982, d\u00e5 vi tillsammans med drygt hundra personer fr\u00e5n Norden, mest kvinnor, gjorde en fredsmarsch till Moskva och Minsk. Den senare staden kallades i \u00d6st f\u00f6r Sovjets Hiroshima, sedan den j\u00e4mnats med marken av Hitlers arm\u00e9. Ryssland har idag 146 miljoner inv\u00e5nare, efter att n\u00f6den p\u00e5 1990-talet f\u00e5tt befolkningen att minska kraftigt. Men redan p\u00e5 1980-talet var landet glesbefolkat. Vi f\u00f6rflyttade oss d\u00e4rf\u00f6r med t\u00e5g de l\u00e5nga str\u00e4ckorna mellan Viborg, Leningrad, Katyn, Smolensk, Moskva, Zagorsk och Minsk. Dessutom en f\u00e4rd med \u00e5ngb\u00e5t p\u00e5 kanalerna kring Moskva. \u00d6verallt mottogs vi av flera hundra entusiastiska m\u00e4nniskor, som oftast f\u00e5tt n\u00e5gra timmar ledigt fr\u00e5n jobbet f\u00f6r att m\u00f6ta oss. Vi bes\u00f6kte krigskyrkog\u00e5rden utanf\u00f6r Leningrad d\u00e4r 600 000 offer f\u00f6r utsv\u00e4ltningen under den tyska bel\u00e4gringen lagts direkt i den frusna jorden. I Zagorsk bevistade vi pr\u00e4stseminariets ortodoxa gudstj\u00e4nst: m\u00f6ten, musik, dans, spontana samtal med ryssar, picnic i det gr\u00f6na, debatt i Katyn om massakern d\u00e4r 4000 polska officerare m\u00f6rdades under v\u00e4rldskriget. Dessa aktiviteter \u00e4r axplock fr\u00e5n de tv\u00e5 veckorna som bakgrund till fr\u00e5gorna fr\u00e5n SVTs journalister: \u201dM\u00e4rkte ni att marschv\u00e4gen var \u00e4ndrad?\u201d \u201dS\u00e5g ni att KGB-folk satt med i diskussionerna?\u201d Dagens Nyheter rapporterade att vi m\u00f6ttes av hundratals \u201dutkommenderade\u201d sovjetmedborgare. \u00d6verhuvudtaget borts\u00e5g alla mediekanaler fr\u00e5n att vi gjort marschen f\u00f6r att knyta bekantskap med enskilda personer och d\u00e4rigenom kanske utveckla best\u00e5ende kontakter \u00f6ver kalla krigets iskyla. Flera initiativ till folkligt utbyte togs, bland annat i Marks kommun. Men nej, mediebilden av sovjetiskt hot var viktigare f\u00f6r dem som kontrollerade opinionen i Sverige \u2013 d\u00e5 som nu.<\/span><\/span><\/span><\/span><\/span><\/span><\/span><\/span><\/p>\n<p lang=\"en-GB\" align=\"left\"><span style=\"color: #000000;\"><span style=\"font-family: Tahoma,sans-serif;\"><span style=\"font-size: medium;\"><span style=\"font-family: FlamaLight;\"><span style=\"font-size: large;\"><span style=\"font-family: Times New Roman,serif;\"><span style=\"font-size: medium;\"><span lang=\"sv-SE\"><b>\u00c5ter till kallt krig<\/b><\/span><\/span><\/span><\/span><\/span><\/span><\/span><\/span><\/p>\n<p lang=\"en-GB\" align=\"left\"><span style=\"color: #000000;\"><span style=\"font-family: Tahoma,sans-serif;\"><span style=\"font-size: medium;\"><span style=\"font-family: FlamaLight;\"><span style=\"font-size: large;\"><span style=\"font-family: Times New Roman,serif;\"><span style=\"font-size: medium;\"><span lang=\"sv-SE\">Det vore h\u00f6gst oegentligt att endast betona \u00f6msesidiga expansionsstr\u00e4vanden och kulturellt, tekniskt och aff\u00e4rsm\u00e4ssigt utbyte i det f\u00f6rg\u00e5ngna som bakgrund till det \u00e5teruppv\u00e4ckta kalla kriget. Dagens l\u00e4ge har uppkommit ur dagens behov, vilka inte alls tycks balanseras av sekler av uppbyggd gemenskap och \u00f6msesidighet. Och dagens behov \u00e4r att till varje pris av m\u00e4nniskoliv och f\u00f6rst\u00f6relse f\u00f6rvalta kapital till de besuttnas f\u00f6rm\u00e5n. Vapenindustrin f\u00f6ruts\u00e4tter vapenexport och krig som f\u00f6rbrukar vapen. USAs presidenter omger sig med vapenindustrins r\u00e5dgivare och, i fallet George W Bush, med ministrar direkt fr\u00e5n denna industri under st\u00e4ndigt fortsatta krig. <\/span><\/span><\/span><\/span><\/span><\/span><\/span><\/span><\/p>\n<p lang=\"en-GB\" align=\"left\"><span style=\"color: #000000;\"><span style=\"font-family: Tahoma,sans-serif;\"><span style=\"font-size: medium;\"><span style=\"font-family: FlamaLight;\"><span style=\"font-size: large;\"><span style=\"font-family: Times New Roman,serif;\"><span style=\"font-size: medium;\"><span lang=\"sv-SE\"><a href=\"http:\/\/www.rodarummet.org\/web\/wp-content\/uploads\/2016\/12\/IMG_3655.jpg\" rel=\"attachment wp-att-1716\"><img loading=\"lazy\" decoding=\"async\" class=\"alignleft size-medium wp-image-1716\" src=\"http:\/\/www.rodarummet.org\/web\/wp-content\/uploads\/2016\/12\/IMG_3655-300x225.jpg\" alt=\"img_3655\" width=\"300\" height=\"225\" srcset=\"http:\/\/www.rodarummet.org\/web\/wp-content\/uploads\/2016\/12\/IMG_3655-300x225.jpg 300w, http:\/\/www.rodarummet.org\/web\/wp-content\/uploads\/2016\/12\/IMG_3655-768x576.jpg 768w, http:\/\/www.rodarummet.org\/web\/wp-content\/uploads\/2016\/12\/IMG_3655-1024x768.jpg 1024w, http:\/\/www.rodarummet.org\/web\/wp-content\/uploads\/2016\/12\/IMG_3655.jpg 1600w\" sizes=\"auto, (max-width: 300px) 100vw, 300px\" \/><\/a>Men det g\u00e4ller ocks\u00e5 att administrera handels- och spekulationskapitalet i allm\u00e4nhet. N\u00e4r traditionella kolonier exploaterats in p\u00e5 bara benen kr\u00e4ver expansionen, tillv\u00e4xten, nya omr\u00e5den. De oj\u00e4mf\u00f6rligt st\u00f6rsta jungfruliga resurserna finns i Sibirien samt p\u00e5 dess kontinentalsockel i det alltmer isfria ishavet. Uppladdningen mot Ryssland startade omedelbart efter Sovjets fredliga uppl\u00f6sning. R\u00e5dgivare fr\u00e5n Sverige bidrog till privatiseringen av statens egendom och f\u00f6retag. Lagl\u00f6st kaos br\u00f6t ut, oligarkerna f\u00f6ddes, arbetsl\u00f6shet och fattigdom bredde ut sig, sjuka och f\u00f6rtvivlade m\u00e4nniskor dukade under. Befolkningen minskade till 146 miljoner. Allt s\u00e5g ut att falla v\u00e4stliga kapitalister i h\u00e4nderna.<\/span><\/span><\/span><\/span><\/span><\/span><\/span><\/span><\/p>\n<p lang=\"en-GB\" align=\"left\"><span style=\"color: #000000;\"><span style=\"font-family: Tahoma,sans-serif;\"><span style=\"font-size: medium;\"><span style=\"font-family: FlamaLight;\"><span style=\"font-size: large;\"><span style=\"font-family: Times New Roman,serif;\"><span style=\"font-size: medium;\"><span lang=\"sv-SE\">Nato flyttade stegvis fram sina positioner sedan Warszawapakten fallit samman samtidigt med hela det planekonomiska systemet. Vid Tysklands \u00e5terf\u00f6rening hade v\u00e4stpolitiker och Natoledare f\u00f6rs\u00e4krat att Nato skulle n\u00f6ja sig med att inf\u00f6rliva \u00d6sttyskland. Ryktet f\u00f6rm\u00e4ler att l\u00f6ftena gavs muntligen till Gorbatjov, vilket f\u00f6rnekas idag. Jeltsin medgav 1997 att Nato kunde inf\u00f6rliva ocks\u00e5 Polen, Tjeckien och Ungern, men inte fick komma n\u00e4rmare Rysslands gr\u00e4nser \u00e4n de baser som redan fanns. Detta gavs skriftlig bekr\u00e4ftelse. Sammantaget har USA\/Nato l\u00e5gt r\u00e4knat 700 milit\u00e4rbaser i \u00f6ver 100 l\u00e4nder. <\/span><\/span><\/span><\/span><\/span><\/span><\/span><\/span><\/p>\n<p lang=\"en-GB\" align=\"left\"><span style=\"color: #000000;\"><span style=\"font-family: Tahoma,sans-serif;\"><span style=\"font-size: medium;\"><span style=\"font-family: FlamaLight;\"><span style=\"font-size: large;\"><span style=\"font-family: Times New Roman,serif;\"><span style=\"font-size: medium;\"><span lang=\"sv-SE\">Sveriges regering ansl\u00f6t 1994 landet till \u201dPartnerskap f\u00f6r fred\u201d, vilket inneb\u00e4r gemensamma milit\u00e4r\u00f6vningar och anpassning av kommunikationer, information, hotbilder och vapensystem. \u00d6vningarna riktas utan undantag mot det p\u00e5st\u00e5dda ryska hotet mot \u201ds\u00e4kerheten\u201d i \u00d6stersj\u00f6omr\u00e5det. <\/span><\/span><\/span><\/span><\/span><\/span><\/span><\/span><\/p>\n<p lang=\"en-GB\" align=\"left\"><span style=\"color: #000000;\"><span style=\"font-family: Tahoma,sans-serif;\"><span style=\"font-size: medium;\"><span style=\"font-family: FlamaLight;\"><span style=\"font-size: large;\"><span style=\"font-family: Times New Roman,serif;\"><span style=\"font-size: medium;\"><span lang=\"sv-SE\">Avtalet med Jeltsin har Nato brutit med h\u00e4nvisning till att l\u00e4nder s\u00e4rskilt beg\u00e4rt att bli Natomedlemmar: Estland, Lettland, Litauen, Slovakien, Kroatien, Rum\u00e4nien, Bulgarien samt n\u00e4rmanden till Georgien och Ukraina. Inf\u00f6r risken att ryska flottan i den hyrda basen i Sevastopol p\u00e5 Krim skulle hamna i ett Natoland, ockuperade Ryssland Krimhalv\u00f6n under fredliga former (en person d\u00f6dad). Krim och Ukraina ingick tidigare i Sovjetunionen, och ukrainaren Chrustjov \u00f6verl\u00e4mnade 1954 med en d\u00e5 betydelsel\u00f6s gest Krim till d\u00e5varande Sovjetrepubliken Ukraina. I en folkomr\u00f6stning under ockupationen 2014 r\u00f6stade 90 procent av Krims inv\u00e5nare f\u00f6r anslutning till Ryssland, vilket ocks\u00e5 skedde. Det \u00e4r dessa h\u00e4ndelser som nu anses visa att Putin planerar att anfalla Sverige och Baltikum. Det f\u00f6ljande tumultet i Ukraina ledde i september 2014 fram till \u201dMinskprotokollet\u201d, p\u00e5 ryskt initiativ framf\u00f6rhandlat av Frankrikes president Francois Hollande och Tysklands f\u00f6rbundskansler Angela Merkel och upprepat i \u201dMemorandum\u201d tv\u00e5 veckor senare. D\u00e4r stadgades om vapenstillest\u00e5nd och utarbetande av ny f\u00f6rfattning med stort sj\u00e4lvstyre f\u00f6r de \u00f6stra provinserna att verkst\u00e4llas f\u00f6re \u00e5rets slut. Regimen i Kiev br\u00f6t mot samtliga punkter. Av v\u00e4st lades skulden fortsatt p\u00e5 Ryssland, trots att landet \u00e5stadkom \u00e4nnu ett \u201dMemorandum\u201d i februari 2015 med samma franska och tyska f\u00f6rhandlare, och med \u00e4nnu st\u00f6rre sj\u00e4lvbest\u00e4mmande i \u00f6stra Ukraina. Detta memorandum antogs ocks\u00e5 som resolution i FNs s\u00e4kerhetsr\u00e5d, men br\u00f6ts omg\u00e5ende av Kievregimen, varefter v\u00e4st f\u00f6rd\u00f6mde Ryssland! Och trots att OSSE-\u00f6vervakarna inte kunnat rapportera om n\u00e5gon rysk trupp inom Ukraina, h\u00e4vdas rutinm\u00e4ssigt motsatsen i v\u00e4st. \u00c4nnu i november 2016 rapporterar SVTs journalist i Kiev att man forts\u00e4tter <\/span><\/span><\/span><\/span><\/span><span style=\"font-family: FlamaLight;\"><span style=\"font-size: large;\"><span style=\"font-family: Times New Roman,serif;\"><span style=\"font-size: medium;\"><span lang=\"sv-SE\"><i>kriget mot ryssarna<\/i><\/span><\/span><\/span><\/span><\/span><span style=\"font-family: FlamaLight;\"><span style=\"font-size: large;\"><span style=\"font-family: Times New Roman,serif;\"><span style=\"font-size: medium;\"><span lang=\"sv-SE\"> i \u00f6stra Ukraina P\u00e5 s\u00e5dana grunder agerar Sveriges riksdag.<\/span><\/span><\/span><\/span><\/span><\/span><\/span><\/span><\/p>\n<p lang=\"en-GB\" align=\"left\"><span style=\"color: #000000;\"><span style=\"font-family: Tahoma,sans-serif;\"><span style=\"font-size: medium;\"><span style=\"font-family: FlamaLight;\"><span style=\"font-size: large;\"><span style=\"font-family: Times New Roman,serif;\"><span style=\"font-size: medium;\"><span lang=\"sv-SE\"><b>Fortsatt svensk Natoanpassning <\/b><\/span><\/span><\/span><\/span><\/span><\/span><\/span><\/span><\/p>\n<p lang=\"en-GB\" align=\"left\"><span style=\"color: #000000;\"><span style=\"font-family: Tahoma,sans-serif;\"><span style=\"font-size: medium;\"><span style=\"font-family: FlamaLight;\"><span style=\"font-size: large;\"><span style=\"font-family: Times New Roman,serif;\"><span style=\"font-size: medium;\"><span lang=\"sv-SE\">P\u00e5 f\u00f6rslag fr\u00e5n Nato har Sverige fr\u00e5n 2006 anordnat flyg- och flottman\u00f6vrer runt \u00f6stkusten och p\u00e5 Nordkalotten. \u00c5terkommande genomf\u00f6rs under Partnership for Peace flygman\u00f6vrerna Cold Response och emellan\u00e5t Loyal Arrow och Arctic Challenge Exercise, med centrum i Vidsel och med bort\u00e5t en tredjedel av Sveriges luftrum som \u00f6vningsomr\u00e5de. Samernas forna betesmarker bombas och beskjuts. I slutet av 2016 f\u00f6rbereddes f\u00f6r man\u00f6vern \u201dAurora\u201d. P\u00e5 flera flygf\u00e4lt \u00e4nda ner till Arlanda byggs f\u00f6rl\u00e4ngda start- och landningsbanor f\u00f6r att anpassas till Natos stridskrafter. Sedan 2015 har f\u00f6rberedelser f\u00f6r n\u00e4sta Natoetablering genomf\u00f6rts i Sverige. Med V\u00e4rdlandsavtalet f\u00f6ljer att Natotrupp (l\u00e4s USA-trupp) stationeras i landet n\u00e4r en svensk regering anser det n\u00f6dv\u00e4ndigt. Liksom i \u00f6vriga v\u00e4rlden har dessutom USA-soldater \u00e5talsfrihet f\u00f6r brott beg\u00e5ngna i Sverige. V\u00e4rdlandsavtalet kan vid behov i hemlighet \u00e4ndras av milit\u00e4rbef\u00e4lhavarna. Inget uttalat hinder finns att stationera Natos k\u00e4rnvapen i Sverige. Ishavets betydelse f\u00f6r r\u00e5varukappl\u00f6pningen passar v\u00e4l in med koncentrationen av milit\u00e4r\u00f6vningar p\u00e5 Nordkalotten och Norges Natobaser i Bod\u00f6 och p\u00e5 Vard\u00f6, n\u00e4ra Ryssland.<\/span><\/span><\/span><\/span><\/span><\/span><\/span><\/span><\/p>\n<p lang=\"en-GB\" align=\"left\"><a href=\"http:\/\/www.rodarummet.org\/web\/wp-content\/uploads\/2016\/12\/norway-cold-responsejpg.jpg\" rel=\"attachment wp-att-1715\"><img loading=\"lazy\" decoding=\"async\" class=\"alignleft size-large wp-image-1715\" src=\"http:\/\/www.rodarummet.org\/web\/wp-content\/uploads\/2016\/12\/norway-cold-responsejpg-1024x507.jpg\" alt=\"norway-cold-responsejpg\" width=\"640\" height=\"317\" srcset=\"http:\/\/www.rodarummet.org\/web\/wp-content\/uploads\/2016\/12\/norway-cold-responsejpg-1024x507.jpg 1024w, http:\/\/www.rodarummet.org\/web\/wp-content\/uploads\/2016\/12\/norway-cold-responsejpg-300x148.jpg 300w, http:\/\/www.rodarummet.org\/web\/wp-content\/uploads\/2016\/12\/norway-cold-responsejpg-768x380.jpg 768w, http:\/\/www.rodarummet.org\/web\/wp-content\/uploads\/2016\/12\/norway-cold-responsejpg.jpg 1504w\" sizes=\"auto, (max-width: 640px) 100vw, 640px\" \/><\/a><\/p>\n<p lang=\"en-GB\" align=\"left\"><span style=\"color: #000000;\"><span style=\"font-family: Tahoma,sans-serif;\"><span style=\"font-size: medium;\"><span style=\"font-family: FlamaLight;\"><span style=\"font-size: large;\"><span style=\"font-family: Times New Roman,serif;\"><span style=\"font-size: medium;\"><span lang=\"sv-SE\">Krigf\u00f6ring med f\u00f6rarl\u00f6sa dr\u00f6nare, flyg och \u00f6vriga stridskrafter kr\u00e4ver satellitkommunikation. Esrange n\u00e4ra Kiruna \u00e4r en av v\u00e4rldens st\u00f6rsta nedladdningsstationer f\u00f6r satellitdata. Den ligger inom Europas st\u00f6rsta flygtr\u00e4ningsomr\u00e5de, North European Aerospace Testrange (NEAT), d\u00e4r EUs dr\u00f6nare \u201dNeuron\u201d testas. Avlyssningsstationerna i Lerkil i Halland och p\u00e5 Lov\u00f6n i M\u00e4laren h\u00f6r till v\u00e4rldens mest kraftfulla och ing\u00e5r i det milit\u00e4ra systemet. Fr\u00e5n 2013 bidrar Sverige med \u00e5tta Gripenplan och piloter till Natos insatsstyrka (Nato Response Force Pool), som har 48 timmars beredskap. Sverige har \u201dguldstatus\u201d i Natos Partnerskap f\u00f6r Fred och \u00f6verv\u00e4ger att vid slutet av 2016 enrollera sig i Natos \u201dinformationscentrum\u201d i Lettland.<\/span><\/span><\/span><\/span><\/span><\/span><\/span><\/span><\/p>\n<p lang=\"en-GB\" align=\"left\"><span style=\"color: #000000;\"><span style=\"font-family: Tahoma,sans-serif;\"><span style=\"font-size: medium;\"><span style=\"font-family: FlamaLight;\"><span style=\"font-size: large;\"><span style=\"font-family: Times New Roman,serif;\"><span style=\"font-size: medium;\"><span lang=\"sv-SE\">Det p\u00e5st\u00e5dda hotet fr\u00e5n Ryssland motiverar alla dessa \u00e5tg\u00e4rder, samtidigt som Natol\u00e4ndernas samlade budget storleksm\u00e4ssigt utg\u00f6r 60 procent av v\u00e4rldens totala milit\u00e4rutgifter, medan Rysslands s\u00e5 hotfulla milit\u00e4rbudget utg\u00f6r fem procent av dessa utgifter, en tolftedel av Natos, en sj\u00e4ttedel av USAs, mindre \u00e4n Kinas och n\u00e5got st\u00f6rre \u00e4n Saudiarabiens, Frankrikes eller Englands, var f\u00f6r sig. Samtidigt framst\u00e4lls Ryssland som den som har initiativet i kapprustningen. Det \u00e4r sannolikt att det st\u00e4ndiga talet om det ryska hotet bottnar i en str\u00e4van att provocera Ryssland till aggressiva markeringar. Talet om rysk op\u00e5litlighet l\u00f6per nu alltf\u00f6r l\u00e4tt och oemotsagt. Ingen vet var detta slutar. Rysslands milit\u00e4ra st\u00f6d till den syriska regimen kritiseras, trots att Ryssland ombetts skydda en erk\u00e4nd regering och agerar i enlighet med FN-stadgan, vilken \u00f6vriga akt\u00f6rer bryter mot. <\/span><\/span><\/span><\/span><\/span><\/span><\/span><\/span><\/p>\n<p lang=\"en-GB\" align=\"left\"><span style=\"color: #000000;\"><span style=\"font-family: Tahoma,sans-serif;\"><span style=\"font-size: medium;\"><span style=\"font-family: FlamaLight;\"><span style=\"font-size: large;\"><span style=\"font-family: Times New Roman,serif;\"><span style=\"font-size: medium;\"><span lang=\"sv-SE\">Det kan h\u00e4vdas att det som oroar Nato ligger i att Putin och Medvedev under femton \u00e5r med auktorit\u00e4ra metoder lyckats v\u00e4nda trenden i ekonomin s\u00e5 att l\u00f6ner \u00e5terigen utbetalas till l\u00e4rare, sjukv\u00e5rdare, pension\u00e4rer och andra som \u00e4r beroende av statens ekonomi. Tyv\u00e4rr har det f\u00f6respeglade hotet fr\u00e5n Ryssland givit Nato och EU en f\u00f6rev\u00e4ndning f\u00f6r att inleda ekonomiska sanktioner mot Ryssland p\u00e5 grund av agerandet p\u00e5 Krim. D\u00e4rf\u00f6r \u00e4r krisen i Ryssland \u00e5terigen ett faktum. \u00c4ven EU, och Sverige, skadas ekonomiskt. I Ryssland uppst\u00e5r missn\u00f6je, och r\u00e4ttm\u00e4tiga krav p\u00e5 liberalisering av inrikespolitiken kan av Putinregimen mot bakgrund av sanktionerna utm\u00e5las som en del av omv\u00e4rldens fientliga agerande mot landet. Putin kan avleda uppm\u00e4rksamheten, sluta leden med h\u00e4nvisning till de reella yttre hoten och f\u00f6rst\u00e4rka p\u00e5g\u00e5ende upprustning. Rysslands frihet och Sibiriens och Ishavets resurser \u00e4r inte s\u00e4kra. <\/span><\/span><\/span><\/span><\/span><\/span><\/span><\/span><\/p>\n<p><span style=\"font-family: FlamaLight;\"><span style=\"font-size: large;\"><span style=\"color: #000000;\"><span style=\"font-family: Times New Roman,serif;\"><span style=\"font-size: medium;\"><span lang=\"sv-SE\">1982 lade Olof Palme fram sin arbetsgrupps f\u00f6rslag om att utveckla gemensam s\u00e4kerhet, allts\u00e5 \u00e4ven f\u00f6r den som fiendest\u00e4mplas. Gemensam s\u00e4kerhet vinns med f\u00f6rtroendefullt samarbete p\u00e5 alla omr\u00e5den, som ekonomi, kultur, handel och s\u00e4kerhet. Sveriges regering har f\u00f6rvr\u00e4ngt begreppet \u201dgemensam\u201d till att betyda \u201ds\u00e4kerhet tillsammans med andra\u201d, det vill s\u00e4ga med v\u00e5ra v\u00e4stliga v\u00e4nner och med milit\u00e4r upprustning samt gemensamma \u00f6vningar mot den utsedda fienden, Ryssland &#8211; ett recept f\u00f6r \u00f6kad os\u00e4kerhet och m\u00f6jligt krig. \u00c4r detta ocks\u00e5 avsikten? Hur resonerar Sveriges politiker och milit\u00e4r? K\u00e4nner de ett v\u00e4lbehag av enighet och ryggdunkningar fr\u00e5n Natov\u00e4nnerna? Inser de vad de spelar med i? Eller har de bara tytt sig till dem som de k\u00e4nner, gentemot de mystiska ryssarna? Priset \u00e4ven f\u00f6r en bl\u00e5\u00f6gd anpasslighet och okunnighet kan bli h\u00f6gt. &lt;&lt;<\/span><\/span><\/span><\/span><\/span><\/span><\/p>\n<p lang=\"en-GB\" align=\"left\"><span style=\"font-family: FlamaLight; color: #ff0000;\"><span style=\"font-size: large;\"><span style=\"font-family: Times New Roman,serif;\"><span style=\"font-size: medium;\"><span lang=\"sv-SE\"><b>Alternativ l\u00e4slista<\/b><\/span><\/span><\/span><\/span><\/span><\/p>\n<p lang=\"en-GB\" align=\"left\"><span style=\"color: #000000;\"><span style=\"font-family: Tahoma,sans-serif;\"><span style=\"font-size: medium;\"><span style=\"font-family: FlamaLight;\"><span style=\"font-size: large;\"><span style=\"font-family: Times New Roman,serif;\"><span style=\"font-size: medium;\"><span lang=\"sv-SE\">Nedan listas ett antal b\u00f6cker som varit v\u00e4rdefulla vid sammanst\u00e4llningen av artikeln. Detta urval ger en annan bild \u00e4n den officiella mediebilden av konflikterna i Krim\/Ukraina och Syrienkriget. Det \u00e4r i synnerhet dessa tv\u00e5 konflikter som utg\u00f6r underlag f\u00f6r den antiryska propagandan i media, riksdagen och regeringskansliet. <\/span><\/span><\/span><\/span><\/span><\/span><\/span><\/span><\/p>\n<p lang=\"en-GB\" align=\"left\"><span style=\"color: #000000;\"><span style=\"font-family: Tahoma,sans-serif;\"><span style=\"font-size: medium;\"><span style=\"font-family: FlamaLight;\"><span style=\"font-size: large;\"><span style=\"font-family: Times New Roman,serif;\"><span style=\"font-size: medium;\"><span lang=\"sv-SE\">Kristian Gerner: <\/span><\/span><\/span><\/span><\/span><span style=\"font-family: FlamaLight;\"><span style=\"font-size: large;\"><span style=\"font-family: Times New Roman,serif;\"><span style=\"font-size: medium;\"><span lang=\"sv-SE\"><i>Ryssland, en europeisk civilisationshistoria, Historiska media<\/i><\/span><\/span><\/span><\/span><\/span><span style=\"font-family: FlamaLight;\"><span style=\"font-size: large;\"><span style=\"font-family: Times New Roman,serif;\"><span style=\"font-size: medium;\"><span lang=\"sv-SE\">,2011.<a href=\"http:\/\/www.rodarummet.org\/web\/wp-content\/uploads\/2016\/12\/Ryssland-599x800.jpg\" rel=\"attachment wp-att-1720\"><img loading=\"lazy\" decoding=\"async\" class=\"alignleft size-thumbnail wp-image-1720\" src=\"http:\/\/www.rodarummet.org\/web\/wp-content\/uploads\/2016\/12\/Ryssland-599x800-150x150.jpg\" alt=\"ryssland-599x800\" width=\"150\" height=\"150\" \/><\/a><\/span><\/span><\/span><\/span><\/span><\/span><\/span><\/span><\/p>\n<p lang=\"en-GB\" align=\"left\"><span style=\"color: #000000;\"><span style=\"font-family: Tahoma,sans-serif;\"><span style=\"font-size: medium;\"><span style=\"font-family: FlamaLight;\"><span style=\"font-size: large;\"><span style=\"font-family: Times New Roman,serif;\"><span style=\"font-size: medium;\"><span lang=\"sv-SE\">Ingmar Karlsson: <\/span><\/span><\/span><\/span><\/span><span style=\"font-family: FlamaLight;\"><span style=\"font-size: large;\"><span style=\"font-family: Times New Roman,serif;\"><span style=\"font-size: medium;\"><span lang=\"sv-SE\"><i>Roten till det onda, uppdelningen av Mellan\u00f6stern, Historiska media<\/i><\/span><\/span><\/span><\/span><\/span><span style=\"font-family: FlamaLight;\"><span style=\"font-size: large;\"><span style=\"font-family: Times New Roman,serif;\"><span style=\"font-size: medium;\"><span lang=\"sv-SE\">, 1916-2016.<\/span><\/span><\/span><\/span><\/span><\/span><\/span><\/span><\/p>\n<p lang=\"en-GB\" align=\"left\"><span style=\"color: #000000;\"><span style=\"font-family: Tahoma,sans-serif;\"><span style=\"font-size: medium;\"><span style=\"font-family: FlamaLight;\"><span style=\"font-size: large;\"><span style=\"font-family: Times New Roman,serif;\"><span style=\"font-size: medium;\"><span lang=\"sv-SE\">Richard Sakwa: <\/span><\/span><\/span><\/span><\/span><span style=\"font-family: FlamaLight;\"><span style=\"font-size: large;\"><span style=\"font-family: Times New Roman,serif;\"><span style=\"font-size: medium;\"><span lang=\"sv-SE\"><i>Frontlinje Ukraina, Krisen i gr\u00e4nslandet mellan Ryssland och EU<\/i><\/span><\/span><\/span><\/span><\/span><span style=\"font-family: FlamaLight;\"><span style=\"font-size: large;\"><span style=\"font-family: Times New Roman,serif;\"><span style=\"font-size: medium;\"><span lang=\"sv-SE\">, Karneval f\u00f6rlag, 2015.<\/span><\/span><\/span><\/span><\/span><\/span><\/span><\/span><\/p>\n<p lang=\"en-GB\" align=\"left\"><span style=\"color: #000000;\"><span style=\"font-family: Tahoma,sans-serif;\"><span style=\"font-size: medium;\"><span style=\"font-family: FlamaLight;\"><span style=\"font-size: large;\"><span style=\"font-family: Times New Roman,serif;\"><span style=\"font-size: medium;\"><span lang=\"sv-SE\"><a href=\"http:\/\/www.rodarummet.org\/web\/wp-content\/uploads\/2016\/12\/8bb4bdba5159ec-jpg.jpg\" rel=\"attachment wp-att-1721\"><img loading=\"lazy\" decoding=\"async\" class=\"alignleft size-thumbnail wp-image-1721\" src=\"http:\/\/www.rodarummet.org\/web\/wp-content\/uploads\/2016\/12\/8bb4bdba5159ec-jpg-150x150.jpg\" alt=\"8bb4bdba5159ec-jpg\" width=\"150\" height=\"150\" \/><\/a>Alexander Mercouris: <\/span><\/span><\/span><\/span><\/span><span style=\"font-family: FlamaLight;\"><span style=\"font-size: large;\"><span style=\"font-family: Times New Roman,serif;\"><span style=\"font-size: medium;\"><span lang=\"sv-SE\"><i>Kan Ukrainakonflikten l\u00f6sas p\u00e5 fredlig v\u00e4g? Det diplomatiska spelet bakom avtalen i Minsk<\/i><\/span><\/span><\/span><\/span><\/span><span style=\"font-family: FlamaLight;\"><span style=\"font-size: large;\"><span style=\"font-family: Times New Roman,serif;\"><span style=\"font-size: medium;\"><span lang=\"sv-SE\">, Karneval f\u00f6rlag, 2015.<\/span><\/span><\/span><\/span><\/span><\/span><\/span><\/span><\/p>\n<p lang=\"en-GB\" align=\"left\"><span style=\"color: #000000;\"><span style=\"font-family: Tahoma,sans-serif;\"><span style=\"font-size: medium;\"><span style=\"font-family: FlamaLight;\"><span style=\"font-size: large;\"><span style=\"font-family: Times New Roman,serif;\"><span style=\"font-size: medium;\"><span lang=\"sv-SE\">Robert Parry: <\/span><\/span><\/span><\/span><\/span><span style=\"font-family: FlamaLight;\"><span style=\"font-size: large;\"><span style=\"font-family: Times New Roman,serif;\"><span style=\"font-size: medium;\"><span lang=\"sv-SE\"><i>Bakom kulisserna i Kiev<\/i><\/span><\/span><\/span><\/span><\/span><span style=\"font-family: FlamaLight;\"><span style=\"font-size: large;\"><span style=\"font-family: Times New Roman,serif;\"><span style=\"font-size: medium;\"><span lang=\"sv-SE\">, Karneval f\u00f6rlag, 2015.<\/span><\/span><\/span><\/span><\/span><\/span><\/span><\/span><\/p>\n<p lang=\"en-GB\" align=\"left\"><span style=\"color: #000000;\"><span style=\"font-family: Tahoma,sans-serif;\"><span style=\"font-size: medium;\"><span style=\"font-family: FlamaLight;\"><span style=\"font-size: large;\"><span style=\"font-family: Times New Roman,serif;\"><span style=\"font-size: medium;\"><span lang=\"sv-SE\">John J Mearsheimer, M. Mc Faul &amp; S. Sestanovich: <\/span><\/span><\/span><\/span><\/span><span style=\"font-family: FlamaLight;\"><span style=\"font-size: large;\"><span style=\"font-family: Times New Roman,serif;\"><span style=\"font-size: medium;\"><span lang=\"sv-SE\"><i>Vems fel \u00e4r Ukrainakrisen? En debatt i Fore<a href=\"http:\/\/www.rodarummet.org\/web\/wp-content\/uploads\/2016\/12\/ac47e64fd70cf8-jpg.jpg\" rel=\"attachment wp-att-1718\"><img loading=\"lazy\" decoding=\"async\" class=\"alignleft wp-image-1718\" src=\"http:\/\/www.rodarummet.org\/web\/wp-content\/uploads\/2016\/12\/ac47e64fd70cf8-jpg-150x150.jpg\" alt=\"ac47e64fd70cf8-jpg\" width=\"151\" height=\"151\" \/><\/a>ign Affairs<\/i><\/span><\/span><\/span><\/span><\/span><span style=\"font-family: FlamaLight;\"><span style=\"font-size: large;\"><span style=\"font-family: Times New Roman,serif;\"><span style=\"font-size: medium;\"><span lang=\"sv-SE\">, Karneval, 2014.<\/span><\/span><\/span><\/span><\/span><\/span><\/span><\/span><\/p>\n<p lang=\"en-GB\" align=\"left\"><span style=\"color: #000000;\"><span style=\"font-family: Tahoma,sans-serif;\"><span style=\"font-size: medium;\"><span style=\"font-family: FlamaLight;\"><span style=\"font-size: large;\"><span style=\"font-family: Times New Roman,serif;\"><span style=\"font-size: medium;\"><span lang=\"sv-SE\">John Pilger: <\/span><\/span><\/span><\/span><\/span><span style=\"font-family: FlamaLight;\"><span style=\"font-size: large;\"><span style=\"font-family: Times New Roman,serif;\"><span style=\"font-size: medium;\"><span lang=\"sv-SE\"><i>Strangelove-effekten<\/i><\/span><\/span><\/span><\/span><\/span><span style=\"font-family: FlamaLight;\"><span style=\"font-size: large;\"><span style=\"font-family: Times New Roman,serif;\"><span style=\"font-size: medium;\"><span lang=\"sv-SE\">, Karneval 2015.<\/span><\/span><\/span><\/span><\/span><\/span><\/span><\/span><\/p>\n<p lang=\"en-GB\" align=\"left\"><span style=\"color: #000000;\"><span style=\"font-family: Tahoma,sans-serif;\"><span style=\"font-size: medium;\"><span style=\"font-family: FlamaLight;\"><span style=\"font-size: large;\"><span style=\"font-family: Times New Roman,serif;\"><span style=\"font-size: medium;\"><span lang=\"sv-SE\">Agneta Norberg, I. M\u00e5rtensson, G-B M\u00e4kitalo, S. R\u00f6nn och L. S. Ekekrantz: <\/span><\/span><\/span><\/span><\/span><span style=\"font-family: FlamaLight;\"><span style=\"font-size: large;\"><span style=\"font-family: Times New Roman,serif;\"><span style=\"font-size: medium;\"><span lang=\"sv-SE\"><i>Norden och militariseringen av rymden<\/i><\/span><\/span><\/span><\/span><\/span><span style=\"font-family: FlamaLight;\"><span style=\"font-size: large;\"><span style=\"font-family: Times New Roman,serif;\"><span style=\"font-size: medium;\"><span lang=\"sv-SE\">, Kvinnor f\u00f6r fred, 2013<\/span><\/span><\/span><\/span><\/span><\/span><\/span><\/span><\/p>\n<p align=\"left\"><span style=\"color: #000000;\"><span style=\"font-family: Flama Basic;\"><span style=\"font-size: xx-small;\"><span style=\"font-family: Chronicle Text G2;\"><span style=\"font-size: small;\"><span style=\"color: #000000;\"><span style=\"font-family: Times New Roman,serif;\"><span style=\"font-size: medium;\"><span lang=\"sv-SE\">Artikelf\u00f6rfattarna <\/span><\/span><\/span><\/span><\/span><\/span><\/span><\/span><\/span><span style=\"color: #45494a;\"><span style=\"font-family: Times New Roman,serif;\"><span style=\"font-size: medium;\"><b>Erni &amp; Ola Friholt <\/b><\/span><\/span><\/span><span style=\"font-family: FlamaLight;\"><span style=\"font-size: large;\"><span style=\"color: #000000;\"><span style=\"font-family: Times New Roman,serif;\"><span style=\"font-size: medium;\"><span lang=\"sv-SE\">har en mer \u00e4n 40-\u00e5rig fredsg\u00e4rning bakom sig, i Svenska Freds, Fredsam och andra organisationer. Idag leder de fredsr\u00f6relsen p\u00e5 Orust d\u00e4r de arrangerar f\u00f6rel\u00e4sningar samt studiecirklar p\u00e5 aktuella teman.<\/span><\/span><\/span><\/span><\/span><\/span><\/p>\n","protected":false},"excerpt":{"rendered":"<p>Vari best\u00e5r det ryska hotet? I Kungstr\u00e4dg\u00e5rden st\u00e5r som alltid Karl XII med handen riktad mot \u00f6ster. Idag, liksom m\u00e5nga g\u00e5nger tidigare under historiens lopp, pekar makten i Sverige ut det stora landet p\u00e5 andra sidan \u00d6stersj\u00f6n som huvudfienden. Men &hellip; <a href=\"http:\/\/www.rodarummet.org\/web\/2016\/12\/30\/1713\/\">Forts\u00e4tt l\u00e4sa <span class=\"meta-nav\">&rarr;<\/span><\/a><\/p>\n","protected":false},"author":1,"featured_media":0,"comment_status":"closed","ping_status":"open","sticky":false,"template":"","format":"standard","meta":{"jetpack_post_was_ever_published":false,"_jetpack_newsletter_access":"","_jetpack_dont_email_post_to_subs":false,"_jetpack_newsletter_tier_id":0,"_jetpack_memberships_contains_paywalled_content":false,"_jetpack_memberships_contains_paid_content":false,"footnotes":"","jetpack_publicize_message":"","jetpack_publicize_feature_enabled":true,"jetpack_social_post_already_shared":true,"jetpack_social_options":{"image_generator_settings":{"template":"highway","default_image_id":0,"font":"","enabled":false},"version":2}},"categories":[1],"tags":[620,621,344,619,618,617],"class_list":["post-1713","post","type-post","status-publish","format-standard","hentry","category-okategoriserade","tag-friholt","tag-krig-och-fred","tag-nato","tag-natoutvidgning","tag-putin","tag-rysslans"],"jetpack_publicize_connections":[],"jetpack_featured_media_url":"","jetpack_sharing_enabled":true,"jetpack_shortlink":"https:\/\/wp.me\/sRzA9-1713","_links":{"self":[{"href":"http:\/\/www.rodarummet.org\/web\/wp-json\/wp\/v2\/posts\/1713","targetHints":{"allow":["GET"]}}],"collection":[{"href":"http:\/\/www.rodarummet.org\/web\/wp-json\/wp\/v2\/posts"}],"about":[{"href":"http:\/\/www.rodarummet.org\/web\/wp-json\/wp\/v2\/types\/post"}],"author":[{"embeddable":true,"href":"http:\/\/www.rodarummet.org\/web\/wp-json\/wp\/v2\/users\/1"}],"replies":[{"embeddable":true,"href":"http:\/\/www.rodarummet.org\/web\/wp-json\/wp\/v2\/comments?post=1713"}],"version-history":[{"count":2,"href":"http:\/\/www.rodarummet.org\/web\/wp-json\/wp\/v2\/posts\/1713\/revisions"}],"predecessor-version":[{"id":1724,"href":"http:\/\/www.rodarummet.org\/web\/wp-json\/wp\/v2\/posts\/1713\/revisions\/1724"}],"wp:attachment":[{"href":"http:\/\/www.rodarummet.org\/web\/wp-json\/wp\/v2\/media?parent=1713"}],"wp:term":[{"taxonomy":"category","embeddable":true,"href":"http:\/\/www.rodarummet.org\/web\/wp-json\/wp\/v2\/categories?post=1713"},{"taxonomy":"post_tag","embeddable":true,"href":"http:\/\/www.rodarummet.org\/web\/wp-json\/wp\/v2\/tags?post=1713"}],"curies":[{"name":"wp","href":"https:\/\/api.w.org\/{rel}","templated":true}]}}