{"id":173,"date":"2005-10-12T10:41:06","date_gmt":"2005-10-12T09:41:06","guid":{"rendered":"http:\/\/www.rodarummet.org\/web\/?p=173"},"modified":"2010-08-19T10:57:53","modified_gmt":"2010-08-19T09:57:53","slug":"roda-rummet-2-2004-dolda-motiv","status":"publish","type":"post","link":"http:\/\/www.rodarummet.org\/web\/2005\/10\/12\/roda-rummet-2-2004-dolda-motiv\/","title":{"rendered":"R\u00f6da rummet 2 \/ 2004: Dolda motiv"},"content":{"rendered":"<p><a href=\"http:\/\/www.rodarummet.org\/arkiv\/rr_2-04.pdf\" target=\"_blank\"><img loading=\"lazy\" decoding=\"async\" class=\"alignleft\" style=\"border: 0pt none; margin: 2px;\" src=\"http:\/\/www.rodarummet.org\/images\/rr2_04.jpg\" border=\"0\" alt=\"\" width=\"150\" height=\"200\" \/><\/a><strong>Detta nummer av R\u00f6da rummet l\u00e4gger speciell tonvikt p\u00e5 att f\u00f6rs\u00f6ka se det som sker i vad som synes ske. Se verkligheten bakom f\u00f6retagsv\u00e4rldens nymornade intresse f\u00f6r socialt och milj\u00f6m\u00e4ssigt ansvar. Lyssna till de dolda implikationerna i debatten om sl\u00f6jan. Avsl\u00f6ja den politiska teater i vilken ockupanter f\u00f6rvandlas till offer.<\/strong><\/p>\n<p>Insikten om existensen av en, f\u00f6rh\u00e4rskande samh\u00e4llsideologi &#8211; ett, i den marxistiska betydelsen av begreppet, system av falskt medvetande som reproduceras i medborgarnas f\u00f6rest\u00e4llningsv\u00e4rd &#8211; \u00e4r en insikt som man inte en g\u00e5ng f\u00f6r alla kan till\u00e4gna sig och sedan anv\u00e4nda sig av (t\u00e4nk om det vore s\u00e5 l\u00e4tt!).<\/p>\n<p>F\u00f6r ideologins sl\u00f6ja \u00e4r inte enkel och avkl\u00e4dbar utan ett oupph\u00f6rligen skiftande sken. Dimrid\u00e5erna m\u00e5ste st\u00e4ndigt skingras \u00f6ver olika omr\u00e5den i samh\u00e4llslivet, genom en intellektuell process som ocks\u00e5 innefattar moment av sj\u00e4lvgranskning. Som Samuel Edquist skriver i sin artikel aprop\u00e5 nationalistisk yra:&#8221;I st\u00e4llet kr\u00e4vs mer reflektion kring vilka subtila ideologiska processer som skapar och omskapar de nationella identiteterna. Vad \u00e4r det som gjort att jag &#8211; trots att intellektet s\u00e4ger att jag nog inte borde &#8211; genuint hoppas att rika Sverige ska besegra fattiga Bulgarien i fotbolls-EM?&#8221;<\/p>\n<p>\u00c4ven forts\u00e4ttningsvis ser vi i R\u00f6da rummet-redaktionen som v\u00e5r kanske viktigaste uppgift att gr\u00e4va under det samh\u00e4lleliga ytlagret, under de propagandabilder som den f\u00f6rh\u00e4rskande samh\u00e4llsideologin st\u00e4ndigt undf\u00e4gnar oss med. I det sammanhanget f\u00f6res\u00e4tter vi oss att inte rygga inf\u00f6r fr\u00e5gest\u00e4llningar som inte \u00e4r comme-il-faut i det svenska offentliga samtalet. Vi har exempelvis funderat p\u00e5 teman som:<\/p>\n<ul>\n<li>Beh\u00f6vs chefer?<\/li>\n<li>Kan sj\u00e4lvmordsbombning f\u00f6rsvaras?<\/li>\n<li>Varf\u00f6r \u00e4r statliga monopol bra?<\/li>\n<li>B\u00f6r f\u00e4ngelserna rivas?<\/li>\n<\/ul>\n<p>Ja, det \u00e4r mycket som vi p\u00e5 v\u00e5rt begr\u00e4nsade utrymme vill analysera och kommentera &#8211; en myriad av samh\u00e4llets sjukdomar. Men f\u00f6rst vill vi fr\u00e5n redaktionen \u00f6nska dig, k\u00e4ra l\u00e4sare, en h\u00e4rlig sommar med detta nummer.<\/p>\n<p>\/H\u00e4lsningar redaktionen<\/p>\n<p><strong>Inneh\u00e5ll:<\/strong><\/p>\n<p>DR\u00d6MMEN OM DET GODA F\u00d6RETAGET &#8211; etik, kapitalism och \u00e5terv\u00e4ndsrgr\u00e4nder. Av Jon Weman<br \/>\nDEN AVSL\u00d6JANDE DEBATTEN &#8211; om sl\u00f6jf\u00f6rbudets politiska implikationer. Av Reza Chitsaz<br \/>\nDR\u00d6MMAR I DET BL\u00c5 &#8211; om tron p\u00e5 den goda nationalismen. Av Samuel Edquist<br \/>\nOCKUPANTEN SOM OFFER &#8211; om Israel, motst\u00e5ndet och antisemitismen som vapen. Av Michel Warschawski<br \/>\nI STORMENS \u00d6GA &#8211; om klimatf\u00f6r\u00e4ndringar och Kyotoprotokollet. Av Daniel Tanuro<br \/>\nALKOHOL, KYRKA OCH FILM. Av Leo Trorskij. Ur arkivet fr\u00e5n 1923<\/p>\n<p>Replik i segregationsdebatten: VEMS &#8221;FRIA&#8221; INVANDRING K\u00c4MPAR VI F\u00d6R? Av Christer Norlin<\/p>\n<p><strong>Bokrecensioner:<\/strong><\/p>\n<p>I EN KLASS F\u00d6R SIG\/Fanny Ambj\u00f6rnsson. Av Malin Rosenstr\u00f6m<br \/>\nSOCIALISMENS LIV EFTER D\u00d6DEN\/Klas Gustavsson. Av Daniel Brandell<br \/>\nDEN GR\u00c4NSL\u00d6SA V\u00c4LF\u00c4RDSSTATEN\/Antologi (red: Paula Blomqvist). Av G\u00f6ran Dahlman<\/p>\n<p>Hela numret som pdf: <a href=\"http:\/\/www.rodarummet.org\/arkiv\/rr_2-04.pdf\" target=\"_blank\">R\u00f6da rummet 2 \/ 2004: Dolda motiv<\/a><\/p>\n","protected":false},"excerpt":{"rendered":"<p>Detta nummer av R\u00f6da rummet l\u00e4gger speciell tonvikt p\u00e5 att f\u00f6rs\u00f6ka se det som sker i vad som synes ske. Se verkligheten bakom f\u00f6retagsv\u00e4rldens nymornade intresse f\u00f6r socialt och milj\u00f6m\u00e4ssigt ansvar. Lyssna till de dolda implikationerna i debatten om sl\u00f6jan. &hellip; <a href=\"http:\/\/www.rodarummet.org\/web\/2005\/10\/12\/roda-rummet-2-2004-dolda-motiv\/\">Forts\u00e4tt l\u00e4sa <span class=\"meta-nav\">&rarr;<\/span><\/a><\/p>\n","protected":false},"author":9,"featured_media":0,"comment_status":"open","ping_status":"open","sticky":false,"template":"","format":"standard","meta":{"jetpack_post_was_ever_published":false,"_jetpack_newsletter_access":"","_jetpack_dont_email_post_to_subs":false,"_jetpack_newsletter_tier_id":0,"_jetpack_memberships_contains_paywalled_content":false,"_jetpack_memberships_contains_paid_content":false,"footnotes":"","jetpack_publicize_message":"","jetpack_publicize_feature_enabled":true,"jetpack_social_post_already_shared":false,"jetpack_social_options":{"image_generator_settings":{"template":"highway","default_image_id":0,"font":"","enabled":false},"version":2}},"categories":[100],"tags":[192,175,157,121,193],"class_list":["post-173","post","type-post","status-publish","format-standard","hentry","category-kara-lasare","tag-dolda-motiv","tag-israel","tag-palestina","tag-roda-rummet","tag-slojforbud"],"jetpack_publicize_connections":[],"jetpack_featured_media_url":"","jetpack_sharing_enabled":true,"jetpack_shortlink":"https:\/\/wp.me\/pRzA9-2N","_links":{"self":[{"href":"http:\/\/www.rodarummet.org\/web\/wp-json\/wp\/v2\/posts\/173","targetHints":{"allow":["GET"]}}],"collection":[{"href":"http:\/\/www.rodarummet.org\/web\/wp-json\/wp\/v2\/posts"}],"about":[{"href":"http:\/\/www.rodarummet.org\/web\/wp-json\/wp\/v2\/types\/post"}],"author":[{"embeddable":true,"href":"http:\/\/www.rodarummet.org\/web\/wp-json\/wp\/v2\/users\/9"}],"replies":[{"embeddable":true,"href":"http:\/\/www.rodarummet.org\/web\/wp-json\/wp\/v2\/comments?post=173"}],"version-history":[{"count":3,"href":"http:\/\/www.rodarummet.org\/web\/wp-json\/wp\/v2\/posts\/173\/revisions"}],"predecessor-version":[{"id":175,"href":"http:\/\/www.rodarummet.org\/web\/wp-json\/wp\/v2\/posts\/173\/revisions\/175"}],"wp:attachment":[{"href":"http:\/\/www.rodarummet.org\/web\/wp-json\/wp\/v2\/media?parent=173"}],"wp:term":[{"taxonomy":"category","embeddable":true,"href":"http:\/\/www.rodarummet.org\/web\/wp-json\/wp\/v2\/categories?post=173"},{"taxonomy":"post_tag","embeddable":true,"href":"http:\/\/www.rodarummet.org\/web\/wp-json\/wp\/v2\/tags?post=173"}],"curies":[{"name":"wp","href":"https:\/\/api.w.org\/{rel}","templated":true}]}}