{"id":2071,"date":"2018-05-10T10:49:08","date_gmt":"2018-05-10T09:49:08","guid":{"rendered":"http:\/\/www.rodarummet.org\/web\/?p=2071"},"modified":"2018-05-13T21:13:48","modified_gmt":"2018-05-13T20:13:48","slug":"roda-rummet-arrangerar-3","status":"publish","type":"post","link":"http:\/\/www.rodarummet.org\/web\/2018\/05\/10\/roda-rummet-arrangerar-3\/","title":{"rendered":"R\u00f6da rummet arrangerar"},"content":{"rendered":"<p><img loading=\"lazy\" decoding=\"async\" class=\"wp-image-2076 alignleft\" src=\"http:\/\/www.rodarummet.org\/web\/wp-content\/uploads\/2018\/05\/1968_big.jpg\" alt=\"\" width=\"372\" height=\"242\" srcset=\"http:\/\/www.rodarummet.org\/web\/wp-content\/uploads\/2018\/05\/1968_big.jpg 690w, http:\/\/www.rodarummet.org\/web\/wp-content\/uploads\/2018\/05\/1968_big-300x196.jpg 300w\" sizes=\"auto, (max-width: 372px) 100vw, 372px\" \/><\/p>\n<p>&nbsp;<\/p>\n<p>&nbsp;<\/p>\n<h1><\/h1>\n<h1><\/h1>\n<h1><\/h1>\n<h1><strong>1968 &#8211; n\u00e4r allt var i r\u00f6relse<\/strong><\/h1>\n<p>En v\u00e5g av v\u00e4nsterradikalisering som sk\u00f6ljde \u00f6ver v\u00e4rlden kulminerade.<br \/>\nDen hade b\u00f6rjat anas tio \u00e5r tidigare och den skulle forts\u00e4tta tio \u00e5r till innan den nyliberala v\u00e5gen kom. Kjell \u00d6stberg, professor i historia vid S\u00f6dert\u00f6rns h\u00f6gskola, som skrivit boken <em>1968 &#8211; n\u00e4r allting var i r\u00f6relse<\/em>, beskriver, f\u00f6rklarar och utv\u00e4rderar vad som blev kvar. Den rikt illustrerade nyutg\u00e5van av \u00d6stbergs klassiska bok finns till f\u00f6rs\u00e4ljning.<\/p>\n<p><strong>G\u00f6teborgs Litteraturhus,<\/strong> Lagerhuset Heurlins plats 1b<br \/>\n<strong>28\/5 kl 18.00<\/strong><\/p>\n<p>Arr: Tidskriften R\u00f6da rummet, ABF och Tidskriftsverkstan<\/p>\n<p>Ladda ner <a href=\"http:\/\/www.rodarummet.org\/web\/wp-content\/uploads\/2018\/05\/komprimerad-peter.pdf\" target=\"_blank\" rel=\"noopener\"><strong>Affisch<\/strong><\/a><\/p>\n","protected":false},"excerpt":{"rendered":"<p>&nbsp; &nbsp; 1968 &#8211; n\u00e4r allt var i r\u00f6relse En v\u00e5g av v\u00e4nsterradikalisering som sk\u00f6ljde \u00f6ver v\u00e4rlden kulminerade. Den hade b\u00f6rjat anas tio \u00e5r tidigare och den skulle forts\u00e4tta tio \u00e5r till innan den nyliberala v\u00e5gen kom. Kjell \u00d6stberg, professor &hellip; <a href=\"http:\/\/www.rodarummet.org\/web\/2018\/05\/10\/roda-rummet-arrangerar-3\/\">Forts\u00e4tt l\u00e4sa <span class=\"meta-nav\">&rarr;<\/span><\/a><\/p>\n","protected":false},"author":1,"featured_media":0,"comment_status":"closed","ping_status":"open","sticky":false,"template":"","format":"standard","meta":{"jetpack_post_was_ever_published":false,"_jetpack_newsletter_access":"","_jetpack_dont_email_post_to_subs":false,"_jetpack_newsletter_tier_id":0,"_jetpack_memberships_contains_paywalled_content":false,"_jetpack_memberships_contains_paid_content":false,"footnotes":"","jetpack_publicize_message":"","jetpack_publicize_feature_enabled":true,"jetpack_social_post_already_shared":true,"jetpack_social_options":{"image_generator_settings":{"template":"highway","default_image_id":0,"font":"","enabled":false},"version":2}},"categories":[1],"tags":[742,303,743],"class_list":["post-2071","post","type-post","status-publish","format-standard","hentry","category-okategoriserade","tag-1968-nar-allting-var-i-rorelse","tag-kjell-ostberg","tag-vansterradikalisering"],"jetpack_publicize_connections":[],"jetpack_featured_media_url":"","jetpack_sharing_enabled":true,"jetpack_shortlink":"https:\/\/wp.me\/pRzA9-xp","_links":{"self":[{"href":"http:\/\/www.rodarummet.org\/web\/wp-json\/wp\/v2\/posts\/2071","targetHints":{"allow":["GET"]}}],"collection":[{"href":"http:\/\/www.rodarummet.org\/web\/wp-json\/wp\/v2\/posts"}],"about":[{"href":"http:\/\/www.rodarummet.org\/web\/wp-json\/wp\/v2\/types\/post"}],"author":[{"embeddable":true,"href":"http:\/\/www.rodarummet.org\/web\/wp-json\/wp\/v2\/users\/1"}],"replies":[{"embeddable":true,"href":"http:\/\/www.rodarummet.org\/web\/wp-json\/wp\/v2\/comments?post=2071"}],"version-history":[{"count":2,"href":"http:\/\/www.rodarummet.org\/web\/wp-json\/wp\/v2\/posts\/2071\/revisions"}],"predecessor-version":[{"id":2086,"href":"http:\/\/www.rodarummet.org\/web\/wp-json\/wp\/v2\/posts\/2071\/revisions\/2086"}],"wp:attachment":[{"href":"http:\/\/www.rodarummet.org\/web\/wp-json\/wp\/v2\/media?parent=2071"}],"wp:term":[{"taxonomy":"category","embeddable":true,"href":"http:\/\/www.rodarummet.org\/web\/wp-json\/wp\/v2\/categories?post=2071"},{"taxonomy":"post_tag","embeddable":true,"href":"http:\/\/www.rodarummet.org\/web\/wp-json\/wp\/v2\/tags?post=2071"}],"curies":[{"name":"wp","href":"https:\/\/api.w.org\/{rel}","templated":true}]}}