{"id":2303,"date":"2019-02-26T10:44:08","date_gmt":"2019-02-26T09:44:08","guid":{"rendered":"http:\/\/www.rodarummet.org\/web\/?p=2303"},"modified":"2019-02-26T10:53:49","modified_gmt":"2019-02-26T09:53:49","slug":"2303","status":"publish","type":"post","link":"http:\/\/www.rodarummet.org\/web\/2019\/02\/26\/2303\/","title":{"rendered":""},"content":{"rendered":"<p><strong>G\u00f6teborg:<\/strong><\/p>\n<p><img loading=\"lazy\" decoding=\"async\" class=\"alignleft size-medium wp-image-2304\" src=\"http:\/\/www.rodarummet.org\/web\/wp-content\/uploads\/2019\/02\/liten-planta-300x278.jpg\" alt=\"\" width=\"300\" height=\"278\" srcset=\"http:\/\/www.rodarummet.org\/web\/wp-content\/uploads\/2019\/02\/liten-planta-300x278.jpg 300w, http:\/\/www.rodarummet.org\/web\/wp-content\/uploads\/2019\/02\/liten-planta.jpg 639w\" sizes=\"auto, (max-width: 300px) 100vw, 300px\" \/><span style=\"font-family: TimesNewRomanPSMT, serif;\"><span style=\"font-size: large;\"><b>Omst\u00e4llning och revolution<\/b><\/span><\/span><\/p>\n<p class=\"western\"><span style=\"font-family: TimesNewRomanPSMT, serif;\">Klimatrapporterna sl\u00e5r larm och efterfr\u00e5gar storskaliga politiska f\u00f6r\u00e4ndringar och omst\u00e4llning. De politiska \u00e5tg\u00e4rderna hittills tycks dock helt otillr\u00e4ckliga om en katastrof ska kunna undvikas. <\/span><span style=\"font-family: TimesNewRomanPSMT, serif;\">V\u00e4cker klimatf\u00f6r\u00e4ndringarna fr\u00e5gan om revolution?<\/span><\/p>\n<p>&nbsp;<\/p>\n<p>&nbsp;<\/p>\n<h2 class=\"western\"><strong><span style=\"font-family: TimesNewRomanPSMT, serif;\">Ett panelsamtal med Nina Bj\u00f6rk och Lars Henriksson<\/span><\/strong><\/h2>\n<p><span style=\"font-family: TimesNewRomanPSMT, serif;\"><u>Medverkande: <\/u><\/span><\/p>\n<p><span style=\"font-family: TimesNewRomanPSMT, serif;\"><strong>Nina Bj\u00f6rk<\/strong> &#8211; litteraturvetare, frilansjournalist och f\u00f6rfattare till b\u00f6ckerna <\/span><span style=\"font-family: TimesNewRomanPSMT, serif;\"><i>Dr\u00f6mmen om det r\u00f6da: Rosa Luxemburg,\u00a0socialism, spr\u00e5k och k\u00e4rlek <\/i><\/span><span style=\"font-family: TimesNewRomanPSMT, serif;\">(2016) och <\/span><span style=\"font-family: TimesNewRomanPSMT, serif;\"><i>Lyckliga i alla sina dagar &#8211; Om pengars och\u00a0m\u00e4nniskors v\u00e4rde <\/i><\/span><span style=\"font-family: TimesNewRomanPSMT, serif;\">(2012)<\/span><\/p>\n<p><span style=\"font-family: TimesNewRomanPSMT, serif;\"><strong>Lars Henriksson<\/strong> &#8211; metallarbetare, skribent och\u00a0f\u00f6rfattare till boken <\/span><span style=\"font-family: TimesNewRomanPSMT, serif;\"><i>Slutk\u00f6rt<\/i><\/span><span style=\"font-family: TimesNewRomanPSMT, serif;\"> (2011)\u00a0<\/span><\/p>\n<p><span style=\"font-family: TimesNewRomanPSMT, serif;\"><u>Moderator: <\/u><\/span><span style=\"font-family: TimesNewRomanPSMT, serif;\"><strong>Johan \u00d6restig<\/strong> &#8211; sociolog, aktivist och en av redakt\u00f6rerna f\u00f6r Fronesis senaste nummer med temat Revolution (2018).\u00a0<\/span><\/p>\n<h2 class=\"western\"><strong><span style=\"font-family: TimesNewRomanPSMT, serif;\">Onsdagen den 20\/3 kl 18.30<\/span><\/strong><\/h2>\n<p class=\"western\"><strong><span style=\"font-family: TimesNewRomanPSMT, serif;\">G\u00f6teborgs Litteraturhus, Lagerhuset, Heurlins plats 1<\/span><\/strong><\/p>\n<p class=\"western\"><span style=\"font-family: TimesNewRomanPSMT, serif;\"><u>Arrang\u00f6rer<\/u><\/span><span style=\"font-family: TimesNewRomanPSMT, serif;\">: Fronesis, R\u00f6da rummet, ABF G\u00f6teborg &amp; Tidskriftsverkstan<\/span><\/p>\n<p class=\"western\"><span style=\"color: #000080;\"><span lang=\"zxx\"><u><a href=\"https:\/\/www.facebook.com\/events\/144941213102161\/\" target=\"_blank\" rel=\"noopener\"><span style=\"font-family: TimesNewRomanPSMT, serif;\">https:\/\/www.facebook.com\/events\/144941213102161\/<\/span><\/a><\/u><\/span><\/span><\/p>\n<p><a href=\"http:\/\/www.rodarummet.org\/web\/wp-content\/uploads\/2019\/02\/Nina-och-Lars.pdf\" target=\"_blank\" rel=\"noopener\">Ladda ner Affisch<\/a><\/p>\n","protected":false},"excerpt":{"rendered":"<p>G\u00f6teborg: Omst\u00e4llning och revolution Klimatrapporterna sl\u00e5r larm och efterfr\u00e5gar storskaliga politiska f\u00f6r\u00e4ndringar och omst\u00e4llning. De politiska \u00e5tg\u00e4rderna hittills tycks dock helt otillr\u00e4ckliga om en katastrof ska kunna undvikas. V\u00e4cker klimatf\u00f6r\u00e4ndringarna fr\u00e5gan om revolution? &nbsp; &nbsp; Ett panelsamtal med Nina Bj\u00f6rk &hellip; <a href=\"http:\/\/www.rodarummet.org\/web\/2019\/02\/26\/2303\/\">Forts\u00e4tt l\u00e4sa <span class=\"meta-nav\">&rarr;<\/span><\/a><\/p>\n","protected":false},"author":1,"featured_media":0,"comment_status":"closed","ping_status":"open","sticky":false,"template":"","format":"standard","meta":{"jetpack_post_was_ever_published":false,"_jetpack_newsletter_access":"","_jetpack_dont_email_post_to_subs":false,"_jetpack_newsletter_tier_id":0,"_jetpack_memberships_contains_paywalled_content":false,"_jetpack_memberships_contains_paid_content":false,"footnotes":"","jetpack_publicize_message":"","jetpack_publicize_feature_enabled":true,"jetpack_social_post_already_shared":true,"jetpack_social_options":{"image_generator_settings":{"template":"highway","default_image_id":0,"font":"","enabled":false},"version":2}},"categories":[1],"tags":[906,128,447,107,147],"class_list":["post-2303","post","type-post","status-publish","format-standard","hentry","category-okategoriserade","tag-johan-orestig","tag-lars-henriksson","tag-nina-bjork","tag-omstallning","tag-revolution"],"jetpack_publicize_connections":[],"jetpack_featured_media_url":"","jetpack_sharing_enabled":true,"jetpack_shortlink":"https:\/\/wp.me\/sRzA9-2303","_links":{"self":[{"href":"http:\/\/www.rodarummet.org\/web\/wp-json\/wp\/v2\/posts\/2303","targetHints":{"allow":["GET"]}}],"collection":[{"href":"http:\/\/www.rodarummet.org\/web\/wp-json\/wp\/v2\/posts"}],"about":[{"href":"http:\/\/www.rodarummet.org\/web\/wp-json\/wp\/v2\/types\/post"}],"author":[{"embeddable":true,"href":"http:\/\/www.rodarummet.org\/web\/wp-json\/wp\/v2\/users\/1"}],"replies":[{"embeddable":true,"href":"http:\/\/www.rodarummet.org\/web\/wp-json\/wp\/v2\/comments?post=2303"}],"version-history":[{"count":2,"href":"http:\/\/www.rodarummet.org\/web\/wp-json\/wp\/v2\/posts\/2303\/revisions"}],"predecessor-version":[{"id":2313,"href":"http:\/\/www.rodarummet.org\/web\/wp-json\/wp\/v2\/posts\/2303\/revisions\/2313"}],"wp:attachment":[{"href":"http:\/\/www.rodarummet.org\/web\/wp-json\/wp\/v2\/media?parent=2303"}],"wp:term":[{"taxonomy":"category","embeddable":true,"href":"http:\/\/www.rodarummet.org\/web\/wp-json\/wp\/v2\/categories?post=2303"},{"taxonomy":"post_tag","embeddable":true,"href":"http:\/\/www.rodarummet.org\/web\/wp-json\/wp\/v2\/tags?post=2303"}],"curies":[{"name":"wp","href":"https:\/\/api.w.org\/{rel}","templated":true}]}}