{"id":2756,"date":"2021-01-16T23:51:48","date_gmt":"2021-01-16T22:51:48","guid":{"rendered":"http:\/\/www.rodarummet.org\/web\/?p=2756"},"modified":"2021-01-16T23:58:08","modified_gmt":"2021-01-16T22:58:08","slug":"roda-rummet-pa-kulturtidskriftsfestival-2021-gbg","status":"publish","type":"post","link":"http:\/\/www.rodarummet.org\/web\/2021\/01\/16\/roda-rummet-pa-kulturtidskriftsfestival-2021-gbg\/","title":{"rendered":"R\u00f6da rummet p\u00e5 Kulturtidskriftsfestival 2021 GBG!"},"content":{"rendered":"<h3><\/h3>\n<h3 class=\"kvgmc6g5 cxmmr5t8 oygrvhab hcukyx3x c1et5uql\"><strong>Den 27 januari mellan 11-14 bjuder FSK, N\u00e4tverkstan och Mediaverkstaden Sk\u00e5ne in till \u00e4nnu ett fullmatat kulturtidskriftsprogram med fokus p\u00e5 G\u00f6teborg.<\/strong><\/h3>\n<p><strong><span class=\"d2edcug0 hpfvmrgz qv66sw1b c1et5uql rrkovp55 a8c37x1j keod5gw0 nxhoafnm aigsh9s9 d3f4x2em fe6kdd0r mau55g9w c8b282yb iv3no6db jq4qci2q a3bd9o3v knj5qynh oo9gr5id hzawbc8m\" dir=\"auto\">Online med Facebook Live<\/span><\/strong><\/p>\n<p><strong><span class=\"d2edcug0 hpfvmrgz qv66sw1b c1et5uql rrkovp55 a8c37x1j keod5gw0 nxhoafnm aigsh9s9 d3f4x2em fe6kdd0r mau55g9w c8b282yb iv3no6db jq4qci2q a3bd9o3v knj5qynh oo9gr5id\" dir=\"auto\">M\u00f6t Arche, Lira musikmagasin, Tidningen Skriva, Me\u00e4nmaa, Ord&amp;Bild och R\u00f6da rummet. Minipaneler, musikupptr\u00e4danden och l\u00e4sningar<\/span><span class=\"d2edcug0 hpfvmrgz qv66sw1b c1et5uql rrkovp55 a8c37x1j keod5gw0 nxhoafnm aigsh9s9 d3f4x2em fe6kdd0r mau55g9w c8b282yb iv3no6db jq4qci2q a3bd9o3v knj5qynh oo9gr5id\" dir=\"auto\">.<\/span><\/strong><\/p>\n<p><a href=\"https:\/\/www.facebook.com\/events\/2739343093042506\/?acontext=%7B%22event_action_history%22%3A[%7B%22extra_data%22%3A%22%22%2C%22mechanism%22%3A%22page_admin_consolidated_entry_buttons_row%22%2C%22surface%22%3A%22page%22%7D%2C%7B%22extra_data%22%3A%22%22%2C%22mechanism%22%3A%22surface%22%2C%22surface%22%3A%22create_dialog%22%7D]%7D&amp;onload_action=online_event_upsell_dialog\" target=\"_blank\" rel=\"noopener\"><strong>Se hela programmet p\u00e5 Facebook<\/strong><\/a><\/p>\n<p>&nbsp;<\/p>\n","protected":false},"excerpt":{"rendered":"<p>Den 27 januari mellan 11-14 bjuder FSK, N\u00e4tverkstan och Mediaverkstaden Sk\u00e5ne in till \u00e4nnu ett fullmatat kulturtidskriftsprogram med fokus p\u00e5 G\u00f6teborg. Online med Facebook Live M\u00f6t Arche, Lira musikmagasin, Tidningen Skriva, Me\u00e4nmaa, Ord&amp;Bild och R\u00f6da rummet. Minipaneler, musikupptr\u00e4danden och l\u00e4sningar. &hellip; <a href=\"http:\/\/www.rodarummet.org\/web\/2021\/01\/16\/roda-rummet-pa-kulturtidskriftsfestival-2021-gbg\/\">Forts\u00e4tt l\u00e4sa <span class=\"meta-nav\">&rarr;<\/span><\/a><\/p>\n","protected":false},"author":1,"featured_media":0,"comment_status":"closed","ping_status":"open","sticky":false,"template":"","format":"standard","meta":{"jetpack_post_was_ever_published":false,"_jetpack_newsletter_access":"","_jetpack_dont_email_post_to_subs":false,"_jetpack_newsletter_tier_id":0,"_jetpack_memberships_contains_paywalled_content":false,"_jetpack_memberships_contains_paid_content":false,"footnotes":"","jetpack_publicize_message":"","jetpack_publicize_feature_enabled":true,"jetpack_social_post_already_shared":true,"jetpack_social_options":{"image_generator_settings":{"template":"highway","default_image_id":0,"font":"","enabled":false},"version":2}},"categories":[1],"tags":[],"class_list":["post-2756","post","type-post","status-publish","format-standard","hentry","category-okategoriserade"],"jetpack_publicize_connections":[],"jetpack_featured_media_url":"","jetpack_sharing_enabled":true,"jetpack_shortlink":"https:\/\/wp.me\/pRzA9-Is","_links":{"self":[{"href":"http:\/\/www.rodarummet.org\/web\/wp-json\/wp\/v2\/posts\/2756","targetHints":{"allow":["GET"]}}],"collection":[{"href":"http:\/\/www.rodarummet.org\/web\/wp-json\/wp\/v2\/posts"}],"about":[{"href":"http:\/\/www.rodarummet.org\/web\/wp-json\/wp\/v2\/types\/post"}],"author":[{"embeddable":true,"href":"http:\/\/www.rodarummet.org\/web\/wp-json\/wp\/v2\/users\/1"}],"replies":[{"embeddable":true,"href":"http:\/\/www.rodarummet.org\/web\/wp-json\/wp\/v2\/comments?post=2756"}],"version-history":[{"count":1,"href":"http:\/\/www.rodarummet.org\/web\/wp-json\/wp\/v2\/posts\/2756\/revisions"}],"predecessor-version":[{"id":2757,"href":"http:\/\/www.rodarummet.org\/web\/wp-json\/wp\/v2\/posts\/2756\/revisions\/2757"}],"wp:attachment":[{"href":"http:\/\/www.rodarummet.org\/web\/wp-json\/wp\/v2\/media?parent=2756"}],"wp:term":[{"taxonomy":"category","embeddable":true,"href":"http:\/\/www.rodarummet.org\/web\/wp-json\/wp\/v2\/categories?post=2756"},{"taxonomy":"post_tag","embeddable":true,"href":"http:\/\/www.rodarummet.org\/web\/wp-json\/wp\/v2\/tags?post=2756"}],"curies":[{"name":"wp","href":"https:\/\/api.w.org\/{rel}","templated":true}]}}