{"id":2845,"date":"2021-03-27T23:02:57","date_gmt":"2021-03-27T22:02:57","guid":{"rendered":"http:\/\/www.rodarummet.org\/web\/?p=2845"},"modified":"2021-04-06T00:12:17","modified_gmt":"2021-04-05T23:12:17","slug":"kara-lasare-2","status":"publish","type":"post","link":"http:\/\/www.rodarummet.org\/web\/2021\/03\/27\/kara-lasare-2\/","title":{"rendered":"K\u00e4ra L\u00e4sare"},"content":{"rendered":"<div id=\"attachment_2846\" style=\"width: 220px\" class=\"wp-caption alignleft\"><a href=\"http:\/\/www.rodarummet.org\/web\/wp-content\/uploads\/2021\/04\/R%C3%B6da-rummet-nr-1-2021-1.pdf\" target=\"_blank\" rel=\"noopener\"><img loading=\"lazy\" decoding=\"async\" aria-describedby=\"caption-attachment-2846\" class=\"wp-image-2846 size-medium\" src=\"http:\/\/www.rodarummet.org\/web\/wp-content\/uploads\/2021\/04\/Etta-210x300.jpg\" alt=\"\" width=\"210\" height=\"300\" srcset=\"http:\/\/www.rodarummet.org\/web\/wp-content\/uploads\/2021\/04\/Etta-210x300.jpg 210w, http:\/\/www.rodarummet.org\/web\/wp-content\/uploads\/2021\/04\/Etta.jpg 547w\" sizes=\"auto, (max-width: 210px) 100vw, 210px\" \/><\/a><p id=\"caption-attachment-2846\" class=\"wp-caption-text\"><span style=\"color: #0000ff;\"><strong>Numret som PDF (klicka)<\/strong><\/span><\/p><\/div>\n<p>&nbsp;<\/p>\n<p>H\u00e4r \u00e4r vi, omslutna av pandemins andra v\u00e5r, och f\u00f6rs\u00f6ker f\u00e5 till ytterligare ett tidskriftsnummer med m\u00e5let att vara ett forum f\u00f6r diskussion och teori f\u00f6r politisk aktivism.<\/p>\n<p>Lyckas vi?<br \/>\nMed att navigera mellan att m\u00e5la en frasradikalt f\u00f6renklad samh\u00e4llsbild och akademiskt f\u00f6rsiktiga penseldrag? Mellan alltf\u00f6r otympliga vindlande texter och l\u00e4slockande snuttar som kvickt dunstar? <!--more-->Mellan det historiskt baktunga och framtidsblickande yrsel? Mellan de stora politiska linjernas klarhet och vardagsaktivismens alla kladdiga detaljer?<br \/>\nMellan hopp och f\u00f6rtvivlan?<\/p>\n<p>Andreas Malms nyutkomna bok \u201dHow to Blow up a Pipeline. Learning to Fight in a World on Fire\u201d har v\u00e4ckt stor uppm\u00e4rksamhet, framf\u00f6rallt f\u00f6r att Malm pl\u00e4derar f\u00f6r att sabotaget har en m\u00f6jlig funktion att fylla i klimatr\u00f6relsens taktiska repertoar. Lars Henriksson kommenterar boken \u2013 Klimatkamp p\u00e5 ett radikalare sp\u00e5r.<\/p>\n<p>V\u00e5ren 2003 utlyste Kommunal den hittills mest omfattande strejken under 2000-talet. Hur upplevdes konflikten av de arbetare som deltog? Genusvetaren Kristin Linderoths artikel presenterar n\u00e5gra av resultaten i hennes doktorsavhandling om strejken. \u2013 De som tog fajten.<\/p>\n<p>I sin bok \u201dSvart historia\u201d ger oss Peter Wid\u00e9n en initierad bakgrundsbeskrivning till den amerikanska rasismen. R\u00f6da rummet publicerar ett kapitel ur Wid\u00e9ns bok<br \/>\n\u2013 Bland\u00e4ktenskap ett US-amerikanskt dilemma<\/p>\n<p>Samtidigt som kravet p\u00e5 marknadshyror i nyproduktion utg\u00f6r ett \u00f6vergripande hot mot Hyresg\u00e4stf\u00f6reningen, f\u00f6rsvagas den av interna stridigheter. Ett beklagansv\u00e4rt faktum som Mathias Krusell har f\u00f6r \u00f6gonen n\u00e4r han recenserar Hannes Rolfs avhandling om hyresg\u00e4storganisering mellan 1875-1942. \u2013 Hyresg\u00e4stf\u00f6reningar som folkr\u00f6relse.<\/p>\n<p>Till 500-\u00e5rs minnet \u00e5terutgav f\u00f6rlaget Verso \u00e5r 2016 Thomas Moores skrift Utopia, med en inledning av China Mi\u00e9ville som vi h\u00e4r \u00e5terger i \u00f6vers\u00e4ttning. \u2013 Utopias gr\u00e4nser.<\/p>\n<p>Hur lyckas vi egentligen? Tja, det \u00e4r inte s\u00e5 l\u00e4tt att avg\u00f6ra fr\u00e5n v\u00e5r utsiktspunkt just nu, med n\u00e4sorna nerdoppade i textredigering, \u00f6vers\u00e4ttningsbryderier och finlir med layouten. Det \u00e4r upp till Er k\u00e4ra l\u00e4sare (som ju lyckligtvis \u00e4r en myllrande skara med olika preferenser), ocks\u00e5 ni omslutna av pandemins v\u00e5r tv\u00e5 &#8211; av klimat\u00e5ngest, demokratiskt f\u00f6rfall &#8211; hopp och f\u00f6rtvivlan.<\/p>\n<p>Men; &#8211; \u00c4sch, va fan!<br \/>\nDet \u00e4r ju trots allt en v\u00e5r\u2026<\/p>\n<p>Fram\u00e5t kamrater!<\/p>\n<p>\/Redaktionen<\/p>\n","protected":false},"excerpt":{"rendered":"<p>&nbsp; H\u00e4r \u00e4r vi, omslutna av pandemins andra v\u00e5r, och f\u00f6rs\u00f6ker f\u00e5 till ytterligare ett tidskriftsnummer med m\u00e5let att vara ett forum f\u00f6r diskussion och teori f\u00f6r politisk aktivism. Lyckas vi? Med att navigera mellan att m\u00e5la en frasradikalt f\u00f6renklad &hellip; <a href=\"http:\/\/www.rodarummet.org\/web\/2021\/03\/27\/kara-lasare-2\/\">Forts\u00e4tt l\u00e4sa <span class=\"meta-nav\">&rarr;<\/span><\/a><\/p>\n","protected":false},"author":1,"featured_media":0,"comment_status":"closed","ping_status":"open","sticky":false,"template":"","format":"standard","meta":{"jetpack_post_was_ever_published":false,"_jetpack_newsletter_access":"","_jetpack_dont_email_post_to_subs":false,"_jetpack_newsletter_tier_id":0,"_jetpack_memberships_contains_paywalled_content":false,"_jetpack_memberships_contains_paid_content":false,"footnotes":"","jetpack_publicize_message":"","jetpack_publicize_feature_enabled":true,"jetpack_social_post_already_shared":true,"jetpack_social_options":{"image_generator_settings":{"template":"highway","default_image_id":0,"font":"","enabled":false},"version":2}},"categories":[1],"tags":[1188,481,1204,1165,128,838,605,1203],"class_list":["post-2845","post","type-post","status-publish","format-standard","hentry","category-okategoriserade","tag-aleksandr-blok","tag-china-mieville","tag-kara-lasare","tag-kristin-linderoth","tag-lars-henriksson","tag-mathias-krusell","tag-peter-widen","tag-roda-rummet-1-21-pdf"],"jetpack_publicize_connections":[],"jetpack_featured_media_url":"","jetpack_sharing_enabled":true,"jetpack_shortlink":"https:\/\/wp.me\/pRzA9-JT","_links":{"self":[{"href":"http:\/\/www.rodarummet.org\/web\/wp-json\/wp\/v2\/posts\/2845","targetHints":{"allow":["GET"]}}],"collection":[{"href":"http:\/\/www.rodarummet.org\/web\/wp-json\/wp\/v2\/posts"}],"about":[{"href":"http:\/\/www.rodarummet.org\/web\/wp-json\/wp\/v2\/types\/post"}],"author":[{"embeddable":true,"href":"http:\/\/www.rodarummet.org\/web\/wp-json\/wp\/v2\/users\/1"}],"replies":[{"embeddable":true,"href":"http:\/\/www.rodarummet.org\/web\/wp-json\/wp\/v2\/comments?post=2845"}],"version-history":[{"count":2,"href":"http:\/\/www.rodarummet.org\/web\/wp-json\/wp\/v2\/posts\/2845\/revisions"}],"predecessor-version":[{"id":2854,"href":"http:\/\/www.rodarummet.org\/web\/wp-json\/wp\/v2\/posts\/2845\/revisions\/2854"}],"wp:attachment":[{"href":"http:\/\/www.rodarummet.org\/web\/wp-json\/wp\/v2\/media?parent=2845"}],"wp:term":[{"taxonomy":"category","embeddable":true,"href":"http:\/\/www.rodarummet.org\/web\/wp-json\/wp\/v2\/categories?post=2845"},{"taxonomy":"post_tag","embeddable":true,"href":"http:\/\/www.rodarummet.org\/web\/wp-json\/wp\/v2\/tags?post=2845"}],"curies":[{"name":"wp","href":"https:\/\/api.w.org\/{rel}","templated":true}]}}