{"id":3157,"date":"2022-10-13T19:14:42","date_gmt":"2022-10-13T18:14:42","guid":{"rendered":"http:\/\/www.rodarummet.org\/web\/?p=3157"},"modified":"2022-10-12T21:33:50","modified_gmt":"2022-10-12T20:33:50","slug":"ett-starkt-totalforsvar-behovs-for-ett-sakert-samhalle","status":"publish","type":"post","link":"http:\/\/www.rodarummet.org\/web\/2022\/10\/13\/ett-starkt-totalforsvar-behovs-for-ett-sakert-samhalle\/","title":{"rendered":"Ett starkt totalf\u00f6rsvar beh\u00f6vs f\u00f6r ett s\u00e4kert samh\u00e4lle."},"content":{"rendered":"<p><strong><a href=\"http:\/\/www.rodarummet.org\/web\/wp-content\/uploads\/2022\/10\/F\u00f6rsvarsdepartementet_vapen.svg_.png\"><img loading=\"lazy\" decoding=\"async\" class=\"alignleft wp-image-3162\" src=\"http:\/\/www.rodarummet.org\/web\/wp-content\/uploads\/2022\/10\/F\u00f6rsvarsdepartementet_vapen.svg_-853x1024.png\" alt=\"\" width=\"256\" height=\"307\" srcset=\"http:\/\/www.rodarummet.org\/web\/wp-content\/uploads\/2022\/10\/F\u00f6rsvarsdepartementet_vapen.svg_.png 853w, http:\/\/www.rodarummet.org\/web\/wp-content\/uploads\/2022\/10\/F\u00f6rsvarsdepartementet_vapen.svg_-250x300.png 250w, http:\/\/www.rodarummet.org\/web\/wp-content\/uploads\/2022\/10\/F\u00f6rsvarsdepartementet_vapen.svg_-768x922.png 768w\" sizes=\"auto, (max-width: 256px) 100vw, 256px\" \/><\/a>Hanna Gunnarsson, f\u00f6rsvarspolitisk talesperson f\u00f6r V\u00e4nsterpartiet, utvecklar partiets syn p\u00e5 behovet av ett folkf\u00f6rankrat milit\u00e4rt f\u00f6rsvar.<\/strong><\/p>\n<p>Vi lever i ett mer s\u00e5rbart samh\u00e4lle. De senaste \u00e5ren har det blivit tydligt vilka civila hot som finns mot Sverige, som naturkatastrofer (br\u00e4nder, torka och \u00f6versv\u00e4mningar) i klimatf\u00f6r\u00e4ndringens sp\u00e5r, olika former av it-attacker, splittring mellan olika grupper i samh\u00e4llet, p\u00e5verkansf\u00f6rs\u00f6k och falska nyheter. Tyv\u00e4rr lever vi ocks\u00e5 i en v\u00e4rld d\u00e4r de milit\u00e4ra hoten \u00f6kar. Ryssland har under de senaste \u00e5ren blivit allt mer aggressivt <!--more-->gentemot sina grannl\u00e4nder, vilket kulminerade i den regelr\u00e4tta invasionen av Ukraina i februari i \u00e5r. Invasionen tvingade oss i V\u00e4nsterpartiet att omv\u00e4rdera v\u00e5r syn p\u00e5 ut\u00f6kningen av Sveriges milit\u00e4ra f\u00f6rsvar, och gjorde i slut\u00e4ndan att vi gick med p\u00e5 2 % av BNP till det milit\u00e4ra f\u00f6rsvaret, trots den signal om Nato-anpassning som det s\u00e4nder. V\u00e4nsterpartiet menar att ett v\u00e4pnat angrepp mot Sverige \u00e4r osannolikt, men att det utifr\u00e5n dagens s\u00e4kerhetspolitiska l\u00e4ge inte kan uteslutas.<\/p>\n<p><strong>J\u00e4mlikhet ger s\u00e4kerhet och trygghet<\/strong><br \/>\nI grunden menar V\u00e4nsterpartiet s\u00e5klart att ett mer j\u00e4mlikt samh\u00e4lle \u00e4r ett tryggare och s\u00e4krare samh\u00e4lle. Det m\u00e5ste d\u00e4rf\u00f6r vara en del av v\u00e5r s\u00e4kerhetspolitik att g\u00f6ra samh\u00e4llet mer j\u00e4mlikt och st\u00e4rka samh\u00e4llets grund \u2013 v\u00e4lf\u00e4rden. Vi beh\u00f6ver ha ett st\u00f6rre fokus p\u00e5 begreppet \u201dm\u00e4nsklig s\u00e4kerhet\u201d och se m\u00e4nniskors s\u00e4kerhet och trygghet i ett helhetsperspektiv. I en trygg och s\u00e4ker v\u00e4rld m\u00e5ste det finnas stabila m\u00e4nskliga r\u00e4ttigheter, stark demokrati, mat och vatten till alla, j\u00e4mst\u00e4lldhet och j\u00e4mlikhet mellan grupper, frihet fr\u00e5n v\u00e5ld, tv\u00e5ng och f\u00f6rtryck samt sjukv\u00e5rd tillg\u00e4nglig f\u00f6r alla. V\u00e5r v\u00e4rld \u00e4r tyv\u00e4rr l\u00e5ngt fr\u00e5n s\u00e4ker f\u00f6r alla m\u00e4nniskor i dag.<\/p>\n<p><strong>Fortsatt nej till svenskt Nato-medlemskap<\/strong><br \/>\nTrots att flera partier nu har sv\u00e4ngt om synen p\u00e5 svenskt Nato-medlemskap st\u00e5r V\u00e4nsterpartiet fast vi att milit\u00e4r alliansfrihet \u00e4r en f\u00f6ruts\u00e4ttning f\u00f6r att kunna f\u00f6ra en sj\u00e4lvst\u00e4ndig och progressiv utrikespolitik. Diplomati, bist\u00e5nd och solidaritetsarbete \u00e4r de viktigaste metoderna f\u00f6r att bygga fred i v\u00e4rlden. Sverige ska vara en stark r\u00f6st i v\u00e4rlden och g\u00e5 i spetsen f\u00f6r fred och nedrustning samtidigt som vi st\u00e5r upp f\u00f6r de m\u00e4nskliga r\u00e4ttigheterna. V\u00e4nsterpartiet \u00e4r fortsatt emot ett svenskt Nato-medlemskap och vi ser nu hur de krav och hot fr\u00e5n Turkiet som vi varnade f\u00f6r har blivit verklighet. Det senaste beskedet fr\u00e5n regeringen f\u00f6r att blidka Turkiet \u00e4r att Sverige \u00e5terigen ska b\u00f6rja exportera vapen dit. V\u00e4nsterpartiet hade hellre velat att Sverige skulle forts\u00e4tta utveckla det nordiska f\u00f6rsvarssamarbetet, d\u00e4r vi idag har ett mycket v\u00e4l utvecklat samarbete med Finland. Det \u00e4r i den nordiska kontexten vi kan bygga bra samarbeten f\u00f6r att f\u00f6rsvara oss tillsammans b\u00e5de mot civila och milit\u00e4ra hot.<\/p>\n<p><strong>St\u00e4rk det svenska totalf\u00f6rsvaret<\/strong><br \/>\nV\u00e4nsterpartiet st\u00e5r bakom arbetet f\u00f6r att \u00e5teruppr\u00e4tta och st\u00e4rka Sveriges samlade totalf\u00f6rsvar, d\u00e4r det civila samh\u00e4llets robusthet och motst\u00e5ndskraft st\u00e4rks f\u00f6r att vi ska kunna st\u00e5 emot olika former av kriser och i v\u00e4rsta fall krig. Totalf\u00f6rsvaret \u00e4r hela samh\u00e4llet, allt fr\u00e5n el och dricksvatten till evakueringar, kommunikation och infrastruktur. Ett starkt totalf\u00f6rsvar kr\u00e4ver stora investeringar och \u00f6kade resurser till hela samh\u00e4llet, n\u00e5got som V\u00e4nsterpartiet f\u00f6respr\u00e5kar oavsett det s\u00e4kerhetspolitiska l\u00e4get i v\u00e4rlden. De kriser vi sett senaste \u00e5ren (stora skogsbr\u00e4nder, pandemin, IT-attacker och de m\u00e5nga flyktingar som kommit till Sverige) visar med mycket stor tydlighet p\u00e5 hur svagt v\u00e5rt v\u00e4lf\u00e4rdssamh\u00e4lle har blivit, hur lite resurser det finns och hur \u00f6verarbetad personalen inom stora delar av v\u00e4lf\u00e4rdssektorn \u00e4r. Nedsk\u00e4rningar har gjort v\u00e4lf\u00e4rden mycket s\u00e5rbar. Om personal i exempelvis sjukv\u00e5rden redan g\u00e5r p\u00e5 kn\u00e4na innan en kris uppst\u00e5r, hur ska de d\u00e5 kunna l\u00e4gga in det extra arbete som en stor kris kr\u00e4ver? Det \u00e4r kommunerna som bedriver en stor del av den verksamhet som ligger allra n\u00e4rmast m\u00e4nniskors vardag: f\u00f6rskolan, skolan, \u00e4ldreomsorgen och det sociala arbetet. P\u00e5 regional niv\u00e5 tillkommer samh\u00e4llsviktiga verksamheter som sjukv\u00e5rd och kollektivtrafik. Allt detta m\u00e5ste fungera i en kris. F\u00f6r att kommunerna ska klarar av att h\u00e5lla ig\u00e5ng verksamheten kr\u00e4vs planering, resurser, kunskaper och \u00f6vning.<\/p>\n<p><strong>Stoppa privatiseringarna<\/strong><br \/>\nPrivatiseringar och utf\u00f6rs\u00e4ljningar av offentlig verksamhet gjort att m\u00e5nga kommuner inte har r\u00e5dighet \u00f6ver den samh\u00e4llsviktiga verksamheten inom kommunens gr\u00e4nser, n\u00e5got som f\u00f6rsv\u00e5rar samordning och styrning vid kriser. Fr\u00e5n att ha haft en offentlig organisation som hade \u00f6verblick, kunde planera och prioritera har vi nu samh\u00e4llsviktig verksamhet uppdelad p\u00e5 ett mycket stort antal akt\u00f6rer, varav en del dessutom har utl\u00e4ndskt \u00e4gande, som alla bara har koll p\u00e5 sin lilla bit. Det g\u00f6r oss s\u00e5rbara. Vi m\u00e5ste se betydelsen av offentligt \u00e4gande och offentlig styrning av samh\u00e4llsviktig verksamhet som en del av arbetet med att bygga ett robust och s\u00e4kert samh\u00e4lle. Att s\u00e4lja ut samh\u00e4llsviktig verksamhet riskerar att uts\u00e4tta b\u00e5de landet och medborgarna f\u00f6r stora risker. V\u00e4nsterpartiets motst\u00e5nd mot privatiseringar och utl\u00e4ndskt \u00e4gande av samh\u00e4llsviktig verksamhet har d\u00e4rf\u00f6r de senaste \u00e5ren ocks\u00e5 f\u00e5tt en s\u00e4kerhetspolitisk dimension, vilket ytterligare st\u00e4rker v\u00e5ra argument f\u00f6r att det \u00e4r v\u00e4nsterpolitik med fokus p\u00e5 gemenskap som skyddar oss fr\u00e5n kriser, inte h\u00f6gerpolitikens konkurrens och splittring.<\/p>\n<p><strong>Ett folkf\u00f6rankrat totalf\u00f6rsvar<\/strong><br \/>\nV\u00e4nsterpartiet betonar vikten av ett folkligt f\u00f6rankrat f\u00f6rsvar och en trov\u00e4rdig svensk milit\u00e4r alliansfrihet. Den viktigaste grundpelaren f\u00f6r folkf\u00f6rankring i det milit\u00e4ra f\u00f6rsvaret \u00e4r v\u00e4rnplikten.<br \/>\nF\u00f6rsvaret av Sverige \u00e4r en angel\u00e4genhet f\u00f6r hela befolkningen, oavsett bakgrund och erfarenheter.<br \/>\nV\u00e4rnplikten \u00e5terinf\u00f6rdes 2018 efter att ha varit vilande i tio \u00e5r, och gjordes d\u00e5 allm\u00e4n f\u00f6r b\u00e5de m\u00e4n och kvinnor. Ungef\u00e4r 8000 ungdomar g\u00f6r v\u00e4rnplikt varje \u00e5r, ett m\u00e5l som V\u00e4nsterpartiet st\u00e5r bakom. Det \u00e4r s\u00e5klart otroligt viktigt att v\u00e4rnplikten \u00e4r en bra utbildning f\u00f6r alla som g\u00f6r den, att det finns tillr\u00e4ckliga resurser, att alla f\u00e5r r\u00e4tt materiel, att bef\u00e4len har r\u00e4tt utbildning, att ingen uts\u00e4tts f\u00f6r n\u00e5gon form av kr\u00e4nkande behandling och att medinflytandet genom Pliktr\u00e5det fungerar.<\/p>\n<p>Det ska vara m\u00f6jligt att g\u00f6ra b\u00e5de milit\u00e4r och civil tj\u00e4nstg\u00f6ring. V\u00e4nsterpartiet f\u00f6respr\u00e5kar d\u00e4rf\u00f6r, precis som en majoritet av riksdagen under f\u00f6rra mandatperioden, att en civilplikt inf\u00f6rs. En modern civilplikt inkluderar olika former av utbildningar som \u00e4r viktiga f\u00f6r att st\u00e5 emot kriser. Det kan t.ex. handla om beredskap inom elf\u00f6rs\u00f6rjning, cyberf\u00f6rm\u00e5ga, sjukv\u00e5rd, omsorg, transport, milj\u00f6skydd och logistik. Genom dessa utbildningar g\u00f6r vi samh\u00e4llet \u00e4nnu mer robust f\u00f6r olika typer av kriser och h\u00f6jer kunskapsniv\u00e5n hos befolkningen om hur var och en kan bidra i det civila f\u00f6rsvaret.<\/p>\n<p>En annan viktig del av folkf\u00f6rankringen av totalf\u00f6rsvaret \u00e4r hemv\u00e4rnet och de frivilliga f\u00f6rsvarsorganisationerna. De har en bred medlemsbas av personer fr\u00e5n olika delar av samh\u00e4llet med olika kunskaper och erfarenheter. \u00c4ven andra delar av civilsamh\u00e4llet, som R\u00f6da Korset, idrottsf\u00f6reningar, religi\u00f6sa samfund och andra stora f\u00f6reningar som t.ex. scouterna, spelar stor roll f\u00f6r att mobilisera frivilliga i st\u00f6rre och mindre kriser. I varje kommun b\u00f6r det finnas en frivillig resursgrupp (FRG) d\u00e4r frivilliga kan engagera sig f\u00f6r att hj\u00e4lpa till vid mindre eller st\u00f6rre kriser. S\u00e5dana grupper har spelat en viktig roll under coronapandemin men \u00e4ven under tidigare kriser.<\/p>\n<p><strong>Ett v\u00e4xande milit\u00e4rt f\u00f6rsvar<\/strong><br \/>\nF\u00f6rsvarsmakten kommer v\u00e4xa mycket de n\u00e4rmaste \u00e5ren. Efter m\u00e5nga \u00e5r av nedsk\u00e4rningar och ett milit\u00e4rt f\u00f6rsvar som var p\u00e5 en miniminiv\u00e5 ser \u00e4ven vi i V\u00e4nsterpartiet behovet av tillv\u00e4xt. Det inneb\u00e4r att F\u00f6rsvarsmakten m\u00e5ste anst\u00e4lla mer personal \u2013 men framf\u00f6rallt att man lyckas beh\u00e5lla den personalen som redan finns och locka personer som slutat tillbaka till yrket. Som v\u00e4nsterpartist \u00e4r det inte sv\u00e5rt att engagera sig i fr\u00e5gor som r\u00f6r arbetsvillkor, arbetsmilj\u00f6 och l\u00f6ner (\u00e4ven om l\u00f6ner s\u00e5klart ska f\u00f6rhandlas mellan arbetsmarknadens parter och inte s\u00e4ttas av politiker), och det finns stora behov av f\u00f6rb\u00e4ttringar p\u00e5 dessa omr\u00e5den inom F\u00f6rsvarsmakten. N\u00e5gra aktuella fr\u00e5gor \u00e4r att se \u00f6ver den lite konstiga regeln om max antal anst\u00e4llnings\u00e5r f\u00f6r soldater (12 \u00e5r) och \u00f6verg\u00e5ngsvillkor f\u00f6r pensions\u00e5lder (h\u00e4r har bland annat stridspiloter hamnat i kl\u00e4m).<\/p>\n<p>N\u00e4r F\u00f6rsvarsmakten nu ska v\u00e4xa har V\u00e4nsterpartiet haft fokus p\u00e5 att tillv\u00e4xten m\u00e5ste ske p\u00e5 ett h\u00e5llbart s\u00e4tt. Vi har lyssnat noga p\u00e5 vad f\u00f6rsvarsmyndigheterna anser \u00e4r m\u00f6jligt och \u00f6nskv\u00e4rt, hur och var de vill v\u00e4xa. V\u00e4nsterpartiet har d\u00e4rf\u00f6r f\u00f6respr\u00e5kat l\u00e5ngsam tillv\u00e4xt och att verksamheten ska v\u00e4xa p\u00e5 de orter d\u00e4r man redan finns, i enlighet med F\u00f6rsvarsmaktens \u00f6nskem\u00e5l. Det betyder att vi har r\u00f6stat nej till nya regementen p\u00e5 nya orter men st\u00e5tt bakom att ut\u00f6ka i Arvidsjaur, G\u00f6teborg och Uppsala. Det finns stor risk att regionalpolitik f\u00e5r spela alltf\u00f6r stor roll n\u00e4r nya regementsorter beslutas och det \u00e4r inte ett ansvarsfullt s\u00e4tt att bedriva f\u00f6rsvarspolitik.<\/p>\n<p><strong>Ta ansvar f\u00f6r klimat och milj\u00f6<\/strong><br \/>\nF\u00f6rsvarsverksamhet \u00e4r l\u00e5ngt ifr\u00e5n milj\u00f6v\u00e4nlig. De stora milit\u00e4ra fordonen och flygplanen inneb\u00e4r stora utsl\u00e4pp, m\u00e5nga skjutf\u00e4lt \u00e4r f\u00f6rorenade efter \u00e5rtionden av \u00f6vningar och stora landytor med v\u00e4rdefull natur tas i anspr\u00e5k f\u00f6r milit\u00e4r verksamhet. Svenska Freds publicerade f\u00f6r tv\u00e5 \u00e5r sedan en rapport om F\u00f6rsvarsmaktens milj\u00f6- och klimatarbete som visar p\u00e5 stora brister, men framf\u00f6rallt att det \u00e4r sv\u00e5rt att granska F\u00f6rsvarsmaktens arbete p\u00e5 detta omr\u00e5de p\u00e5 grund av den stora sekretessen.<\/p>\n<p>Vi lever mitt i klimatf\u00f6r\u00e4ndring och \u00f6kande milj\u00f6problem. Klimatf\u00f6r\u00e4ndring \u00e4r i sig ett hot mot v\u00e5rt samh\u00e4lle och v\u00e5r s\u00e4kerhet, och alla delar av samh\u00e4llet m\u00e5ste d\u00e4rf\u00f6r verka f\u00f6r omst\u00e4llning f\u00f6r att minska utsl\u00e4ppen, sluta f\u00f6rorena dricksvattnet och stoppa den milj\u00f6f\u00f6rst\u00f6ring som p\u00e5 m\u00e5nga st\u00e4llen i v\u00e4rlden orsakar konflikter och krig och tvingar m\u00e4nniskor att fly. F\u00f6rsvarsmakten m\u00e5ste sluta utg\u00f6ra ett hinder f\u00f6r den samh\u00e4llsomst\u00e4llning som beh\u00f6vs. Idag har totalf\u00f6rsvaret en s\u00e4rst\u00e4llning i milj\u00f6balken som g\u00f6r att totalf\u00f6rsvarets intressen kan stoppa n\u00f6dv\u00e4ndiga investeringar i till exempel vindkraft. Detta m\u00e5ste f\u00f6r\u00e4ndras. F\u00f6rsvarsmakten s\u00e4tter idag stopp f\u00f6r utbyggnad av b\u00e5de havbaserad vindkraft och solpaneler p\u00e5 land i framf\u00f6rallt s\u00f6dra Sverige. F\u00f6retag som vill bygga ut f\u00f6rnybar energi har erbjudit m\u00f6jliga l\u00f6sningar f\u00f6r att kunna garantera F\u00f6rsvarsmaktens \u00f6vningar men inte f\u00e5tt tillr\u00e4ckligt geh\u00f6r.<\/p>\n<p>En annan stor milj\u00f6p\u00e5verkande verksamhet \u00e4r F\u00f6rsvarsmaktens \u00f6vningar i och \u00f6ver V\u00e4ttern. Sveriges n\u00e4st st\u00f6rsta sj\u00f6 \u00e4r i dag en viktig dricksvattent\u00e4kt f\u00f6r ca 280 000 personer med ett m\u00e5l om att ut\u00f6ka f\u00f6r fler personer och st\u00f6rre omr\u00e5den fram\u00f6ver. Protesterna mot F\u00f6rsvarsmaktens \u00f6vningar \u00e4r stora och V\u00e4nsterpartiet menar att \u00f6vningarna m\u00e5ste begr\u00e4nsas och p\u00e5 sikt upph\u00f6ra. Behovet av rent dricksvatten i framtiden m\u00e5ste vara ett st\u00f6rre intresse \u00e4n de milit\u00e4ra \u00f6vningarna. F\u00f6rsvarsmakten ska sj\u00e4lvklart inte kunna f\u00e5 n\u00e5gra undantag fr\u00e5n lagstiftning eller n\u00f6dv\u00e4ndiga \u00e5tg\u00e4rder f\u00f6r att skydda milj\u00f6n.<\/p>\n<p>F\u00f6r att samh\u00e4llet ska vara tryggt, s\u00e4kert och motst\u00e5ndskraftigt mot kriser och i v\u00e4rsta fall krig kr\u00e4vs framf\u00f6rallt stora investeringar i v\u00e5r gemensamma v\u00e4lf\u00e4rd, att vi stoppar privatiseringar och utl\u00e4ndskt \u00e4gande av samh\u00e4llsviktig verksamhet och p\u00e5 allvar ser till att vi har ett samh\u00e4lle d\u00e4r alla f\u00e5r plats och k\u00e4nner att de h\u00f6r hemma. Men det beh\u00f6vs ocks\u00e5 ett milit\u00e4rt f\u00f6rsvar som kan f\u00f6rsvara Sverige. Ett starkt totalf\u00f6rsvar beh\u00f6vs f\u00f6r ett robust och s\u00e4kert samh\u00e4lle.<\/p>\n<p><strong>Hanna Gunnarsson<\/strong> \u00e4r f\u00f6rsvarspolitisk talesperson f\u00f6r V\u00e4nsterpartiet<\/p>\n","protected":false},"excerpt":{"rendered":"<p>Hanna Gunnarsson, f\u00f6rsvarspolitisk talesperson f\u00f6r V\u00e4nsterpartiet, utvecklar partiets syn p\u00e5 behovet av ett folkf\u00f6rankrat milit\u00e4rt f\u00f6rsvar. Vi lever i ett mer s\u00e5rbart samh\u00e4lle. De senaste \u00e5ren har det blivit tydligt vilka civila hot som finns mot Sverige, som naturkatastrofer (br\u00e4nder, &hellip; <a href=\"http:\/\/www.rodarummet.org\/web\/2022\/10\/13\/ett-starkt-totalforsvar-behovs-for-ett-sakert-samhalle\/\">Forts\u00e4tt l\u00e4sa <span class=\"meta-nav\">&rarr;<\/span><\/a><\/p>\n","protected":false},"author":1,"featured_media":0,"comment_status":"closed","ping_status":"open","sticky":false,"template":"","format":"standard","meta":{"jetpack_post_was_ever_published":false,"_jetpack_newsletter_access":"","_jetpack_dont_email_post_to_subs":false,"_jetpack_newsletter_tier_id":0,"_jetpack_memberships_contains_paywalled_content":false,"_jetpack_memberships_contains_paid_content":false,"footnotes":"","jetpack_publicize_message":"","jetpack_publicize_feature_enabled":true,"jetpack_social_post_already_shared":true,"jetpack_social_options":{"image_generator_settings":{"template":"highway","default_image_id":0,"font":"","enabled":false},"version":2}},"categories":[1],"tags":[1367,1365,1364,1366],"class_list":["post-3157","post","type-post","status-publish","format-standard","hentry","category-okategoriserade","tag-folkforankrat-totalforsvar","tag-forsvarspolitisk-talesperson","tag-hanna-gunnarsson","tag-nej-till-nato"],"jetpack_publicize_connections":[],"jetpack_featured_media_url":"","jetpack_sharing_enabled":true,"jetpack_shortlink":"https:\/\/wp.me\/pRzA9-OV","_links":{"self":[{"href":"http:\/\/www.rodarummet.org\/web\/wp-json\/wp\/v2\/posts\/3157","targetHints":{"allow":["GET"]}}],"collection":[{"href":"http:\/\/www.rodarummet.org\/web\/wp-json\/wp\/v2\/posts"}],"about":[{"href":"http:\/\/www.rodarummet.org\/web\/wp-json\/wp\/v2\/types\/post"}],"author":[{"embeddable":true,"href":"http:\/\/www.rodarummet.org\/web\/wp-json\/wp\/v2\/users\/1"}],"replies":[{"embeddable":true,"href":"http:\/\/www.rodarummet.org\/web\/wp-json\/wp\/v2\/comments?post=3157"}],"version-history":[{"count":2,"href":"http:\/\/www.rodarummet.org\/web\/wp-json\/wp\/v2\/posts\/3157\/revisions"}],"predecessor-version":[{"id":3161,"href":"http:\/\/www.rodarummet.org\/web\/wp-json\/wp\/v2\/posts\/3157\/revisions\/3161"}],"wp:attachment":[{"href":"http:\/\/www.rodarummet.org\/web\/wp-json\/wp\/v2\/media?parent=3157"}],"wp:term":[{"taxonomy":"category","embeddable":true,"href":"http:\/\/www.rodarummet.org\/web\/wp-json\/wp\/v2\/categories?post=3157"},{"taxonomy":"post_tag","embeddable":true,"href":"http:\/\/www.rodarummet.org\/web\/wp-json\/wp\/v2\/tags?post=3157"}],"curies":[{"name":"wp","href":"https:\/\/api.w.org\/{rel}","templated":true}]}}