{"id":4050,"date":"2024-10-25T07:25:00","date_gmt":"2024-10-25T06:25:00","guid":{"rendered":"http:\/\/www.rodarummet.org\/web\/?p=4050"},"modified":"2024-10-30T23:45:41","modified_gmt":"2024-10-30T22:45:41","slug":"pa-spaning-i-bokskorden-2","status":"publish","type":"post","link":"http:\/\/www.rodarummet.org\/web\/2024\/10\/25\/pa-spaning-i-bokskorden-2\/","title":{"rendered":"P\u00e5 Spaning i boksk\u00f6rden"},"content":{"rendered":"\n<p>Israel-Palestinakonflikten forts\u00e4tter att s\u00e4tta avtryck i boksk\u00f6rden. Karneval f\u00f6rlag ger nu ut ytterligare tv\u00e5 b\u00f6cker av den israeliske historikern <strong>Ilan Papp\u00e9<\/strong> (hans <em><strong>Tio myter om Israel<\/strong><\/em>recenseras i detta nummer): <em><strong>Kort historik \u00f6ver Israel-Palestina-konflikten<\/strong><\/em> och <\/p>\n\n\n<div class=\"wp-block-image\">\n<figure class=\"alignleft size-full is-resized\"><a href=\"http:\/\/www.rodarummet.org\/web\/wp-content\/uploads\/2024\/10\/hundraarskriget-palestina-bok.jpg\"><img loading=\"lazy\" decoding=\"async\" width=\"350\" height=\"524\" src=\"http:\/\/www.rodarummet.org\/web\/wp-content\/uploads\/2024\/10\/hundraarskriget-palestina-bok.jpg\" alt=\"\" class=\"wp-image-4051\" style=\"width:135px;height:auto\" srcset=\"http:\/\/www.rodarummet.org\/web\/wp-content\/uploads\/2024\/10\/hundraarskriget-palestina-bok.jpg 350w, http:\/\/www.rodarummet.org\/web\/wp-content\/uploads\/2024\/10\/hundraarskriget-palestina-bok-200x300.jpg 200w\" sizes=\"auto, (max-width: 350px) 100vw, 350px\" \/><\/a><\/figure>\n<\/div>\n\n\n<p><em><strong>Den etniska rensningen av Palestina<\/strong><\/em> (b\u00e5da ursprungligen utgivna p\u00e5 engelska 2006), samt \u00e4ven <em><strong>Hundra\u00e5rskriget mot Palestina<\/strong><\/em> av <br><strong>Rashid Khalidi<\/strong> palestinsk-amerikansk historiker verksam vid Columbia University, d\u00e4r han innehar Edward Saidprofessuren. Boken analyserar etablerandet av staten Israel som ett fall av bos\u00e4ttarkolonialism. P\u00e5 Atlas f\u00f6rlag finner vi en nyutg\u00e5va av Lotta Sch\u00fcllerqvists <em><strong>Marnas hemlighet: ber\u00e4ttelser fr\u00e5n Gaza<\/strong><\/em>. Boken skrevs ursprungligen 2010 och ger en inblick i vardagen f\u00f6re det senaste f\u00f6r\u00f6dande kriget.<\/p>\n\n\n\n<!--more-->\n\n\n\n<p>Fr\u00e5n Arkiv i samarbete med Katalys kommer <em><strong>Angreppet: s\u00e5 urholkar Tid\u00f6regeringen v\u00e5r demokrati<\/strong><\/em>, i vilken Peter Gustavsson nagelfar auktorit\u00e4ra trender i Sverige, exemplifierade av allt fr\u00e5n angiverilag till slopat f\u00f6reningsst\u00f6d. En undergr\u00e4vd demokrati \u00e4r \u00e4ven temat f\u00f6r <em><strong>K\u00e4nslor och populism<\/strong><\/em> av Eva Illouz (Daidalos), en \u00f6vers\u00e4ttning av en bok fr\u00e5n 2022.<\/p>\n\n\n<div class=\"wp-block-image\">\n<figure class=\"alignright size-large is-resized\"><a href=\"http:\/\/www.rodarummet.org\/web\/wp-content\/uploads\/2024\/10\/sa-urholkar-Tidoregeringen-var-demokrati.jpg\"><img loading=\"lazy\" decoding=\"async\" width=\"1024\" height=\"577\" src=\"http:\/\/www.rodarummet.org\/web\/wp-content\/uploads\/2024\/10\/sa-urholkar-Tidoregeringen-var-demokrati-1024x577.jpg\" alt=\"\" class=\"wp-image-4052\" style=\"width:354px;height:auto\" srcset=\"http:\/\/www.rodarummet.org\/web\/wp-content\/uploads\/2024\/10\/sa-urholkar-Tidoregeringen-var-demokrati-1024x577.jpg 1024w, http:\/\/www.rodarummet.org\/web\/wp-content\/uploads\/2024\/10\/sa-urholkar-Tidoregeringen-var-demokrati-300x169.jpg 300w, http:\/\/www.rodarummet.org\/web\/wp-content\/uploads\/2024\/10\/sa-urholkar-Tidoregeringen-var-demokrati-768x433.jpg 768w, http:\/\/www.rodarummet.org\/web\/wp-content\/uploads\/2024\/10\/sa-urholkar-Tidoregeringen-var-demokrati-1536x866.jpg 1536w, http:\/\/www.rodarummet.org\/web\/wp-content\/uploads\/2024\/10\/sa-urholkar-Tidoregeringen-var-demokrati.jpg 2048w\" sizes=\"auto, (max-width: 1024px) 100vw, 1024px\" \/><\/a><\/figure>\n<\/div>\n\n\n<p>Johan Forn\u00e4s, numera professor emeritus i kulturvetenskap, som tidigare har genomf\u00f6rt kulturanalyser av \u00e4mnen som ungdomskultur, konsumtion och jazz, analyserar i boken <em><strong>Jag g\u00e5r ut med min hund<\/strong><\/em> den gr\u00e4ns\u00f6verskridande k\u00e4rleken mellan djur och m\u00e4nniskor (Korpen). <\/p>\n\n\n<div class=\"wp-block-image\">\n<figure class=\"alignleft size-large is-resized\"><a href=\"http:\/\/www.rodarummet.org\/web\/wp-content\/uploads\/2024\/10\/Jag-gar-ut-med-min-hund.jpg\"><img loading=\"lazy\" decoding=\"async\" width=\"651\" height=\"1024\" src=\"http:\/\/www.rodarummet.org\/web\/wp-content\/uploads\/2024\/10\/Jag-gar-ut-med-min-hund-651x1024.jpg\" alt=\"\" class=\"wp-image-4053\" style=\"width:174px;height:auto\" srcset=\"http:\/\/www.rodarummet.org\/web\/wp-content\/uploads\/2024\/10\/Jag-gar-ut-med-min-hund-651x1024.jpg 651w, http:\/\/www.rodarummet.org\/web\/wp-content\/uploads\/2024\/10\/Jag-gar-ut-med-min-hund-191x300.jpg 191w, http:\/\/www.rodarummet.org\/web\/wp-content\/uploads\/2024\/10\/Jag-gar-ut-med-min-hund-768x1208.jpg 768w, http:\/\/www.rodarummet.org\/web\/wp-content\/uploads\/2024\/10\/Jag-gar-ut-med-min-hund-976x1536.jpg 976w, http:\/\/www.rodarummet.org\/web\/wp-content\/uploads\/2024\/10\/Jag-gar-ut-med-min-hund-1302x2048.jpg 1302w, http:\/\/www.rodarummet.org\/web\/wp-content\/uploads\/2024\/10\/Jag-gar-ut-med-min-hund.jpg 1627w\" sizes=\"auto, (max-width: 651px) 100vw, 651px\" \/><\/a><\/figure>\n<\/div>\n\n\n<p>K\u00e4rlek \u00e4r ocks\u00e5 temat f\u00f6r <em><strong>Konsten att vara m\u00e4nsklig: en ess\u00e4 om moral och l\u00e4ngtan efter k\u00e4rlek och demokrati<\/strong><\/em>, av Emma Engdahl, professor i sociologi vid G\u00f6teborgs universitet (Korpen). Om viljan att leva tillsammans som en drivkraft f\u00f6r nationsbildande skriver den omstridde franske religionshistorikern <strong>Ernest Renan<\/strong> (1823-1883) i <em><strong>Vad \u00e4r en nation?,<\/strong><\/em> (Korpen) som inneh\u00e5ller en samling texter fr\u00e5n 1882-1883. \u00d6verstatlighet \u00e4r temat f\u00f6r <em><strong>Disciplinerad demokrati<\/strong><\/em> (Verbal), d\u00e4r Jonas Elvander, utrikesredakt\u00f6r p\u00e5 Flamman och doktorand i historia, tecknar EU:s historia i ett kritiskt perspektiv.<\/p>\n\n\n\n<p>F\u00f6r omst\u00e4llningsintresserade finns Lisa Pellings och Marika Palmer Riveras <em><strong>Livet som p\u00e5g\u00e5r h\u00e4r: samtal om klimatet och omst\u00e4llningen<\/strong><\/em> (Atlas), som bygger p\u00e5 \u00f6ver tv\u00e5hundra samtal med m\u00e4nniskor p\u00e5 den svenska landsbygden och i sm\u00e5 orter om hur en klimatomst\u00e4llning ska ske f\u00f6r att uppfattas som r\u00e4ttvis. P\u00e5 temat djurr\u00e4tt hittar vi <a href=\"http:\/\/www.rodarummet.org\/arkiv\/skinkmacka.htm\" target=\"_blank\" rel=\"noreferrer noopener\">Pelle Strindlund<\/a>s bok <em><strong>Upp med djuren: art\u00f6verskridande v\u00e4lvilja fr\u00e5n antiken till Astrid Lindgren<\/strong><\/em> (h:str\u00f6m) som historiskt g\u00e5r igenom viktiga inspirationsk\u00e4llor till dagens djurr\u00e4ttsdiskurs.<\/p>\n\n\n\n<p><\/p>\n","protected":false},"excerpt":{"rendered":"<p>Israel-Palestinakonflikten forts\u00e4tter att s\u00e4tta avtryck i boksk\u00f6rden. Karneval f\u00f6rlag ger nu ut ytterligare tv\u00e5 b\u00f6cker av den israeliske historikern Ilan Papp\u00e9 (hans Tio myter om Israelrecenseras i detta nummer): Kort historik \u00f6ver Israel-Palestina-konflikten och Den etniska rensningen av Palestina (b\u00e5da &hellip; <a href=\"http:\/\/www.rodarummet.org\/web\/2024\/10\/25\/pa-spaning-i-bokskorden-2\/\">Forts\u00e4tt l\u00e4sa <span class=\"meta-nav\">&rarr;<\/span><\/a><\/p>\n","protected":false},"author":1,"featured_media":0,"comment_status":"closed","ping_status":"open","sticky":false,"template":"","format":"standard","meta":{"jetpack_post_was_ever_published":false,"_jetpack_newsletter_access":"","_jetpack_dont_email_post_to_subs":false,"_jetpack_newsletter_tier_id":0,"_jetpack_memberships_contains_paywalled_content":false,"_jetpack_memberships_contains_paid_content":false,"footnotes":"","jetpack_publicize_message":"","jetpack_publicize_feature_enabled":true,"jetpack_social_post_already_shared":true,"jetpack_social_options":{"image_generator_settings":{"template":"highway","default_image_id":0,"font":"","enabled":false},"version":2}},"categories":[1],"tags":[1721,1722,1719,1726,1626,1720,1723,1725,1717,1724,1727,1718],"class_list":["post-4050","post","type-post","status-publish","format-standard","hentry","category-okategoriserade","tag-emma-engdahl","tag-ernest-renan","tag-eva-illouz","tag-for-omstallningsintresserade-finns-lisa-pellings-och-marika-palmer-riveras-livet-som-pagar-har-samtal-om-klimatet-och-omstallningen-atlas","tag-ilan-pappe","tag-johan-fornas","tag-jonas-elvander","tag-lisa-pelling","tag-lotta-schullerqvist","tag-marika-palmer-rivera","tag-pelle-strindlund","tag-peter-gustavsson"],"jetpack_publicize_connections":[],"jetpack_featured_media_url":"","jetpack_sharing_enabled":true,"jetpack_shortlink":"https:\/\/wp.me\/pRzA9-13k","_links":{"self":[{"href":"http:\/\/www.rodarummet.org\/web\/wp-json\/wp\/v2\/posts\/4050","targetHints":{"allow":["GET"]}}],"collection":[{"href":"http:\/\/www.rodarummet.org\/web\/wp-json\/wp\/v2\/posts"}],"about":[{"href":"http:\/\/www.rodarummet.org\/web\/wp-json\/wp\/v2\/types\/post"}],"author":[{"embeddable":true,"href":"http:\/\/www.rodarummet.org\/web\/wp-json\/wp\/v2\/users\/1"}],"replies":[{"embeddable":true,"href":"http:\/\/www.rodarummet.org\/web\/wp-json\/wp\/v2\/comments?post=4050"}],"version-history":[{"count":4,"href":"http:\/\/www.rodarummet.org\/web\/wp-json\/wp\/v2\/posts\/4050\/revisions"}],"predecessor-version":[{"id":4064,"href":"http:\/\/www.rodarummet.org\/web\/wp-json\/wp\/v2\/posts\/4050\/revisions\/4064"}],"wp:attachment":[{"href":"http:\/\/www.rodarummet.org\/web\/wp-json\/wp\/v2\/media?parent=4050"}],"wp:term":[{"taxonomy":"category","embeddable":true,"href":"http:\/\/www.rodarummet.org\/web\/wp-json\/wp\/v2\/categories?post=4050"},{"taxonomy":"post_tag","embeddable":true,"href":"http:\/\/www.rodarummet.org\/web\/wp-json\/wp\/v2\/tags?post=4050"}],"curies":[{"name":"wp","href":"https:\/\/api.w.org\/{rel}","templated":true}]}}