{"id":4920,"date":"2026-04-06T22:27:59","date_gmt":"2026-04-06T21:27:59","guid":{"rendered":"https:\/\/www.rodarummet.org\/web\/?p=4920"},"modified":"2026-04-06T22:28:01","modified_gmt":"2026-04-06T21:28:01","slug":"motstand-som-en-vav-av-manniskor","status":"publish","type":"post","link":"http:\/\/www.rodarummet.org\/web\/2026\/04\/06\/motstand-som-en-vav-av-manniskor\/","title":{"rendered":"Motst\u00e5nd som en v\u00e4v av m\u00e4nniskor"},"content":{"rendered":"\n<p class=\"has-medium-font-size\"><strong>En intervju om aktivism i en tid av folkmord och klimatkatastrof<\/strong><\/p>\n\n\n\n<figure class=\"wp-block-image size-large\"><a href=\"https:\/\/www.rodarummet.org\/web\/wp-content\/uploads\/2026\/04\/Wahdan_Achmad_Syaehuddin.jpg\"><img loading=\"lazy\" decoding=\"async\" width=\"1024\" height=\"502\" src=\"https:\/\/www.rodarummet.org\/web\/wp-content\/uploads\/2026\/04\/Wahdan_Achmad_Syaehuddin-1024x502.jpg\" alt=\"\" class=\"wp-image-4923\" srcset=\"http:\/\/www.rodarummet.org\/web\/wp-content\/uploads\/2026\/04\/Wahdan_Achmad_Syaehuddin-1024x502.jpg 1024w, http:\/\/www.rodarummet.org\/web\/wp-content\/uploads\/2026\/04\/Wahdan_Achmad_Syaehuddin-300x147.jpg 300w, http:\/\/www.rodarummet.org\/web\/wp-content\/uploads\/2026\/04\/Wahdan_Achmad_Syaehuddin-768x377.jpg 768w, http:\/\/www.rodarummet.org\/web\/wp-content\/uploads\/2026\/04\/Wahdan_Achmad_Syaehuddin-1536x754.jpg 1536w, http:\/\/www.rodarummet.org\/web\/wp-content\/uploads\/2026\/04\/Wahdan_Achmad_Syaehuddin.jpg 1553w\" sizes=\"auto, (max-width: 1024px) 100vw, 1024px\" \/><\/a><\/figure>\n\n\n\n<p><strong>I v\u00e5r krist\u00e4ta samtid tr\u00e4der en ny generation aktivister fram. De reser t\u00e4lt p\u00e5 universitetsomr\u00e5den f\u00f6r att protestera mot tystnaden kring folkmordet i Gaza, de blockerar maskiner f\u00f6r att stoppa rovdrift av naturen. R\u00f6da rummets Johan \u00d6restig Kling har tr\u00e4ffat studenten och aktivisten Alva Danielsson och intervjuat henne om vilka l\u00e4rdomar hon gjort under sina \u00e5r i Palestina- och klimatr\u00e4ttviser\u00f6relsen.<\/strong><\/p>\n\n\n\n<!--more-->\n\n\n\n<p>F\u00f6rsta g\u00e5ngen jag tr\u00e4ffade Alva Danielsson var p\u00e5 Ume\u00e5 universitets campusomr\u00e5de i maj 2024. D\u00e4r, i gr\u00e4set vid dammen utanf\u00f6r Samh\u00e4llsvetarhuset, hade hon tillsammans med andra studenter uppr\u00e4ttat ett protestl\u00e4ger f\u00f6r att uppm\u00e4rksamma Israels p\u00e5g\u00e5ende folkmord i Gaza. I likhet med studenter \u00f6ver hela v\u00e4rlden riktade de ocks\u00e5 krav mot ledningen f\u00f6r det egna universitetet. De ville se samma sj\u00e4lvklara st\u00f6d f\u00f6r palestinierna som universitetet visat f\u00f6r ukrainare i samband med Rysslands invasion. D\u00e5 hissades den ukrainska flaggan, det gjordes kraftfulla uttalanden och det organiserades insamlingar till st\u00f6d f\u00f6r ukrainska studenter, forskare och l\u00e4rare. Palestinierna, och de som stod upp i solidaritet med dem, m\u00f6ttes med tystnad och passivitet.<\/p>\n\n\n\n<p>Det var inspirerande att se en ny generation studenter v\u00e4cka liv i det universitet som varit min arbetsplats i tv\u00e5 decennier. N\u00e4r jag sj\u00e4lv var student under \u00e5ren kring millennieskiftet var det politiska livet p\u00e5 universitetet vitalt. Den globaliseringsr\u00f6relse som mobiliserade protester mot internationella politiska toppm\u00f6ten och samlades kring de enorma arrangemangen World Social Forum var fortfarande p\u00e5 uppg\u00e5ng. Tidskrifter som Ordfront och bokf\u00f6rlag som Atlas tillg\u00e4ngliggjorde internationella debatter om v\u00e4rldshandel, skuldkris och imperialism f\u00f6r alla oss som s\u00e5g det som h\u00e4nde i v\u00e4rlden som v\u00e5r angel\u00e4genhet. D\u00e4refter f\u00f6ljde en allm\u00e4n nedg\u00e5ng. Universitet blev en tystare, tr\u00e5kigare och in\u00e5tv\u00e4nd plats. Men n\u00e4r jag s\u00e5g studenterna som samlades d\u00e4r nere vid dammen tyckte jag mig se att n\u00e5got nytt var p\u00e5 g\u00e5ng. Det kom sig s\u00e4kert av att det de protesterade emot, det som kallats det f\u00f6rsta lives\u00e4nda folkmordet, var s\u00e5 omskakande och akut.<\/p>\n\n\n\n<p>Men det kom sig ocks\u00e5 av ett allvar och en beslutsamhet i deras engagemang som gjorde starkt intryck p\u00e5 mig och s\u00e4kert m\u00e5nga andra. De var inte bara v\u00e4ltaliga och kunniga utan verkade taktiskt smarta. De verkade inte bara inriktade p\u00e5 att synas och h\u00f6ras f\u00f6r stunden. Dessutom s\u00e5g de ut att verkligen vilja n\u00e5 ut till fler \u00e4n de redan fr\u00e4lsta och bygga upp en kapacitet som gjorde det m\u00f6jligt att uppn\u00e5 konkreta saker. Jag s\u00e5g samma sak i det bredare n\u00e4tverket Ume\u00e5 f\u00f6r Palestina, d\u00e4r m\u00e5nga av studenterna ocks\u00e5 var aktiva. De kallade till demonstrationer och manifestationer, men de hade ocks\u00e5 en bredare repertoar som s\u00e4kert s\u00e4nkte tr\u00f6sklarna f\u00f6r att n\u00e4rma sig och komma med i r\u00f6relsen. Ett exempel \u00e4r de basarer de bj\u00f6d in till, d\u00e4r det s\u00e5ldes mat, fika och kl\u00e4der och bj\u00f6ds p\u00e5 musik och dans. Jag blev nyfiken p\u00e5 var dessa unga aktivister kom ifr\u00e5n. Vilka var deras v\u00e4gar in i politisk aktivism? Vad driver dem och hur g\u00f6r de f\u00f6r att utveckla sina f\u00f6rm\u00e5gor att organisera aktioner och kampanjer?<\/p>\n\n\n\n<p><strong>Ett eget rum f\u00f6r unga aktivister<\/strong><br>S\u00e5 h\u00e4r drygt tv\u00e5 \u00e5r senare sitter jag med Alva Danielsson p\u00e5 mitt arbetsrum p\u00e5 universitetet och intervjuar henne kring de h\u00e4r fr\u00e5gorna. Hon \u00e4r nu 23 \u00e5r gammal, studerar tredje \u00e5ret p\u00e5 en kandidatutbildning i biologi och \u00e4r fortsatt v\u00e4ldigt engagerad, \u00e4ven om aktivismen p\u00e5 senare tid skett mer i skogen \u00e4n p\u00e5 campus. F\u00f6rutom Palestinaaktivismen s\u00e5 har Alva \u00e5ter g\u00e5tt upp i den milj\u00f6- och klimatkamp som var hennes v\u00e4g in i politiskt engagemang. Jag b\u00f6rjar med att fr\u00e5ga henne var hon \u00e4r uppv\u00e4xt och om det var sj\u00e4lvklart f\u00f6r henne att bli aktivist. Alva ber\u00e4ttar att hon \u00e4r uppvuxen i en by utanf\u00f6r Sundsvall. Familjen var inte s\u00e4rskilt politisk. Men de delade en n\u00e4ra relation till naturen och landskapet som s\u00e4kert varit viktigt f\u00f6r det engagemang hon gick in i som ton\u00e5ring. Som m\u00e5nga andra i hennes generation h\u00e4ngde klimatkrisen som ett tungt orosmoln \u00f6ver henne. Men det v\u00e4ckte ocks\u00e5 en vilja att g\u00f6ra n\u00e5gonting: \u201dJag var nog den d\u00e4r jobbiga ungen som ropade &#8217;Hall\u00e5, s\u00e5 h\u00e4r kan vi inte ha det! Nu m\u00e5ste vi t\u00e4nka nytt kring hur vi ska leva\u201d. Men det var inte f\u00f6rr\u00e4n f\u00f6rsta \u00e5ret p\u00e5 gymnasiet som Alva blev organiserad i n\u00e5gon egentlig mening. \u00c5ret var 2018 och Greta Thunbergs skolstrejk f\u00f6r klimatet hade b\u00f6rjat sprida sig \u00f6ver landet och v\u00e4rlden, s\u00e5 \u00e4ven till Sundsvall d\u00e4r Alva gick i gymnasiet. En tid efter att hon g\u00e5tt p\u00e5 sin f\u00f6rsta skolstrejk uppmanade en v\u00e4n henne att komma med p\u00e5 ett m\u00f6te: \u201dJag svarade att jag ju bara \u00e4r en ton\u00e5ring som \u00e4r orolig, jag har ingenting att bidra med. Min tanke var att man m\u00e5ste ha l\u00e4st alla IPCC-rapporter f\u00f6r att engagera sig\u201d. Alva skrattar n\u00e4r hon minns tillbaka p\u00e5 hur v\u00e4nnen svarade att det inte g\u00f6r n\u00e5got, det som beh\u00f6vs \u00e4r att det kommer in fler unga: \u201dOK, jag var ju \u00e4nd\u00e5 ung, s\u00e5 det kunde jag v\u00e4l bidra med\u201d.<\/p>\n\n\n\n<p>H\u00e4r kommer Alva in p\u00e5 fr\u00e5gan om hur demografin bland aktivister i Sverige f\u00f6r\u00e4ndrats \u00f6ver tid. N\u00e4r jag sj\u00e4lv b\u00f6rjade engagera mig politiskt som ton\u00e5ring under 1990-talet s\u00e5 var de allra flesta som gick p\u00e5 m\u00f6ten, studiecirklar och demonstrationer ton\u00e5ringar precis som jag. Idag \u00e4r det, i synnerhet i klimatr\u00f6relsen, ofta tv\u00e4rtom. En stor andel av de som engagerar sig \u00e4r pension\u00e4rer. Jag blir nyfiken p\u00e5 hur dagens unga aktivister upplever detta. \u00c4r det bra eller d\u00e5ligt att komma in i ett sammanhang dominerat av personer i en helt annan \u00e5ldersgrupp \u00e4n den egna?<\/p>\n\n\n\n<p>\u201dI en lokal kontext skulle jag s\u00e4ga att det var b\u00e5de och. De hade resurser och kunskaper, bara s\u00e5dant som att de kunde fixa en lokal till ett m\u00f6te eller betala polistillst\u00e5nd f\u00f6r demonstrationer. Men efter ett tag k\u00e4nde vi unga ocks\u00e5 att de kunde k\u00f6ra \u00f6ver oss lite n\u00e4r vi ville g\u00e5 i en viss riktning. I Sundsvall ledde det till att det startades en f\u00f6rening med en \u00f6vre \u00e5ldersgr\u00e4ns f\u00f6r medlemmar. Det var ett n\u00f6dv\u00e4ndigt s\u00e4tt att f\u00e5 sj\u00e4lvst\u00e4ndighet och makt \u00f6ver vilken r\u00f6relse vi ville vara.\u201d<\/p>\n\n\n\n<p>Delningen var dock inte s\u00e4rskilt dramatisk. Det blev en del diskussioner och det fanns meningsskiljaktigheter, men de olika grupperna kunde \u00e4nd\u00e5 forts\u00e4tta samarbeta och st\u00f6tta varandra. Men Alva understryker \u00e4nd\u00e5 att det var viktigt att de bildade en grupp bara f\u00f6r unga:<\/p>\n\n\n\n<p>\u201dJag hade nog sedan jag gick i h\u00f6gstadiet k\u00e4nt ett behov av ett sammanhang med andra som delar samma oro och en vilja att f\u00f6r\u00e4ndra. Jag hittade helt enkelt det jag beh\u00f6vde i Fridays for Future och det blev en viktig bas f\u00f6r att g\u00e5 vidare till att engagera mig i annat ocks\u00e5. Det var nog viktigt att jag k\u00e4nde mig trygg, att jag var tillsammans med andra ungdomar som inte heller kunde eller visste allting. Vi l\u00e4rde oss tillsammans fr\u00e5n det lilla konkreta till de stora politiska fr\u00e5gorna. Det handlade inte bara om hur man faciliterar m\u00f6ten och hur man skriver m\u00f6tesanteckningar. Det handlade ocks\u00e5 om att formulera svar p\u00e5 vad klimatr\u00e4ttvisa \u00e4r eller hur vi kan lyssna p\u00e5 och samarbeta med marginaliserade grupper utan att l\u00e4gga ett alldeles f\u00f6r tungt ansvar p\u00e5 dem att l\u00e4ra oss\u201d.<\/p>\n\n\n\n<p><strong>Kunskap genom aktivism<\/strong><br>N\u00e4r jag lyssnar p\u00e5 Alva fastnar jag s\u00e4rskilt f\u00f6r det hon s\u00e4ger om aktivism som ett gemensamt l\u00e4rande. Det finns ju m\u00e5nga som tvekar inf\u00f6r att organisera sig politiskt, ofta med h\u00e4nvisning till att de \u00e4nnu inte vet tillr\u00e4ckligt mycket f\u00f6r att kunna st\u00e5 f\u00f6r en \u00e5sikt. Men h\u00e4r \u00e4r det tv\u00e4rtom. Aktivismen b\u00f6rjar i en vag k\u00e4nsla av att det inte st\u00e5r r\u00e4tt till i v\u00e4rlden och aktivismen blir ett sammanhang f\u00f6r att skaffa sig kunskap, formulera sina st\u00e5ndpunkter och utveckla systemkritiska perspektiv p\u00e5 v\u00e4rlden. F\u00f6r det kr\u00e4vs en tolerans f\u00f6r olikhet:<\/p>\n\n\n\n<p>\u201dDet \u00e4r avg\u00f6rande f\u00f6r att en r\u00f6relse ska bli stark. Folkmakten kommer av att vi \u00e4r olika och vi m\u00e5ste kunna engagera oss i viktiga saker samtidigt som vi f\u00e5r forts\u00e4tta vara m\u00e4nniskor. Det ska finnas en plats f\u00f6r dig i r\u00f6relsen \u00e4ven om det finns saker i ditt liv som hindrar dig att engagera dig fullt ut. En av b\u00e4sta grejerna med aktivism \u00e4r att det \u00e4r ett st\u00e4ndigt l\u00e4rande p\u00e5 ett rent personligt plan\u201d.<\/p>\n\n\n\n<p>N\u00e4r jag ber Alva om ett exempel p\u00e5 ett s\u00e5dant l\u00e4rande s\u00e5 kommer vi in p\u00e5 det att prata inf\u00f6r stora grupper av m\u00e4nniskor. I de sammanhang jag sett Alva leda m\u00f6ten, intervjuas av media eller tala p\u00e5 demonstrationer s\u00e5 verkar hon g\u00f6ra det med en s\u00e5dan sj\u00e4lvklarhet. Jag fr\u00e5gar henne om det alltid varit l\u00e4tt eller om det \u00e4r ett exempel p\u00e5 en s\u00e5dan sak hon l\u00e4rt sig genom aktivismen:<\/p>\n\n\n\n<p>\u201dUnder m\u00e5nga \u00e5r var jag en person som var v\u00e4ldigt blyg och tyst. Det tog j\u00e4ttel\u00e5ng tid innan jag v\u00e5gade h\u00e5lla i ett m\u00f6te f\u00f6r f\u00f6rsta g\u00e5ngen, \u00e4ven om det var en liten grupp med folk jag k\u00e4nde. Jag h\u00f6ll mitt f\u00f6rsta tal p\u00e5 en klimatstrejk kanske tre \u00e5r efter min f\u00f6rsta strejk. Att h\u00e5lla tal \u00e4r fortfarande j\u00e4ttejobbigt, men det blir l\u00e4ttare och l\u00e4ttare f\u00f6r varje g\u00e5ng jag uts\u00e4tter mig\u201d.<\/p>\n\n\n\n<p>H\u00e4r kommer Alva tillbaka till vikten av att unga aktivister har ett eget rum d\u00e4r de inte k\u00e4nner sig \u00f6vervakade och recenserade av andra.<\/p>\n\n\n\n<p>En frustration som jag sj\u00e4lv brottats med genom \u00e5ren \u00e4r hur vi kan bli b\u00e4ttre p\u00e5 att hantera de slitningar som alltid uppst\u00e5r i grupper. Det \u00e4r l\u00e4tt att bli cynisk n\u00e4r man g\u00e5ng efter annan sett hur grupper bildas och frodas, f\u00f6r att sedan krympa ihop och uppl\u00f6sas av interna konflikter och utmattning. Det \u00e4r ofta sv\u00e5rt att avg\u00f6ra vad som beror p\u00e5 personkonflikter och politiska skiljelinjer. Jag fr\u00e5gar Alva om hon k\u00e4nner igen sig i det och, i s\u00e5 fall, vilka hennes l\u00e4rdomar \u00e4r kring det problemet. En kanske s\u00e4rskilt sv\u00e5r slitning uppstod i den interna debatten om klimatr\u00f6relsens ansvar att ta st\u00e4llning f\u00f6r Palestina. Som m\u00e5nga andra unga klimataktivister kom Alva att engagera sig i Palestinar\u00f6relsen, n\u00e4r det blev alltmer uppenbart att Israel svarade p\u00e5 terrorattackerna den 7 oktober med ett folkmord i Gaza. Hon beskriver det som en del av en \u201dkollektiv f\u00f6rflyttning\u201d i klimatr\u00f6relsen:<\/p>\n\n\n\n<p>\u201dJag hade nog engagerat mig mot folkmordet oavsett, men jag var del av en diskussion bland klimataktivister kring om och hur vi skulle kunna st\u00f6tta Palestinar\u00f6relsen. Bland annat var jag med och tog fram ett nationellt uttalande fr\u00e5n Fridays for Future. F\u00f6r oss var det sj\u00e4lvklart att folkmordet var kopplat till klimatr\u00e4ttvisa. I Ume\u00e5, som jag nu flyttat till, var jag en av dem som f\u00f6reslog att v\u00e5ra fredagsstrejker skulle kunna till\u00e4gnas Gaza. Det blev mycket uppr\u00f6rda och l\u00e5nga diskussioner p\u00e5 mejltr\u00e5dar och fysiska m\u00f6ten f\u00f6r att vi hade s\u00e5 otroligt olika \u00e5sikter om det h\u00e4r. F\u00f6r mig var det h\u00e4r en deal-breaker, personligen kan jag inte engagera mig i en organisation som inte kan s\u00e4ga att den \u00e4r mot folkmord\u201d.<\/p>\n\n\n\n<p>Framf\u00f6r mig ser jag tv\u00e5 l\u00e4ger bildas, d\u00e4r det ena var f\u00f6r ett Palestinaengagemang medan det andra var emot, eftersom det antogs splittra klimatr\u00f6relsen. Men s\u00e5 enkelt var det inte:<\/p>\n\n\n\n<p>\u201dDet var egentligen ingen annan sida, utan m\u00e5nga enskilda \u00e5sikter och positioner. I en del fall handlade det nog om r\u00e4dsla och okunskap. Jag hade l\u00e5nga pratstunder med en kvinna som var v\u00e4ldigt skeptisk mot att lyfta paroller f\u00f6r Palestina. D\u00e4r och d\u00e5 kom vi inte \u00f6verens. Men tv\u00e5 \u00e5r senare s\u00e5g jag hur hon b\u00f6rjade dyka upp p\u00e5 v\u00e5ra demonstrationer. Hon beh\u00f6vde v\u00e4l tid att sj\u00e4lv best\u00e4mma sig var hon stod\u201d.<\/p>\n\n\n\n<p>Det \u00e4r ytterligare ett exempel p\u00e5 kunskap som v\u00e4xer fram genom aktivism, att f\u00f6rst\u00e5 vikten av att inte dra f\u00f6rhastade slutsatser om huruvida n\u00e5gon st\u00e5r p\u00e5 r\u00e4tt eller fel sida. Det finns f\u00f6rst\u00e5s de som vi aldrig kommer att komma \u00f6verens med och som vi inte kan st\u00e5 sida vid sida med. Men i fall som dessa handlar det mer om skillnader i personlighet, och d\u00e5 m\u00e5ste det finnas utrymme och tid att v\u00e4xa in i ett st\u00e4llningstagande.<\/p>\n\n\n\n<p><strong>En inblick i folkmordets vardag<\/strong><br>En sak som sl\u00e5r mig n\u00e4r vi sitter och pratar \u00e4r att en del som st\u00e5r utanf\u00f6r aktivistiska sammanhang verkar f\u00f6ruts\u00e4tta att aktivister \u00e4r sj\u00e4lvgoda, att de tror s\u00e5 mycket om sig sj\u00e4lva och det de g\u00f6r. Min bild \u00e4r snarare den motsatta. De jag k\u00e4nner som \u00e4r mest aktiva \u00e4r ocks\u00e5 de som tydligast brottas med k\u00e4nslan av futtighet. Vad spelar det f\u00f6r roll vad v\u00e5r lilla grupp g\u00f6r h\u00e4r, i en perifer del av v\u00e4rlden? Vad m\u00e5nga kanske inte k\u00e4nner till \u00e4r att den svenska Palestinar\u00f6relsen, f\u00f6rutom att anordna demonstrationer och protestaktioner, aktivt utvecklat mer direkta former av st\u00f6d till och kontakter med palestinier. P\u00e5 universiteten kan det handla om l\u00e4rare och studenter som arrangerar seminarier tillsammans med palestinska forskare och studenter vars arbets- och studieplatser bombats s\u00f6nder. Andra engagerar sig som volont\u00e4rer f\u00f6r att st\u00f6tta \u201dCampus in camps\u201d, ett projekt f\u00f6r att m\u00f6jligg\u00f6ra universitetsstudier i palestinska flyktingl\u00e4ger. Ett annat vanligt s\u00e4tt att engagera sig \u00e4r att samordna insamlingar till palestinska studenter f\u00f6r att g\u00f6ra det m\u00f6jligt f\u00f6r dem att slutf\u00f6ra sina utbildningar. Ibland leder s\u00e5dana initiativ till att varaktiga v\u00e4nskapsband uppst\u00e5r. Sedan ungef\u00e4r ett halv\u00e5r tillbaka har Alva haft kontakt med en ung kvinna som bor i ett t\u00e4ltl\u00e4ger i Khan Yunis, en stad som ligger i s\u00f6dra delen av Gazaremsan. F\u00f6rutom att hj\u00e4lpa kvinnan att samla pengar till en fungerande telefon som hj\u00e4lpte henne att slutf\u00f6ra sin utbildning s\u00e5 har de haft \u00e5terkommande kontakt som v\u00e4nner. Jag fr\u00e5gar Alva vad den kontakten betytt f\u00f6r henne och hennes aktivism:<\/p>\n\n\n\n<p>\u201dJag tror att det \u00e4r j\u00e4tteviktigt. Man kan l\u00e4sa nyheter, titta p\u00e5 klipp p\u00e5 sociala medier och prata med palestinier i Sverige och f\u00e5 en viss bild av hur det ligger till. Med en s\u00e5dan h\u00e4r kontakt blir det mer direkt p\u00e5 n\u00e5got s\u00e4tt. Vi har haft videosamtal, d\u00e4r hon visar mig runt d\u00e4r hon bor. N\u00e4r vi pratar uppt\u00e4cker vi att vi inte bara \u00e4r f\u00f6dda samma \u00e5r, det skiljer sig bara en dag mellan v\u00e5ra f\u00f6delsedagar. Vi hade kunnat vara tvillingar, skillnaden \u00e4r geografi\u201d.<\/p>\n\n\n\n<p>Det \u00e4r hisnande att t\u00e4nka p\u00e5 vad Alva precis ber\u00e4ttat om. Hennes v\u00e4n bor i ett t\u00e4lt under ett p\u00e5g\u00e5ende folkmord och har slutf\u00f6rt en universitetsutbildning! S\u00e5dana inblickar i folkmordets vardag m\u00e5ste v\u00e4cka s\u00e5 m\u00e5nga starka k\u00e4nslor som \u00e4r sv\u00e5ra att b\u00e4ra sj\u00e4lv. Jag fr\u00e5gar Alva om hon och hennes kamrater har hittat n\u00e5gra s\u00e4tt att b\u00e4ra och hantera de k\u00e4nslorna tillsammans. Hon svarar att st\u00f6det finns d\u00e4r, men att ilskan ocks\u00e5 kan vara den viktigaste drivkraften bakom att forts\u00e4tta k\u00e4mpa:<\/p>\n\n\n\n<p>\u201dF\u00f6r mig \u00e4r en av de anledningarna att jag engagerar mig just den hj\u00e4lp man f\u00e5r av andra att ta hand om sina k\u00e4nslor, det \u00e4r det som g\u00f6r att man orkar forts\u00e4tta. Vi inleder till exempel m\u00f6ten med \u201dcheck-ins\u201d, d\u00e4r alla f\u00e5r chansen att ber\u00e4tta hur de har det och vad de k\u00e4nner. Sedan reagerar inte alla med samma k\u00e4nslor och det \u00e4r ocks\u00e5 viktigt att prata om. Jag var nyligen med p\u00e5 ett pass arrangerat av Klimatpsykologerna som handlade om k\u00e4nslor kopplade till klimatkrisen. N\u00e4r vi sitter d\u00e4r i en av sm\u00e5grupperna s\u00e5 inser vi att vi \u00e4r tre helt olika personer som upplever och p\u00e5verkas av de h\u00e4r k\u00e4nslorna p\u00e5 olika s\u00e4tt. Jag drivs av ilska och har alltid gjort det. Det \u00e4r det som driver mitt engagemang. F\u00f6r andra kan ilskan ha en motsatt effekt\u201d.<\/p>\n\n\n\n<p>Alva betonar att aktivistsammanhang p\u00e5 m\u00e5nga s\u00e4tt \u00e4r m\u00e4nskligare \u00e4n m\u00e5nga andra sammanhang. Genom ritualer som \u201dcheck-ins\u201d s\u00e4tts en norm om att v\u00e5ra k\u00e4nslor har en sj\u00e4lvklar plats i r\u00f6relsen och det kan bli en befriande kontrast i j\u00e4mf\u00f6relse med andra sammanhang vi befinner oss i, s\u00e5som skolan eller jobbet.<\/p>\n\n\n\n<p><strong>Slump, t\u00e5lamod och breda n\u00e4tverk<\/strong><br>Vi avslutar intervjun med att prata om Skogsupproret, den r\u00f6relse som Alva \u00e4gnat mest tid \u00e5t under det senaste \u00e5ret. Skogsupproret bildades 2020 och beskriver sig som en gr\u00e4srotsr\u00f6relse som v\u00e4xte fram ur samarbetet mellan Extinction Rebellion och samiska aktivister. Vi stannar s\u00e4rskilt upp vid en framg\u00e5ngsrik aktion som genomf\u00f6rdes under h\u00f6sten 2025. Bakgrunden \u00e4r komplicerad, men i grunden handlade det om en konflikt om privat\u00e4gd mark utanf\u00f6r Arjeplog i Norrbotten, som skogsbolaget SCA hade avverkningsr\u00e4tt f\u00f6r. Maskaure sameby motsatte sig avverkningsplanerna med h\u00e4nvisning till att skogen var viktig f\u00f6r renbetet. Sveriges ornitologiska f\u00f6rening Birdlife hade l\u00e4mnat in en \u00f6verklagan till mark- och milj\u00f6domstolen f\u00f6r att stoppa avverkningen med h\u00e4nvisning till h\u00f6ga naturv\u00e4rden. Men trots detta s\u00e5 b\u00f6rjade SCAs maskiner att r\u00f6ra sig mot platsen. Alva ber\u00e4ttar hur hon och hennes kamrater var i f\u00e4rd att bege sig till ett annat skogsomr\u00e5de, men n\u00e4r de blev kontaktade om den br\u00e5dskande situationen s\u00e5 skyndade de sig ist\u00e4llet till Arjeplog. De hindrade tillf\u00e4lligt avverkningen genom att s\u00e4tta sig framf\u00f6r maskinen, men visste att det inte skulle r\u00e4cka:<\/p>\n\n\n\n<p>\u201dN\u00e4r vi var p\u00e5 plats visste vi att vi inte kan blockera maskinen f\u00f6r evigt. Det enda s\u00e4ttet att f\u00e5 dem att backa \u00e4r att hitta n\u00e5gon av de arter som tidigare lett till domstolsbeslut om ett tillf\u00e4lligt avverkningsstopp. Enkelt f\u00f6rklarat s\u00e5 \u00e4r det egentligen fynd av tv\u00e5 arter som kan ge tillf\u00e4lligt avverkningsstopp och det \u00e4r en orkid\u00e9 som heter kn\u00e4rot och en f\u00e5gel som heter tret\u00e5ig hackspett. Om det inte finns n\u00e5gon tydlig tidigare dom s\u00e5 till\u00e5ts avverkning trots att det finns hotade arter i omr\u00e5det\u201d.<\/p>\n\n\n\n<figure class=\"wp-block-image size-large\"><a href=\"https:\/\/www.rodarummet.org\/web\/wp-content\/uploads\/2026\/04\/Skogsupproret_patrullering_OhredahkeSameby-scaled.jpg\"><img loading=\"lazy\" decoding=\"async\" width=\"1024\" height=\"496\" src=\"https:\/\/www.rodarummet.org\/web\/wp-content\/uploads\/2026\/04\/Skogsupproret_patrullering_OhredahkeSameby-1024x496.jpg\" alt=\"\" class=\"wp-image-4924\" srcset=\"http:\/\/www.rodarummet.org\/web\/wp-content\/uploads\/2026\/04\/Skogsupproret_patrullering_OhredahkeSameby-1024x496.jpg 1024w, http:\/\/www.rodarummet.org\/web\/wp-content\/uploads\/2026\/04\/Skogsupproret_patrullering_OhredahkeSameby-300x145.jpg 300w, http:\/\/www.rodarummet.org\/web\/wp-content\/uploads\/2026\/04\/Skogsupproret_patrullering_OhredahkeSameby-768x372.jpg 768w, http:\/\/www.rodarummet.org\/web\/wp-content\/uploads\/2026\/04\/Skogsupproret_patrullering_OhredahkeSameby-1536x744.jpg 1536w, http:\/\/www.rodarummet.org\/web\/wp-content\/uploads\/2026\/04\/Skogsupproret_patrullering_OhredahkeSameby-2048x992.jpg 2048w\" sizes=\"auto, (max-width: 1024px) 100vw, 1024px\" \/><\/a><\/figure>\n\n\n\n<p>Under en rundringning till alla m\u00f6jliga kontakter som kunde ge r\u00e5d till hur aktivisterna kunde g\u00e5 vidare blev Alva uppmuntrad av en ideell inventerare att sj\u00e4lv g\u00e5 ut och s\u00f6ka sp\u00e5r av tret\u00e5ig hackspett:<\/p>\n\n\n\n<p>&#8221;Vi gick runt och letade `ringhack\u00b4 allts\u00e5 de typiska hack som tret\u00e5ig hackspett g\u00f6r p\u00e5 tr\u00e4den, och till sist hittade vi dem! Jag rapporterade in dem och ringde Birdlife och sa att ni m\u00e5ste komplettera er \u00f6verklagan. Dagen d\u00e4refter ringer de mig och ber\u00e4ttar att de har f\u00e5tt igenom avverkningsstoppet\u201d.<\/p>\n\n\n\n<p>Jag fr\u00e5gar vad som gjorde den h\u00e4r aktionen framg\u00e5ngsrik.<\/p>\n\n\n\n<p>\u201dTill stor del var det bara tur i timing. Vi var ju redan mobiliserade. Men det var ocks\u00e5 kombinationen av folk som kunde s\u00e4tta sig med sina kroppar framf\u00f6r maskinen och m\u00f6ta poliser, folk med inventeringskunskap, folk med juridisk kunskap\u2026 Eller de h\u00e4r m\u00e4nniskorna p\u00e5 Birdlife som inte har n\u00e5gonting med civil olydnad att g\u00f6ra, men som \u00e4nd\u00e5 var beredda att g\u00f6ra det h\u00e4r tillsammans med oss och som ringde domstolen igen och igen. Det var den v\u00e4ven av olika m\u00e4nniskor p\u00e5 olika platser i Sverige som gjorde att det till slut blev ett stopp. I tid\u201d.<\/p>\n\n\n\n<p>Mer \u00e4n s\u00e5 hinner jag inte fr\u00e5ga, f\u00f6r tiden har rusat i v\u00e4g och jag m\u00e5ste bege mig ut i m\u00f6rkret f\u00f6r att h\u00e4mta p\u00e5 f\u00f6rskolan. Men jag k\u00e4nner mig upplyft, inspirerad och hoppfull. Jag tar s\u00e4rskilt med mig den d\u00e4r avslutande formuleringen om \u201dv\u00e4ven av m\u00e4nniskor\u201d. Vi kan inte kontrollera de omst\u00e4ndigheter och f\u00f6ruts\u00e4ttningar som omger oss. D\u00e5 och d\u00e5 \u00f6ppnas ett f\u00f6nster f\u00f6r att vinna segrar och uppn\u00e5 f\u00f6r\u00e4ndring. Men om vi m\u00e5lmedvetet och t\u00e5lmodigt jobbar p\u00e5 den d\u00e4r v\u00e4ven av m\u00e4nniskor med erfarenhet och kunskap s\u00e5 \u00e4r chanserna st\u00f6rre att vi \u00e4r beredda att handla n\u00e4r tillf\u00e4llet, hur slumpm\u00e4ssigt det \u00e4n kan uppst\u00e5, pl\u00f6tsligt ges. &lt;&lt;<\/p>\n\n\n\n<p><strong>Alva Danielsson<\/strong> \u00e4r student och aktivist inom bland annat Palestinar\u00f6relsen och r\u00f6relsen f\u00f6r<br>klimatr\u00e4ttvisa.<\/p>\n\n\n\n<p><strong>Johan \u00d6restig Kling<\/strong> \u00e4r sociolog och medlem i redaktionen f\u00f6r R\u00f6da rummet.<\/p>\n\n\n\n<p><\/p>\n","protected":false},"excerpt":{"rendered":"<p>En intervju om aktivism i en tid av folkmord och klimatkatastrof I v\u00e5r krist\u00e4ta samtid tr\u00e4der en ny generation aktivister fram. De reser t\u00e4lt p\u00e5 universitetsomr\u00e5den f\u00f6r att protestera mot tystnaden kring folkmordet i Gaza, de blockerar maskiner f\u00f6r att &hellip; <a href=\"http:\/\/www.rodarummet.org\/web\/2026\/04\/06\/motstand-som-en-vav-av-manniskor\/\">Forts\u00e4tt l\u00e4sa <span class=\"meta-nav\">&rarr;<\/span><\/a><\/p>\n","protected":false},"author":1,"featured_media":0,"comment_status":"closed","ping_status":"open","sticky":false,"template":"","format":"standard","meta":{"jetpack_post_was_ever_published":false,"_jetpack_newsletter_access":"","_jetpack_dont_email_post_to_subs":false,"_jetpack_newsletter_tier_id":0,"_jetpack_memberships_contains_paywalled_content":false,"_jetpack_memberships_contains_paid_content":false,"footnotes":"","jetpack_publicize_message":"","jetpack_publicize_feature_enabled":true,"jetpack_social_post_already_shared":true,"jetpack_social_options":{"image_generator_settings":{"template":"highway","default_image_id":0,"font":"","enabled":false},"version":2}},"categories":[1],"tags":[],"class_list":["post-4920","post","type-post","status-publish","format-standard","hentry","category-okategoriserade"],"jetpack_publicize_connections":[],"jetpack_featured_media_url":"","jetpack_sharing_enabled":true,"jetpack_shortlink":"https:\/\/wp.me\/pRzA9-1hm","_links":{"self":[{"href":"http:\/\/www.rodarummet.org\/web\/wp-json\/wp\/v2\/posts\/4920","targetHints":{"allow":["GET"]}}],"collection":[{"href":"http:\/\/www.rodarummet.org\/web\/wp-json\/wp\/v2\/posts"}],"about":[{"href":"http:\/\/www.rodarummet.org\/web\/wp-json\/wp\/v2\/types\/post"}],"author":[{"embeddable":true,"href":"http:\/\/www.rodarummet.org\/web\/wp-json\/wp\/v2\/users\/1"}],"replies":[{"embeddable":true,"href":"http:\/\/www.rodarummet.org\/web\/wp-json\/wp\/v2\/comments?post=4920"}],"version-history":[{"count":2,"href":"http:\/\/www.rodarummet.org\/web\/wp-json\/wp\/v2\/posts\/4920\/revisions"}],"predecessor-version":[{"id":4925,"href":"http:\/\/www.rodarummet.org\/web\/wp-json\/wp\/v2\/posts\/4920\/revisions\/4925"}],"wp:attachment":[{"href":"http:\/\/www.rodarummet.org\/web\/wp-json\/wp\/v2\/media?parent=4920"}],"wp:term":[{"taxonomy":"category","embeddable":true,"href":"http:\/\/www.rodarummet.org\/web\/wp-json\/wp\/v2\/categories?post=4920"},{"taxonomy":"post_tag","embeddable":true,"href":"http:\/\/www.rodarummet.org\/web\/wp-json\/wp\/v2\/tags?post=4920"}],"curies":[{"name":"wp","href":"https:\/\/api.w.org\/{rel}","templated":true}]}}