{"id":511,"date":"2010-10-25T13:55:09","date_gmt":"2010-10-25T12:55:09","guid":{"rendered":"http:\/\/www.rodarummet.org\/web\/?p=511"},"modified":"2010-11-14T12:53:19","modified_gmt":"2010-11-14T11:53:19","slug":"kara-lasare","status":"publish","type":"post","link":"http:\/\/www.rodarummet.org\/web\/2010\/10\/25\/kara-lasare\/","title":{"rendered":"K\u00e4ra l\u00e4sare"},"content":{"rendered":"<p>Man kan ju fr\u00e5ga sig vad vi v\u00e4ntar p\u00e5, egentligen? Det \u00e4r sent p\u00e5 jorden. Klimatf\u00f6r\u00e4ndringarna krymper st\u00e4ndigt marginalerna f\u00f6r att r\u00e4dda m\u00e4nsklighetens \u00f6verlevnad. Olje-\u201dpeaken\u201d n\u00e4rmar sig. Krig, f\u00f6rtryck, och groteska klassklyftor r\u00e5der i stora delar av v\u00e4rlden och drabbar fattigbefolkningen h\u00e5rdast. H\u00e4r hemma vann den borgerliga regeringen valet efter att ha drivit h\u00e5rd klasspolitik (om \u00e4n nystajlad och delvis dold) i fyra \u00e5r. Ett \u00f6ppet fr\u00e4mlingsfientligt parti tar plats i riksdagen.<\/p>\n<p>S\u00e5 vad v\u00e4ntar vi p\u00e5? I en av artiklarna i detta nummer <!--more-->av R\u00f6da rummet resonerar Jens Ergon om den \u201dnaiva v\u00e4ntan efter nya, f\u00f6rl\u00f6sande svar som tycks ha f\u00f6rlamat delar av v\u00e4stv\u00e4rldens v\u00e4nster i snart 30 \u00e5r\u201d. Det g\u00e5r att k\u00e4nna igen det, kanske finns h\u00e4r en viktig utg\u00e5ngspunkt?<\/p>\n<p>Uppgiften, den lika sj\u00e4lvklara som rysligt sv\u00e5ra, \u00e4r att bryta denna v\u00e4ntan och vanmakt f\u00f6r att komma vidare. Att hitta nycklarna till hur det ska g\u00e5 till kr\u00e4ver b\u00e5de aktivitet och eftertanke. I detta nummer f\u00f6rs\u00f6ker vi odla eftertanken. F\u00f6r att bidra till den breda r\u00f6relseaktivitet som \u00e4r n\u00f6dv\u00e4ndig b\u00f6r vi f\u00f6rdjupa diskussionerna om hur verktygen ska slipas. Vi vill g\u00e4rna vara del i en gr\u00e4sr\u00f6tternas egen kriskommission.<\/p>\n<p>D\u00e4r kan vi ta oss an eftervalsanalysen \u2013 men inte stanna i den utan blicka vidare, bredare och djupare. Kjell \u00d6stberg och Lars Henrikssons tandemartiklar \u00e4r en pusselbit f\u00f6r att l\u00e4gga grunden. I det land d\u00e4r b\u00e5de arbetarr\u00f6relse och nutidshistoria varit n\u00e4rmast sk\u00e4mmigt dominerade av socialdemokratin b\u00f6r nu nostalgiska \u00e5terv\u00e4ndsgr\u00e4nder undvikas och sikten r\u00f6jas f\u00f6r verkliga alternativ.<\/p>\n<p>Begreppet folkr\u00f6relser \u00e4r, historiskt sett, S-m\u00e4rkt av patentverket. Men i den historia vi nu sj\u00e4lva lever och skriver kanske den etiketten (eller andra; det \u00e4r inte orden som avg\u00f6r utan verkligheten) kan f\u00e4stas p\u00e5 ett nytt inneh\u00e5ll. Ett inneh\u00e5ll d\u00e4r nya livskraftiga sociala r\u00f6tter kan gro och nya r\u00f6ster h\u00f6jas \u2013 tillsammans med de gamla som \u00e4nnu lever och l\u00e5ter.<\/p>\n<p>Den historien kan vi inte v\u00e4nta p\u00e5, den p\u00e5g\u00e5r h\u00e4r och nu. Vem tar n\u00e4sta steg? Visst m\u00e5ste de uppskjutna problemen i v\u00e5r tid, som Rikard Warlenius skriver om i sin artikel, l\u00f6sas i sin helhet innan det \u00e4r f\u00f6r sent \u2013 men ocks\u00e5 sm\u00e5 r\u00f6relsesegrar kan bli b\u00f6rjan p\u00e5 n\u00e5got stort. En klassbaserad folk\u00f6relseallians stark nog att st\u00e4lla fr\u00e5gan om ett annat samh\u00e4lle b\u00f6r vara m\u00e5let.<\/p>\n<p>N\u00e5gra f\u00f6rl\u00f6sande svar p\u00e5 hur det ska g\u00e5 till att n\u00e5 dit har vi inte att presentera. M\u00f6jligen tr\u00e5d\u00e4ndar att dra i och fr\u00e5gor att st\u00e4lla. Det \u00e4r v\u00e5rt bidrag till den f\u00f6rl\u00f6sning som inte kan v\u00e4nta. R\u00f6da rummet \u00e4r \u2013 eller har \u00e5tminstone ambitionen att vara \u2013 en tankesmedja. Vill du vara med, k\u00e4ra l\u00e4sare, s\u00e5 h\u00f6rs vi.<\/p>\n<p>\/Redaktionen<\/p>\n","protected":false},"excerpt":{"rendered":"<p>Man kan ju fr\u00e5ga sig vad vi v\u00e4ntar p\u00e5, egentligen? Det \u00e4r sent p\u00e5 jorden. Klimatf\u00f6r\u00e4ndringarna krymper st\u00e4ndigt marginalerna f\u00f6r att r\u00e4dda m\u00e4nsklighetens \u00f6verlevnad. Olje-\u201dpeaken\u201d n\u00e4rmar sig. Krig, f\u00f6rtryck, och groteska klassklyftor r\u00e5der i stora delar av v\u00e4rlden och drabbar &hellip; <a href=\"http:\/\/www.rodarummet.org\/web\/2010\/10\/25\/kara-lasare\/\">Forts\u00e4tt l\u00e4sa <span class=\"meta-nav\">&rarr;<\/span><\/a><\/p>\n","protected":false},"author":9,"featured_media":0,"comment_status":"open","ping_status":"open","sticky":false,"template":"","format":"standard","meta":{"jetpack_post_was_ever_published":false,"_jetpack_newsletter_access":"","_jetpack_dont_email_post_to_subs":false,"_jetpack_newsletter_tier_id":0,"_jetpack_memberships_contains_paywalled_content":false,"_jetpack_memberships_contains_paid_content":false,"footnotes":"","jetpack_publicize_message":"","jetpack_publicize_feature_enabled":true,"jetpack_social_post_already_shared":false,"jetpack_social_options":{"image_generator_settings":{"template":"highway","default_image_id":0,"font":"","enabled":false},"version":2}},"categories":[100],"tags":[206,589,121,295,593],"class_list":["post-511","post","type-post","status-publish","format-standard","hentry","category-kara-lasare","tag-arbetarrorelse","tag-miljo","tag-roda-rummet","tag-socialdemokratin","tag-socialism-politik"],"jetpack_publicize_connections":[],"jetpack_featured_media_url":"","jetpack_sharing_enabled":true,"jetpack_shortlink":"https:\/\/wp.me\/pRzA9-8f","_links":{"self":[{"href":"http:\/\/www.rodarummet.org\/web\/wp-json\/wp\/v2\/posts\/511","targetHints":{"allow":["GET"]}}],"collection":[{"href":"http:\/\/www.rodarummet.org\/web\/wp-json\/wp\/v2\/posts"}],"about":[{"href":"http:\/\/www.rodarummet.org\/web\/wp-json\/wp\/v2\/types\/post"}],"author":[{"embeddable":true,"href":"http:\/\/www.rodarummet.org\/web\/wp-json\/wp\/v2\/users\/9"}],"replies":[{"embeddable":true,"href":"http:\/\/www.rodarummet.org\/web\/wp-json\/wp\/v2\/comments?post=511"}],"version-history":[{"count":3,"href":"http:\/\/www.rodarummet.org\/web\/wp-json\/wp\/v2\/posts\/511\/revisions"}],"predecessor-version":[{"id":547,"href":"http:\/\/www.rodarummet.org\/web\/wp-json\/wp\/v2\/posts\/511\/revisions\/547"}],"wp:attachment":[{"href":"http:\/\/www.rodarummet.org\/web\/wp-json\/wp\/v2\/media?parent=511"}],"wp:term":[{"taxonomy":"category","embeddable":true,"href":"http:\/\/www.rodarummet.org\/web\/wp-json\/wp\/v2\/categories?post=511"},{"taxonomy":"post_tag","embeddable":true,"href":"http:\/\/www.rodarummet.org\/web\/wp-json\/wp\/v2\/tags?post=511"}],"curies":[{"name":"wp","href":"https:\/\/api.w.org\/{rel}","templated":true}]}}