{"id":814,"date":"2011-05-02T21:43:47","date_gmt":"2011-05-02T20:43:47","guid":{"rendered":"http:\/\/www.rodarummet.org\/web\/?p=814"},"modified":"2011-05-09T15:00:16","modified_gmt":"2011-05-09T14:00:16","slug":"nytt-nummer-ute-nu-2","status":"publish","type":"post","link":"http:\/\/www.rodarummet.org\/web\/2011\/05\/02\/nytt-nummer-ute-nu-2\/","title":{"rendered":"Nytt nummer ute nu!"},"content":{"rendered":"<h2><strong>K\u00e4ra l\u00e4sare<\/strong><\/h2>\n<p>Historien h\u00e5ller p\u00e5 och v\u00e4nder blad. Vi g\u00f6r detta R\u00f6da rummet-nummer i den tid d\u00e5 det kanske bara \u00e4r timmar eller dagar innan naturen omkring oss v\u00e5rexploderar, men redan f\u00f6r n\u00e5gra m\u00e5nader sedan slog n\u00e5got mycket stort ut. Med b\u00f6rjan i Tunisien i januari besk\u00e5dar vi just nu en v\u00e5g av folklig kamp i arabv\u00e4rlden som omdanar v\u00e4rlden.<\/p>\n<p>Det ord som tidigare varit antingen marginaliserat eller t\u00f6mt p\u00e5 sitt inneh\u00e5ll fick nu b\u00e5de verklig inneb\u00f6rd och rekordfeta typsnitt p\u00e5 de flesta dagstidningars mittuppslag: revolution.<\/p>\n<p>Vi s\u00e5g unga kvinnor som tillsammans med m\u00e4n &#8211; i hundratusentals &#8211; f\u00f6rflyttade Tahrirtorget i Kairo till <a href=\"http:\/\/www.rodarummet.org\/web\/wp-content\/uploads\/2011\/05\/mullcad2.jpg\"><img loading=\"lazy\" decoding=\"async\" class=\"alignleft size-medium wp-image-817\" title=\"mullcad\" src=\"http:\/\/www.rodarummet.org\/web\/wp-content\/uploads\/2011\/05\/mullcad2-211x300.jpg\" alt=\"\" width=\"211\" height=\"300\" srcset=\"http:\/\/www.rodarummet.org\/web\/wp-content\/uploads\/2011\/05\/mullcad2-211x300.jpg 211w, http:\/\/www.rodarummet.org\/web\/wp-content\/uploads\/2011\/05\/mullcad2-721x1024.jpg 721w, http:\/\/www.rodarummet.org\/web\/wp-content\/uploads\/2011\/05\/mullcad2.jpg 1102w\" sizes=\"auto, (max-width: 211px) 100vw, 211px\" \/><\/a>v\u00e4rldspolitikens centrum. M\u00f6jligheten f\u00f6r ett folk att kasta en tyrann \u00f6ver \u00e4nda med egen kraft f\u00f6dde n\u00e5got&#8230; ja, vad egentligen? I detta nummer f\u00f6rs\u00f6ker vi, med hj\u00e4lp av Andreas Malms artikel, f\u00e5nga detta n\u00e5got, denna historiska omm\u00f6blering. Vi skriver historia &#8211; och d\u00e5 p\u00e5 det s\u00e4tt som vi tror att historia m\u00e5ste skrivas f\u00f6r att vara verksam; i djup och n\u00e4ra kontakt med de folkmassor som f\u00f6r\u00e4ndrar dess g\u00e5ng.<\/p>\n<p>\u00c4ven resten av numret pr\u00e4glas till stor del av detta: r\u00f6relser, klass och kamp. Vilka \u00e4r f\u00f6ruts\u00e4ttningarna f\u00f6r en folklig r\u00f6relse \u00e4ven h\u00e4r i v\u00e5rt \u00e4n s\u00e5 l\u00e4nge tysta konungarike? Maria Sundvall letar tr\u00e5dar som kan bryta vanmakten och Erik Helgeson nystar i andra \u00e4ndar f\u00f6r att utv\u00e4rdera <!--more-->den lilla men s\u00e5 viktiga fackliga aktivitet han sj\u00e4lv \u00e4r en del av.<\/p>\n<p>Att verkligheten med kraft st\u00e4ndigt visar att vi, b\u00e5de h\u00e4r och internationellt, lever v\u00e5ra dagar i ett samh\u00e4lle som best\u00e5r av klasser med skilda materiella intressen ger inte automatiskt avtryck i teoribildningen. Kajsa Ekis Ekman utmanar i sin artikel ett aktuellt f\u00f6rs\u00f6k att anpassa klassanalysen efter yta i st\u00e4llet f\u00f6r djup. Vad kan vi s\u00e4tta emot? Vi hoppas i den fr\u00e5gan p\u00e5 en b\u00e5de sp\u00e4nnande och viktig diskussion fram\u00f6ver d\u00e4r v\u00e5ra spalter st\u00e5r \u00f6ppna.<\/p>\n<p>Historien v\u00e4nder blad. Och inget g\u00e5r enkelriktat &#8211; tv\u00e4rtom \u00e4r det b\u00e5de framg\u00e5ngar och bakslag som driver h\u00e4ndelsef\u00f6rloppet. Under de senaste veckorna har Tahrirtorgets folkliga massgl\u00e4dje till en del f\u00f6rbytts i vanst\u00e4llda grimascher till f\u00f6ljd av Gadaffis terrorkrig mot den revolterande befolkningen i Libyen. Vid denna tidnings pressl\u00e4ggning sitter tyrannen \u00e4nnu kvar. N\u00e4r ni l\u00e4ser detta f\u00f6rhoppningsvis inte.<\/p>\n<p>Och den 11 mars skakade v\u00e4rlden till inf\u00f6r \u00e4nnu en katastrof. N\u00e4r h\u00e4rdsm\u00e4ltorna successivt f\u00f6rv\u00e4rrades i k\u00e4rnkraftsreaktorerna i Fukushima v\u00e4nde historien ytterligare ett blad; eller \u00e5tminstone b\u00f6rjade v\u00e4nda. Hur de nya kapitlen ser ut \u00e4r till en inte obetydlig del upp till oss sj\u00e4lva att best\u00e4mma.<\/p>\n<p>R\u00f6da rummet vill dra sitt str\u00e5 till den stacken. F\u00f6r v\u00e5r egen del har vi tagit ett litet men kvalitativt spr\u00e5ng f\u00f6r att \u00f6verbrygga det generationsglapp som blivit allt mer p\u00e5tagligt i redaktionsgruppen. Fr\u00e5n och med detta nummer h\u00e4lsar vi Johanna Lagerberg och Johannes Jensen varmt v\u00e4lkomna som f\u00f6rst\u00e4rkning.<\/p>\n<p>Vi h\u00f6rs. Tills n\u00e4sta g\u00e5ng ska vi g\u00f6ra vad vi kan f\u00f6r att bidra till omm\u00f6bleringen.<\/p>\n<p>\/Redaktionen<\/p>\n","protected":false},"excerpt":{"rendered":"<p>K\u00e4ra l\u00e4sare Historien h\u00e5ller p\u00e5 och v\u00e4nder blad. Vi g\u00f6r detta R\u00f6da rummet-nummer i den tid d\u00e5 det kanske bara \u00e4r timmar eller dagar innan naturen omkring oss v\u00e5rexploderar, men redan f\u00f6r n\u00e5gra m\u00e5nader sedan slog n\u00e5got mycket stort ut. &hellip; <a href=\"http:\/\/www.rodarummet.org\/web\/2011\/05\/02\/nytt-nummer-ute-nu-2\/\">Forts\u00e4tt l\u00e4sa <span class=\"meta-nav\">&rarr;<\/span><\/a><\/p>\n","protected":false},"author":1,"featured_media":0,"comment_status":"open","ping_status":"open","sticky":false,"template":"","format":"standard","meta":{"jetpack_post_was_ever_published":false,"_jetpack_newsletter_access":"","_jetpack_dont_email_post_to_subs":false,"_jetpack_newsletter_tier_id":0,"_jetpack_memberships_contains_paywalled_content":false,"_jetpack_memberships_contains_paid_content":false,"footnotes":"","jetpack_publicize_message":"","jetpack_publicize_feature_enabled":true,"jetpack_social_post_already_shared":false,"jetpack_social_options":{"image_generator_settings":{"template":"highway","default_image_id":0,"font":"","enabled":false},"version":2}},"categories":[1],"tags":[],"class_list":["post-814","post","type-post","status-publish","format-standard","hentry","category-okategoriserade"],"jetpack_publicize_connections":[],"jetpack_featured_media_url":"","jetpack_sharing_enabled":true,"jetpack_shortlink":"https:\/\/wp.me\/pRzA9-d8","_links":{"self":[{"href":"http:\/\/www.rodarummet.org\/web\/wp-json\/wp\/v2\/posts\/814","targetHints":{"allow":["GET"]}}],"collection":[{"href":"http:\/\/www.rodarummet.org\/web\/wp-json\/wp\/v2\/posts"}],"about":[{"href":"http:\/\/www.rodarummet.org\/web\/wp-json\/wp\/v2\/types\/post"}],"author":[{"embeddable":true,"href":"http:\/\/www.rodarummet.org\/web\/wp-json\/wp\/v2\/users\/1"}],"replies":[{"embeddable":true,"href":"http:\/\/www.rodarummet.org\/web\/wp-json\/wp\/v2\/comments?post=814"}],"version-history":[{"count":6,"href":"http:\/\/www.rodarummet.org\/web\/wp-json\/wp\/v2\/posts\/814\/revisions"}],"predecessor-version":[{"id":824,"href":"http:\/\/www.rodarummet.org\/web\/wp-json\/wp\/v2\/posts\/814\/revisions\/824"}],"wp:attachment":[{"href":"http:\/\/www.rodarummet.org\/web\/wp-json\/wp\/v2\/media?parent=814"}],"wp:term":[{"taxonomy":"category","embeddable":true,"href":"http:\/\/www.rodarummet.org\/web\/wp-json\/wp\/v2\/categories?post=814"},{"taxonomy":"post_tag","embeddable":true,"href":"http:\/\/www.rodarummet.org\/web\/wp-json\/wp\/v2\/tags?post=814"}],"curies":[{"name":"wp","href":"https:\/\/api.w.org\/{rel}","templated":true}]}}