{"id":1074,"count":3,"description":"","link":"http:\/\/www.rodarummet.org\/web\/tag\/valgerdur-palmadottir\/","name":"Valger\u00f0ur P\u00e1lmad\u00f3ttir","slug":"valgerdur-palmadottir","taxonomy":"post_tag","meta":[],"_links":{"self":[{"href":"http:\/\/www.rodarummet.org\/web\/wp-json\/wp\/v2\/tags\/1074","targetHints":{"allow":["GET"]}}],"collection":[{"href":"http:\/\/www.rodarummet.org\/web\/wp-json\/wp\/v2\/tags"}],"about":[{"href":"http:\/\/www.rodarummet.org\/web\/wp-json\/wp\/v2\/taxonomies\/post_tag"}],"wp:post_type":[{"href":"http:\/\/www.rodarummet.org\/web\/wp-json\/wp\/v2\/posts?tags=1074"}],"curies":[{"name":"wp","href":"https:\/\/api.w.org\/{rel}","templated":true}]}}