{"id":1168,"count":1,"description":"","link":"http:\/\/www.rodarummet.org\/web\/tag\/kampen-om-valfardsarbetets-varde-fackligt-aktiva-kommunalare-minns-strejken-2003\/","name":"Kampen om v\u00e4lf\u00e4rdsarbetets v\u00e4rde : Fackligt aktiva kommunalare minns strejken 2003","slug":"kampen-om-valfardsarbetets-varde-fackligt-aktiva-kommunalare-minns-strejken-2003","taxonomy":"post_tag","meta":[],"_links":{"self":[{"href":"http:\/\/www.rodarummet.org\/web\/wp-json\/wp\/v2\/tags\/1168","targetHints":{"allow":["GET"]}}],"collection":[{"href":"http:\/\/www.rodarummet.org\/web\/wp-json\/wp\/v2\/tags"}],"about":[{"href":"http:\/\/www.rodarummet.org\/web\/wp-json\/wp\/v2\/taxonomies\/post_tag"}],"wp:post_type":[{"href":"http:\/\/www.rodarummet.org\/web\/wp-json\/wp\/v2\/posts?tags=1168"}],"curies":[{"name":"wp","href":"https:\/\/api.w.org\/{rel}","templated":true}]}}