{"id":1772,"date":"2017-02-04T13:16:03","date_gmt":"2017-02-04T12:16:03","guid":{"rendered":"http:\/\/www.rodarummet.org\/web\/?p=1772"},"modified":"2017-02-04T13:27:02","modified_gmt":"2017-02-04T12:27:02","slug":"1772","status":"publish","type":"post","link":"https:\/\/www.rodarummet.org\/web\/2017\/02\/04\/1772\/","title":{"rendered":""},"content":{"rendered":"<h2>R\u00f6da rummet arrangerar:<\/h2>\n<p><span style=\"font-size: xx-large;\"><span style=\"color: #000000;\"><span style=\"font-family: Calibri,Arial,Helvetica,sans-serif;\"><b>Potatisrevolutionen<\/b><\/span><\/span><\/span><\/p>\n<p><strong><span style=\"color: #000000;\"><span style=\"font-family: Calibri,Arial,Helvetica,sans-serif;\"><span style=\"font-size: large;\"><span style=\"color: #4b4f56;\"><span style=\"font-family: Helvetica Neue,Helvetica,Arial,sans-serif;\"><span style=\"color: #4b4f56;\"><span style=\"font-family: Helvetica Neue,Helvetica,Arial,sans-serif;\"><span style=\"font-size: large;\"> Tisdagen 7\/3 kl.18.00<\/span><\/span><\/span><\/span><\/span><\/span><\/span><\/span><\/strong><\/p>\n<p><span style=\"color: #000000;\"><span style=\"font-family: Calibri,Arial,Helvetica,sans-serif;\"><span style=\"font-size: large;\"><span style=\"color: #4b4f56;\"><span style=\"font-family: Helvetica Neue,Helvetica,Arial,sans-serif;\">Offentlig f\u00f6rel\u00e4sning med historiken <\/span><\/span><span style=\"color: #4b4f56;\"><span style=\"font-family: Helvetica Neue,Helvetica,Arial,sans-serif;\">och f\u00f6rfattaren<\/span><\/span><span style=\"color: #4b4f56;\"><span style=\"font-family: Helvetica Neue,Helvetica,Arial,sans-serif;\"><strong> H\u00e5kan Blomqvist <\/strong>som <a href=\"http:\/\/www.rodarummet.org\/web\/wp-content\/uploads\/2017\/02\/254.jpg\" rel=\"attachment wp-att-1775\"><img loading=\"lazy\" decoding=\"async\" class=\"alignright size-full wp-image-1775\" src=\"http:\/\/www.rodarummet.org\/web\/wp-content\/uploads\/2017\/02\/254.jpg\" alt=\"254\" width=\"289\" height=\"469\" srcset=\"https:\/\/www.rodarummet.org\/web\/wp-content\/uploads\/2017\/02\/254.jpg 289w, https:\/\/www.rodarummet.org\/web\/wp-content\/uploads\/2017\/02\/254-185x300.jpg 185w\" sizes=\"auto, (max-width: 289px) 100vw, 289px\" \/><\/a><\/span><\/span><span style=\"color: #4b4f56;\"><span style=\"font-family: Helvetica Neue,Helvetica,Arial,sans-serif;\">nyligen givit<\/span><\/span><span style=\"color: #4b4f56;\"><span style=\"font-family: Helvetica Neue,Helvetica,Arial,sans-serif;\"> ut bok<\/span><\/span><span style=\"color: #4b4f56;\"><span style=\"font-family: Helvetica Neue,Helvetica,Arial,sans-serif;\">en<\/span><\/span><strong><span style=\"color: #4b4f56;\"><span style=\"font-family: Helvetica Neue,Helvetica,Arial,sans-serif;\"> &#8221;Potatisrevolutionen och kvinnoupploppet p\u00e5 S\u00f6dermalm 1917 &#8211; ett historiskt repo<\/span><\/span><span style=\"color: #4b4f56;\"><span style=\"font-family: Helvetica Neue,Helvetica,Arial,sans-serif;\">r<\/span><\/span><span style=\"color: #4b4f56;\"><span style=\"font-family: Helvetica Neue,Helvetica,Arial,sans-serif;\">tage om hunger och demokrati&#8221;.<\/span><\/span><\/strong><br \/>\n<span style=\"color: #4b4f56;\"><span style=\"font-family: Helvetica Neue,Helvetica,Arial,sans-serif;\">V\u00e5ren 1917 var arbetarstadsdelen S\u00f6dermalm i Stockholm sk\u00e5deplatsen f\u00f6r ett folkligt kvinnouppror som drog med sig tusentals <\/span><\/span><span style=\"color: #4b4f56;\"><span style=\"font-family: Helvetica Neue,Helvetica,Arial,sans-serif;\">S<\/span><\/span><span style=\"color: #4b4f56;\"><span style=\"font-family: Helvetica Neue,Helvetica,Arial,sans-serif;\">\u00f6derbor. I det numera trendiga och krogt\u00e4ta &#8221;Sofo&#8221; utspelade sig hungerkravaller n\u00e4r kvinnor f\u00f6rs\u00f6kte komma \u00f6ver potatis f\u00f6r att lindra n\u00f6den i arbetarhemmen. Det var v\u00e4rldskrig, avsp\u00e4rrningar, brist och ransonering. Fr\u00e5n Ryssland kom budskapet om den stora revolutionen som st\u00f6rtat tsard\u00f6met. I Sverige \u00f6ppnade hungerprotesterna som svepte \u00f6ver landet, beskrivna som \u201dpotatisrevolutionen\u201d, d\u00f6rren f\u00f6r allm\u00e4n och lika r\u00f6str\u00e4tt. <\/span><\/span><\/span><\/span><\/span><\/p>\n<p><span style=\"color: #000000;\"><span style=\"font-family: Calibri,Arial,Helvetica,sans-serif;\"><span style=\"font-size: large;\"><span style=\"color: #4b4f56;\"><span style=\"font-family: Helvetica Neue,Helvetica,Arial,sans-serif;\">B<\/span><\/span><span style=\"color: #4b4f56;\"><span style=\"font-family: Helvetica Neue,Helvetica,Arial,sans-serif;\">ok<\/span><\/span><span style=\"color: #4b4f56;\"><span style=\"font-family: Helvetica Neue,Helvetica,Arial,sans-serif;\">en<\/span><\/span><span style=\"color: #4b4f56;\"><span style=\"font-family: Helvetica Neue,Helvetica,Arial,sans-serif;\"> handlar om dessa h\u00e4ndelser och n\u00e5gra av de m\u00e4nniskor som bidrog till f\u00f6r\u00e4ndringen. Som en p\u00e5minnelse om vad som en g\u00e5ng kr\u00e4vdes f\u00f6r att f\u00f6rs\u00e4tta maktpolitiska berg, kanske som l\u00e4rdom \u00e4ven f\u00f6r v\u00e5r egen tid n\u00e4r m\u00e5nga \u00e5ter g\u00e5r hungriga. <\/span><\/span><\/span><\/span><\/span><\/p>\n<p><span style=\"color: #000000;\"><span style=\"font-family: Calibri,Arial,Helvetica,sans-serif;\"><span style=\"font-size: large;\"><span style=\"color: #4b4f56;\"><span style=\"font-family: Helvetica Neue,Helvetica,Arial,sans-serif;\"><a href=\"http:\/\/www.rodarummet.org\/web\/wp-content\/uploads\/2017\/02\/h\u00e5kan-blomqvist.jpg\" rel=\"attachment wp-att-1776\"><img loading=\"lazy\" decoding=\"async\" class=\"alignleft size-medium wp-image-1776\" src=\"http:\/\/www.rodarummet.org\/web\/wp-content\/uploads\/2017\/02\/h\u00e5kan-blomqvist-224x300.jpg\" alt=\"h\u00e5kan-blomqvist\" width=\"224\" height=\"300\" srcset=\"https:\/\/www.rodarummet.org\/web\/wp-content\/uploads\/2017\/02\/h\u00e5kan-blomqvist-224x300.jpg 224w, https:\/\/www.rodarummet.org\/web\/wp-content\/uploads\/2017\/02\/h\u00e5kan-blomqvist-768x1029.jpg 768w, https:\/\/www.rodarummet.org\/web\/wp-content\/uploads\/2017\/02\/h\u00e5kan-blomqvist-764x1024.jpg 764w, https:\/\/www.rodarummet.org\/web\/wp-content\/uploads\/2017\/02\/h\u00e5kan-blomqvist.jpg 1818w\" sizes=\"auto, (max-width: 224px) 100vw, 224px\" \/><\/a>H\u00e5kan Blomqvist, f 1951, \u00e4r historiker verksam vid S\u00f6dert\u00f6rns h\u00f6gskola och f\u00f6rfattare till ett flertal b\u00f6cker om arbetarr\u00f6relsens historia.<\/span><\/span><\/span><\/span><\/span><\/p>\n<p><span style=\"color: #4b4f56;\"><span style=\"font-family: Helvetica Neue,Helvetica,Arial,sans-serif;\">Fritt intr\u00e4de<\/span><\/span><\/p>\n<p><span style=\"color: #4b4f56;\"><span style=\"font-family: Helvetica Neue,Helvetica,Arial,sans-serif;\"><span style=\"font-size: large;\"><b>G\u00f6teborgs litteraturhus<\/b><\/span><\/span><\/span><span style=\"color: #4b4f56;\"><span style=\"font-family: Helvetica Neue,Helvetica,Arial,sans-serif;\"><span style=\"font-size: large;\"><b>, Lagerhuset Heurlins Plats 1<\/b><\/span><\/span><\/span><span style=\"color: #4b4f56;\"><span style=\"font-family: Helvetica Neue,Helvetica,Arial,sans-serif;\"><span style=\"font-size: large;\"><b>b<\/b><\/span><\/span><\/span><span style=\"color: #4b4f56;\"><span style=\"font-family: Helvetica Neue,Helvetica,Arial,sans-serif;\"><span style=\"font-size: large;\"><b>, G\u00f6teborg<\/b><\/span><\/span><\/span><\/p>\n<p>Arr: <span style=\"color: #4b4f56;\"><span style=\"font-family: Helvetica Neue,Helvetica,Arial,sans-serif;\"><span style=\"font-size: large;\"><b>T<\/b><\/span><\/span><\/span><span style=\"color: #4b4f56;\"><span style=\"font-family: Helvetica Neue,Helvetica,Arial,sans-serif;\"><span style=\"font-size: large;\"><b>i<\/b><\/span><\/span><\/span><span style=\"color: #4b4f56;\"><span style=\"font-family: Helvetica Neue,Helvetica,Arial,sans-serif;\"><span style=\"font-size: large;\"><b>dskriften R\u00f6da Rummet, <\/b><\/span><\/span><\/span><span style=\"color: #4b4f56;\"><span style=\"font-family: Helvetica Neue,Helvetica,Arial,sans-serif;\"><span style=\"font-size: large;\"><b> ABF och <\/b><\/span><\/span><\/span><span style=\"color: #4b4f56;\"><span style=\"font-family: Helvetica Neue,Helvetica,Arial,sans-serif;\"><span style=\"font-size: large;\"><b>Tids<\/b><\/span><\/span><\/span><span style=\"color: #4b4f56;\"><span style=\"font-family: Helvetica Neue,Helvetica,Arial,sans-serif;\"><span style=\"font-size: large;\"><b>krifts<\/b><\/span><\/span><\/span><span style=\"color: #4b4f56;\"><span style=\"font-family: Helvetica Neue,Helvetica,Arial,sans-serif;\"><span style=\"font-size: large;\"><b>verkstan i V\u00e4st\u00a0<a href=\"http:\/\/www.tidskriftsverkstaden.se\/\" target=\"_blank\" rel=\"attachment wp-att-1778\"><img loading=\"lazy\" decoding=\"async\" class=\"size-full wp-image-1778 alignright\" src=\"http:\/\/www.rodarummet.org\/web\/wp-content\/uploads\/2017\/02\/mini-tvvlogga.jpg\" alt=\"mini tvvlogga\" width=\"67\" height=\"34\" \/><\/a><\/b><\/span><\/span><\/span><\/p>\n<p><span style=\"color: #4b4f56;\"><span style=\"font-family: Helvetica Neue,Helvetica,Arial,sans-serif;\"><span style=\"font-size: large;\"><b><br \/>\n<\/b><\/span><\/span><\/span><\/p>\n<p><a href=\"https:\/\/www.facebook.com\/events\/1711882215769255\/\" target=\"_blank\">https:\/\/www.facebook.com\/events\/1711882215769255\/<\/a><\/p>\n","protected":false},"excerpt":{"rendered":"<p>R\u00f6da rummet arrangerar: Potatisrevolutionen Tisdagen 7\/3 kl.18.00 Offentlig f\u00f6rel\u00e4sning med historiken och f\u00f6rfattaren H\u00e5kan Blomqvist som nyligen givit ut boken &#8221;Potatisrevolutionen och kvinnoupploppet p\u00e5 S\u00f6dermalm 1917 &#8211; ett historiskt reportage om hunger och demokrati&#8221;. V\u00e5ren 1917 var arbetarstadsdelen S\u00f6dermalm i &hellip; <a href=\"https:\/\/www.rodarummet.org\/web\/2017\/02\/04\/1772\/\">Forts\u00e4tt l\u00e4sa <span class=\"meta-nav\">&rarr;<\/span><\/a><\/p>\n","protected":false},"author":1,"featured_media":0,"comment_status":"closed","ping_status":"open","sticky":false,"template":"","format":"standard","meta":{"jetpack_post_was_ever_published":false,"_jetpack_newsletter_access":"","_jetpack_dont_email_post_to_subs":false,"_jetpack_newsletter_tier_id":0,"_jetpack_memberships_contains_paywalled_content":false,"_jetpack_memberships_contains_paid_content":false,"footnotes":"","jetpack_publicize_message":"","jetpack_publicize_feature_enabled":true,"jetpack_social_post_already_shared":true,"jetpack_social_options":{"image_generator_settings":{"template":"highway","default_image_id":0,"font":"","enabled":false},"version":2}},"categories":[1],"tags":[650,651,240,652,648,649,653],"class_list":["post-1772","post","type-post","status-publish","format-standard","hentry","category-okategoriserade","tag-650","tag-goteborgs-litteraturhus","tag-hakan-blomqvist","tag-kvinnouppror","tag-potatisrevolutionen","tag-sodermalm","tag-tidskriftsverkstan-i-vast"],"jetpack_publicize_connections":[],"jetpack_featured_media_url":"","jetpack_sharing_enabled":true,"jetpack_shortlink":"https:\/\/wp.me\/sRzA9-1772","_links":{"self":[{"href":"https:\/\/www.rodarummet.org\/web\/wp-json\/wp\/v2\/posts\/1772","targetHints":{"allow":["GET"]}}],"collection":[{"href":"https:\/\/www.rodarummet.org\/web\/wp-json\/wp\/v2\/posts"}],"about":[{"href":"https:\/\/www.rodarummet.org\/web\/wp-json\/wp\/v2\/types\/post"}],"author":[{"embeddable":true,"href":"https:\/\/www.rodarummet.org\/web\/wp-json\/wp\/v2\/users\/1"}],"replies":[{"embeddable":true,"href":"https:\/\/www.rodarummet.org\/web\/wp-json\/wp\/v2\/comments?post=1772"}],"version-history":[{"count":2,"href":"https:\/\/www.rodarummet.org\/web\/wp-json\/wp\/v2\/posts\/1772\/revisions"}],"predecessor-version":[{"id":1781,"href":"https:\/\/www.rodarummet.org\/web\/wp-json\/wp\/v2\/posts\/1772\/revisions\/1781"}],"wp:attachment":[{"href":"https:\/\/www.rodarummet.org\/web\/wp-json\/wp\/v2\/media?parent=1772"}],"wp:term":[{"taxonomy":"category","embeddable":true,"href":"https:\/\/www.rodarummet.org\/web\/wp-json\/wp\/v2\/categories?post=1772"},{"taxonomy":"post_tag","embeddable":true,"href":"https:\/\/www.rodarummet.org\/web\/wp-json\/wp\/v2\/tags?post=1772"}],"curies":[{"name":"wp","href":"https:\/\/api.w.org\/{rel}","templated":true}]}}