{"id":1925,"date":"2018-01-31T00:28:09","date_gmt":"2018-01-30T23:28:09","guid":{"rendered":"http:\/\/www.rodarummet.org\/web\/?p=1925"},"modified":"2018-01-31T12:57:18","modified_gmt":"2018-01-31T11:57:18","slug":"1925","status":"publish","type":"post","link":"https:\/\/www.rodarummet.org\/web\/2018\/01\/31\/1925\/","title":{"rendered":""},"content":{"rendered":"<p><strong><span style=\"font-family: FlamaLight; color: #000000;\"><span style=\"font-size: large;\"><span style=\"font-family: Liberation\\ Serif, serif;\"><span style=\"font-size: xx-large;\"><span lang=\"sv-SE\">Talartribunens fixstj\u00e4rna<\/span><\/span><\/span><\/span><\/span><\/strong><\/p>\n<p><span style=\"font-family: FlamaLight;\"><span style=\"font-size: large;\"><span style=\"color: #000000;\"><span style=\"font-family: Liberation\\ Serif, serif;\"><span style=\"font-size: medium;\"><span lang=\"sv-SE\"><b>Tillsammans med Hinke Bergegren, Hjalmar Branting och August Palm \u00e4r nog Kata Dalstr\u00f6m det namn som idag klingar mest bekant fr\u00e5n arbetarr\u00f6relsens tidiga \u00e5r. Men vem var denna kvinna som fr\u00e4mst g\u00e5tt till historien f\u00f6r sin enorma frenesi och formuleringskonst i talarstolen? I biografin <\/b><\/span><\/span><\/span><\/span><\/span><\/span><span style=\"font-family: FlamaLight;\"><span style=\"font-size: large;\"><span style=\"color: #000000;\"><span style=\"font-family: Liberation\\ Serif, serif;\"><span style=\"font-size: medium;\"><span lang=\"sv-SE\"><i><b>Kata Dalstr\u00f6m \u2013 Agitatorn som gick sin egen v\u00e4g<\/b><\/i><\/span><\/span><\/span><\/span><\/span><\/span><span style=\"font-family: FlamaLight;\"><span style=\"font-size: large;\"><span style=\"color: #000000;\"><span style=\"font-family: Liberation\\ Serif, serif;\"><span style=\"font-size: medium;\"><span lang=\"sv-SE\"><b> tecknar Gunnela Bj\u00f6rk en bild av denna s\u00e4regna personlighet. Anders Karlsson har l\u00e4st den.<\/b><\/span><\/span><\/span><\/span><\/span><\/span><\/p>\n<p><img loading=\"lazy\" decoding=\"async\" class=\"aligncenter wp-image-1926\" src=\"http:\/\/www.rodarummet.org\/web\/wp-content\/uploads\/2018\/01\/kata1.jpg\" alt=\"\" width=\"516\" height=\"357\" srcset=\"https:\/\/www.rodarummet.org\/web\/wp-content\/uploads\/2018\/01\/kata1.jpg 980w, https:\/\/www.rodarummet.org\/web\/wp-content\/uploads\/2018\/01\/kata1-300x208.jpg 300w, https:\/\/www.rodarummet.org\/web\/wp-content\/uploads\/2018\/01\/kata1-768x532.jpg 768w\" sizes=\"auto, (max-width: 516px) 100vw, 516px\" \/><!--more--><\/p>\n<p><span style=\"font-family: FlamaLight;\"><span style=\"font-size: large;\"><span style=\"color: #45494a;\"><span style=\"font-family: Liberation\\ Serif, serif;\"><span style=\"font-size: medium;\"><span lang=\"sv-SE\">K<\/span><\/span><\/span><\/span><\/span><\/span><span style=\"font-family: FlamaLight;\"><span style=\"font-size: large;\"><span style=\"color: #000000;\"><span style=\"font-family: Liberation\\ Serif, serif;\"><span style=\"font-size: medium;\"><span lang=\"sv-SE\">ata Dalstr\u00f6m f\u00f6ddes 1858 i Dalhems socken p\u00e5 gr\u00e4nsen mellan \u00d6sterg\u00f6tland och Sm\u00e5land. Det var ett \u00f6verklasshem vars fader, Johan Oscar Carlberg, kom att g\u00f6ra sig bem\u00e4rkt som professor i metallurgi och f\u00f6retagsledare inom j\u00e4rnhanteringen. Trots sin bakgrund kom Katas liv att r\u00f6ra sig i en alltmer radikal bana. Det avg\u00f6rande steget var n\u00e4r hon 1894 blev medlem i det socialdemokratiska parti som d\u00e5 endast hade fem \u00e5r p\u00e5 nacken. Snabbt blev hon h\u00e4r eftertraktad som talare och f\u00f6redragsh\u00e5llare. Hon steg i graderna och redan \u00e5r 1900 kom hon att ta s\u00e4te i verkst\u00e4llande utskottet, partiets innersta maktkrets.<\/span><\/span><\/span><\/span><\/span><\/span><\/p>\n<p lang=\"en-GB\" align=\"left\"><span style=\"color: #000000;\"><span style=\"font-family: Tahoma, sans-serif;\"><span style=\"font-size: medium;\"><span style=\"font-family: FlamaLight;\"><span style=\"font-size: large;\"><span style=\"font-family: Liberation\\ Serif, serif;\"><span lang=\"sv-SE\">I takt med att mots\u00e4ttningarna inom partiet tog sig en skarpare skepnad positionerade hon sig alltmer p\u00e5 dess v\u00e4nsterflygel. N\u00e4r partiet slutligen 1917 spr\u00e4ngdes kom hon ocks\u00e5 att tillh\u00f6ra det nybildade socialdemokratiska v\u00e4nsterpartiets ledning. \u00c5r 1920 var hon en av tre svenska delegater p\u00e5 Kommunistiska Internationalens andra kongress i Moskva. N\u00e4r v\u00e4nsterpartiet s\u00e5 splittrades 1921 blev hon en galjonsfigur inom det av majoriteten nybildade Sveriges Kommunistiska Parti (SKP). Sina sista levnads\u00e5r, hon avled 1923, blev hon dock \u2013 tillsammans med bland annat Z\u00e4ta H\u00f6glund och Fredrik Str\u00f6m \u2013 alltmer kritisk mot den h\u00e5rda centralstyrningen fr\u00e5n Moskva. <\/span><\/span><\/span><\/span><\/span><\/span><\/span><\/p>\n<div id=\"attachment_1927\" style=\"width: 209px\" class=\"wp-caption alignleft\"><img loading=\"lazy\" decoding=\"async\" aria-describedby=\"caption-attachment-1927\" class=\"size-medium wp-image-1927\" src=\"http:\/\/www.rodarummet.org\/web\/wp-content\/uploads\/2018\/01\/GunnelaBjorkFotoMartinHenningsson_vertical-199x300.jpg\" alt=\"\" width=\"199\" height=\"300\" srcset=\"https:\/\/www.rodarummet.org\/web\/wp-content\/uploads\/2018\/01\/GunnelaBjorkFotoMartinHenningsson_vertical-199x300.jpg 199w, https:\/\/www.rodarummet.org\/web\/wp-content\/uploads\/2018\/01\/GunnelaBjorkFotoMartinHenningsson_vertical-768x1159.jpg 768w, https:\/\/www.rodarummet.org\/web\/wp-content\/uploads\/2018\/01\/GunnelaBjorkFotoMartinHenningsson_vertical-678x1024.jpg 678w\" sizes=\"auto, (max-width: 199px) 100vw, 199px\" \/><p id=\"caption-attachment-1927\" class=\"wp-caption-text\">Gunnela Bj\u00f6rk<\/p><\/div>\n<p lang=\"en-GB\" align=\"left\"><span style=\"color: #000000;\"><span style=\"font-family: Tahoma, sans-serif;\"><span style=\"font-size: medium;\"><span style=\"font-family: FlamaLight;\"><span style=\"font-size: large;\"><span style=\"font-family: Liberation\\ Serif, serif;\"><span lang=\"sv-SE\">Gunnela Bj\u00f6rk, som tidigare bland annat kommit ut med en biografi \u00f6ver Margaret Thatcher, skriver i f\u00f6rordet: \u201dAtt skriva en biografi om en m\u00e4nniska \u00e4r att g\u00e5 in i en fler\u00e5rig dialog med henne, ett st\u00e4ndigt samtal \u2013 stundtals lite ensidigt \u2013 d\u00e4r fr\u00e5gorna alltid \u00e4r fler \u00e4n svaren\u201d. Bj\u00f6rks ambiti\u00f6sa anstr\u00e4ngning har resulterat i ett positivt utfall. Med livfull penna \u2013 och god faktabelysning \u2013 tecknar hon Katas liv fr\u00e5n vaggan till graven, ett portr\u00e4tt i helfigur d\u00e4r \u00e4ven huvudpersonens andliga sidor, f\u00f6rst som teosof och sedermera som buddhist, ges utrymme. Sj\u00e4lvklart uppm\u00e4rksammas ocks\u00e5 de privata sociala konvulsioner som Katas j\u00e4ttekliv fr\u00e5n \u00f6verklassv\u00e4rlden in i den socialistiska r\u00f6relsen mynnade ut i. D\u00e4rtill f\u00e5r vi en inblick i huvudpersonens erotiska eskapader \u2013 vid sidan av hennes \u00e4ktenskap med sju barn tillsammans med den konservative ingenj\u00f6ren och misslyckade aff\u00e4rsmannen Gustaf Dalstr\u00f6m. Som nyckeln till att biografin blivit s\u00e5 helt\u00e4ckande betonar Bj\u00f6rk att hon haft tillg\u00e5ng till s\u00e5v\u00e4l uppgifter som Kata nedtecknat i bruna anteckningsb\u00f6cker fr\u00e5n sin barn- och ungdomstid som till manuskript av f\u00f6redrag och artiklar: \u201dDetta material har varit min viktigaste k\u00e4lla till den h\u00e4r boken\u201d, skriver Bj\u00f6rk.<\/span><\/span><\/span><\/span><\/span><\/span><\/span><\/p>\n<p lang=\"en-GB\" align=\"left\"><span style=\"color: #000000;\"><span style=\"font-family: Tahoma, sans-serif;\"><span style=\"font-size: medium;\"><span style=\"font-family: FlamaLight;\"><span style=\"font-size: large;\"><span style=\"font-family: Liberation\\ Serif, serif;\"><span lang=\"sv-SE\">Biografins epicentrum \u00e4r Kata Dalstr\u00f6ms roll som den d\u00e5tida socialdemokratins mest betydelsefulla agitator. Som s\u00e5dan for hon land och rike kring. Det ber\u00e4ttas att hon h\u00f6ll runt 170 f\u00f6redrag om \u00e5ret och att det h\u00e4nde att hon hade m\u00f6ten arton dagar i str\u00e4ck. M\u00e5let var att utanf\u00f6r storst\u00e4derna bilda nya arbetarkommuner, kvinnoklubbar och fackf\u00f6reningar samt gjuta mod i de sammanslutningar som redan fanns. Det var ocks\u00e5 en tid n\u00e4r arbetarr\u00f6relsens agitatorer s\u00e5gs som farliga samh\u00e4llsomst\u00f6rtare, inte s\u00e5 s\u00e4llan nekades de lokal och fick h\u00e5lla sina anf\u00f6randen under ytterst primitiva f\u00f6rh\u00e5llanden \u2013 kanske i en skogsdunge eller p\u00e5 ett mj\u00f6lkbord i en v\u00e4gkorsning. Det var ofta strapatsrika resor, som h\u00e4r ett exempel som hon skriver om i ett brev fr\u00e5n en sejour i Norrland: \u201dP\u00e5 Malmbanan g\u00e5r \u00e4nnu ingen passagerartrafik, bara malmt\u00e5g med n\u00e5gra finkor d\u00e4r folk f\u00e5r stuvas in huller om buller. Det blir en svinkall resa i \u00e5tta timmar bland \u00e4ggkartonger, potatiss\u00e4ckar, koffertar och rallare. En av dem f\u00f6rgyller resan med sitt dragspel\u201d. <\/span><\/span><\/span><\/span><\/span><\/span><\/span><\/p>\n<p lang=\"en-GB\" align=\"left\"><span style=\"color: #000000;\"><span style=\"font-family: Tahoma, sans-serif;\"><span style=\"font-size: medium;\"><span style=\"font-family: FlamaLight;\"><span style=\"font-size: large;\"><span style=\"font-family: Liberation\\ Serif, serif;\"><span lang=\"sv-SE\">I detta avsnitt av boken tycker jag dock att Bj\u00f6rk mer skulle g\u00e5tt in p\u00e5 Katas specifika stil i s\u00e5v\u00e4l tal som skrift. Det jag fr\u00e4mst t\u00e4nker p\u00e5 \u00e4r hennes alldeles egna personliga uttryck, som exempelvis att hon irriterad kunde likna ett tal av Branting vid \u201dmisst\u00e4mningsogr\u00e4s\u201d eller att hon kunde ben\u00e4mna dennes ideologi som \u201dtevatten-socialism\u201d. N\u00e4mnas b\u00f6r dessutom att m\u00e5nga av Katas tal \u00e4ven kom att spridas som broschyrer, som exempelvis <\/span><\/span><\/span><\/span><span style=\"font-family: FlamaLight;\"><span style=\"font-size: large;\"><span style=\"font-family: Liberation\\ Serif, serif;\"><span lang=\"sv-SE\"><i>Bildning och klasskamp <\/i><\/span><\/span><\/span><\/span><span style=\"font-family: FlamaLight;\"><span style=\"font-size: large;\"><span style=\"font-family: Liberation\\ Serif, serif;\"><span lang=\"sv-SE\">eller <\/span><\/span><\/span><\/span><span style=\"font-family: FlamaLight;\"><span style=\"font-size: large;\"><span style=\"font-family: Liberation\\ Serif, serif;\"><span lang=\"sv-SE\"><i>Socialistiska framtidskonturer<\/i><\/span><\/span><\/span><\/span><span style=\"font-family: FlamaLight;\"><span style=\"font-size: large;\"><span style=\"font-family: Liberation\\ Serif, serif;\"><span lang=\"sv-SE\">. Det vore en kulturg\u00e4rning om n\u00e5gon f\u00f6rl\u00e4ggare skulle ha energi att i ett samlingsverk \u00e5terigen ge ut Katas viktigaste broschyrer. Som skribent \u00e4r hon idag sorgligt bortgl\u00f6md. <\/span><\/span><\/span><\/span><\/span><\/span><\/span><\/p>\n<p lang=\"en-GB\" align=\"left\"><span style=\"color: #000000;\"><span style=\"font-family: Tahoma, sans-serif;\"><span style=\"font-size: medium;\"><span style=\"font-family: FlamaLight;\"><span style=\"font-size: large;\"><span style=\"font-family: Liberation\\ Serif, serif;\"><span lang=\"sv-SE\">Vad var det d\u00e5 f\u00f6r socialistiskt samh\u00e4lle som Kata dr\u00f6mde om? I Socialistiska framtidskonturer skriver hon att det b\u00f6r vila p\u00e5 tv\u00e5 h\u00f6rnstenar. F\u00f6r det f\u00f6rsta gemensamt \u00e4gande av jord, r\u00e5varor och produktionsmedel. Industrin ska drivas i samh\u00e4llets regi eller i kooperativ. Detsamma g\u00e4ller jordbruket, men det kommer ocks\u00e5 att finnas sm\u00e5jordbruk med sj\u00e4lv\u00e4gande b\u00f6nder. F\u00f6r det andra ska det r\u00e5da arbetsplikt f\u00f6r fullt arbetsf\u00f6ra. Denna plikt blir dock inte s\u00e4rskilt betungande. Hon talar h\u00e4r om tv\u00e5, tre eller h\u00f6gst fem timmars arbete per dag. D\u00e4rtill understryker hon att socialismen till sitt v\u00e4sen \u00e4r internationell och om\u00f6jlig att f\u00f6rverkliga i ett enskilt land. <\/span><\/span><\/span><\/span><\/span><\/span><\/span><\/p>\n<p lang=\"en-GB\" align=\"left\"><span style=\"color: #000000;\"><span style=\"font-family: Tahoma, sans-serif;\"><span style=\"font-size: medium;\"><span style=\"font-family: FlamaLight;\"><span style=\"font-size: large;\"><span style=\"font-family: Liberation\\ Serif, serif;\"><span lang=\"sv-SE\">Vad ger d\u00e5 boken f\u00f6r svar p\u00e5 fr\u00e5gan om varf\u00f6r \u00f6verklassflickan Kata Dalstr\u00f6m s\u00e5 starkt drogs till den socialistiska l\u00e4ran? Jag uppfattar att Bj\u00f6rk h\u00e4r anf\u00f6r tre f\u00f6rklaringar. Dels att Kata \u00e4nda fr\u00e5n barnsben var naturligt upprorisk till sin l\u00e4ggning. Det ber\u00e4ttas att det h\u00e4nde att hon i hemmet belades med husarrest som straff f\u00f6r att hon varit uppstudsig eller brutit mot g\u00e4ngse regler. Talande \u00e4r dessutom att hon relegerades fr\u00e5n en privat flickskola p\u00e5 grund av sitt uppf\u00f6rande. <\/span><\/span><\/span><\/span><\/span><\/span><\/span><\/p>\n<p lang=\"en-GB\" align=\"left\"><span style=\"color: #000000;\"><span style=\"font-family: Tahoma, sans-serif;\"><span style=\"font-size: medium;\"><span style=\"font-family: FlamaLight;\"><span style=\"font-size: large;\"><span style=\"font-family: Liberation\\ Serif, serif;\"><span lang=\"sv-SE\">D\u00e4rtill ber\u00e4ttar biografin att Kata i sin ungdom hade en hemlig k\u00e4rleksaff\u00e4r med en arbetar- och smedson vid namn August Syl. I den tidens st\u00e5nd<\/span><\/span><\/span><\/span><span style=\"font-family: FlamaLight;\"><span style=\"font-size: large;\"><span style=\"font-family: Liberation\\ Serif, serif;\"><span lang=\"sv-SE\">s<\/span><\/span><\/span><\/span><span style=\"font-family: FlamaLight;\"><span style=\"font-size: large;\"><span style=\"font-family: Liberation\\ Serif, serif;\"><span lang=\"sv-SE\">samh\u00e4lle var en s\u00e5dan f\u00f6rbindelse \u00f6ver klassgr\u00e4nserna i praktiken str\u00e4ngeligen f\u00f6rbjuden. N\u00e4r det hela uppdagades blev August Syl omedelbart iv\u00e4gk\u00f6rd fr\u00e5n s\u00e5v\u00e4l bostad som arbete och hon sj\u00e4lv deporterades till Stockholm. I sina anteckningar senare i livet skriver Kata: \u201dMen djupa sp\u00e5r har k\u00e4rleken till smedsonen August Syl l\u00e4mnat efter sig i min karakt\u00e4r och jag kom att harmas p\u00e5 den klass som skiljt oss \u00e5t. Genom honom l\u00e4rde jag mig \u00e4lska och f\u00f6rst\u00e5 arbetarna \u2013 och hur \u00e4n min lefnads dagar skiftat denna k\u00e4rlek och f\u00f6rst\u00e5else har funnits kvar! Visst \u00e4r om ej August Syl varit \u2013 s\u00e5 hade nog aldrig Kata Dalstr\u00f6m \u2013 socialistagitatorn funnits till!\u201d <\/span><\/span><\/span><\/span><\/span><\/span><\/span><\/p>\n<p lang=\"en-GB\" align=\"left\"><span style=\"color: #000000;\"><span style=\"font-family: Tahoma, sans-serif;\"><span style=\"font-size: medium;\"><span style=\"font-family: FlamaLight;\"><span style=\"font-size: large;\"><span style=\"font-family: Liberation\\ Serif, serif;\"><span lang=\"sv-SE\"><img loading=\"lazy\" decoding=\"async\" class=\"alignright wp-image-1928\" src=\"http:\/\/www.rodarummet.org\/web\/wp-content\/uploads\/2018\/01\/Katax-300x204.jpg\" alt=\"\" width=\"393\" height=\"267\" srcset=\"https:\/\/www.rodarummet.org\/web\/wp-content\/uploads\/2018\/01\/Katax-300x204.jpg 300w, https:\/\/www.rodarummet.org\/web\/wp-content\/uploads\/2018\/01\/Katax.jpg 704w\" sizes=\"auto, (max-width: 393px) 100vw, 393px\" \/>Den tredje f\u00f6rklaringen \u00e4r strukturell och handlar om den tid som Kata levde i. 1880-talet, hennes ungdoms dagar, var ett decennium som k\u00e4nnetecknades av att det gamla st\u00e5ndssamh\u00e4llet alltmer knakade i sina fogar. Nya r\u00f6relser och organisationer v\u00e4xte fram och s\u00e5v\u00e4l liberalismen som socialismen vann \u00f6kad terr\u00e4ng. Katas egna radikalisering gick bland annat genom <\/span><\/span><\/span><\/span><span style=\"font-family: FlamaLight;\"><span style=\"font-size: large;\"><span style=\"font-family: Liberation\\ Serif, serif;\"><span lang=\"sv-SE\"><i>F\u00f6reningen f\u00f6r gift kvinnas \u00e4gander\u00e4tt<\/i><\/span><\/span><\/span><\/span><span style=\"font-family: FlamaLight;\"><span style=\"font-size: large;\"><span style=\"font-family: Liberation\\ Serif, serif;\"><span lang=\"sv-SE\"> och en annan kvinnoorganisation vid namn <\/span><\/span><\/span><\/span><span style=\"font-family: FlamaLight;\"><span style=\"font-size: large;\"><span style=\"font-family: Liberation\\ Serif, serif;\"><span lang=\"sv-SE\"><i>Tolfterna<\/i><\/span><\/span><\/span><\/span><span style=\"font-family: FlamaLight;\"><span style=\"font-size: large;\"><span style=\"font-family: Liberation\\ Serif, serif;\"><span lang=\"sv-SE\">, sammanslutningar d\u00e4r hon inte bara fick kontakt med liberaler utan \u00e4ven socialdemokrater och arbetarkvinnor, innan hon d\u00e5 slutligen, 36 \u00e5r gammal, i december 1894 ansl\u00f6t sig till socialdemokratin. Socialdemokratin var d\u00e5 ett parti som v\u00e4xte lavinartat. N\u00e4r Kata kom med l\u00e5g medlemsantalet p\u00e5 20 000, men redan vid sekelskiftet hade antalet vuxit till 65 000 \u2013 f\u00f6r alltfler var socialismen framtidsideologin och Kata var l\u00e5ngtifr\u00e5n den enda med \u00f6verklassr\u00f6tter \u2013 Branting \u00e4r ett annat sj\u00e4lvklart exempel \u2013 som ansl\u00f6t sig.<\/span><\/span><\/span><\/span><\/span><\/span><\/span><\/p>\n<p lang=\"en-GB\" align=\"left\"><span style=\"font-family: FlamaLight;\"><span style=\"font-size: large;\"><span style=\"color: #000000;\"><span style=\"font-family: Liberation\\ Serif, serif;\"><span style=\"font-size: medium;\"><span lang=\"sv-SE\">Sammantaget har Gunnela Bj\u00f6rk med denna biografi bidragit till att en pusselbit i den svenska arbetarr\u00f6relsens historia f\u00e5tt en tydligare kontur. Det l\u00f6per som en r\u00f6d tr\u00e5d genom boken hur Kata Dalstr\u00f6m allt som oftast br\u00f6t mot r\u00e5dande konventioner eller ifr\u00e5gasatte g\u00e4ngse uppfattningar. Bilden som klarnar \u00e4r den av en kollektiv solospelare \u2013 eller <\/span><\/span><\/span><\/span><\/span><\/span><span style=\"font-family: FlamaLight;\"><span style=\"font-size: large;\"><span style=\"color: #000000;\"><span style=\"font-family: Liberation\\ Serif, serif;\"><span style=\"font-size: medium;\"><span lang=\"sv-SE\">Agitatorn som gick sin egen v\u00e4g<\/span><\/span><\/span><\/span><\/span><\/span><span style=\"font-family: FlamaLight;\"><span style=\"font-size: large;\"><span style=\"color: #000000;\"><span style=\"font-family: Liberation\\ Serif, serif;\"><span style=\"font-size: medium;\"><span lang=\"sv-SE\">.<\/span><\/span><\/span><\/span><\/span><\/span><span style=\"font-family: Chronicle\\ Text\\ G2;\"><span style=\"font-size: small;\"><span style=\"color: #000000;\"><span style=\"font-family: Liberation\\ Serif, serif;\"><span style=\"font-size: medium;\"><span lang=\"sv-SE\">&lt;&lt; <\/span><\/span><\/span><\/span><\/span><\/span><\/p>\n<p><span style=\"font-family: Chronicle\\ Text\\ G2;\"><span style=\"font-size: small;\"><span style=\"color: #000000;\"><span style=\"font-family: Liberation\\ Serif, serif;\"><span style=\"font-size: medium;\"><span lang=\"sv-SE\">A<\/span><\/span><\/span><\/span><\/span><\/span><span style=\"font-family: Chronicle\\ Text\\ G2;\"><span style=\"font-size: small;\"><span style=\"color: #000000;\"><span style=\"font-family: Liberation\\ Serif, serif;\"><span style=\"font-size: medium;\"><span lang=\"sv-SE\">r<\/span><\/span><\/span><\/span><\/span><\/span><span style=\"font-family: Chronicle\\ Text\\ G2;\"><span style=\"font-size: small;\"><span style=\"color: #000000;\"><span style=\"font-family: Liberation\\ Serif, serif;\"><span style=\"font-size: medium;\"><span lang=\"sv-SE\">tikelf\u00f6<\/span><\/span><\/span><\/span><\/span><\/span><span style=\"font-family: Chronicle\\ Text\\ G2;\"><span style=\"font-size: small;\"><span style=\"color: #000000;\"><span style=\"font-family: Liberation\\ Serif, serif;\"><span style=\"font-size: medium;\"><span lang=\"sv-SE\">r<\/span><\/span><\/span><\/span><\/span><\/span><span style=\"font-family: Chronicle\\ Text\\ G2;\"><span style=\"font-size: small;\"><span style=\"color: #000000;\"><span style=\"font-family: Liberation\\ Serif, serif;\"><span style=\"font-size: medium;\"><span lang=\"sv-SE\">f<\/span><\/span><\/span><\/span><\/span><\/span><span style=\"font-family: Chronicle\\ Text\\ G2;\"><span style=\"font-size: small;\"><span style=\"color: #000000;\"><span style=\"font-family: Liberation\\ Serif, serif;\"><span style=\"font-size: medium;\"><span lang=\"sv-SE\">a<\/span><\/span><\/span><\/span><\/span><\/span><span style=\"font-family: Liberation\\ Serif, serif;\"><span style=\"font-size: medium;\">tt<\/span><\/span><span style=\"font-family: Liberation\\ Serif, serif;\"><span style=\"font-size: medium;\">ar<\/span><\/span><span style=\"font-family: Liberation\\ Serif, serif;\"><span style=\"font-size: medium;\">e: <\/span><\/span><span style=\"font-family: Liberation\\ Serif, serif;\"><span style=\"font-size: medium;\"><strong>Anders Karlsson<\/strong> ing\u00e5r i R\u00f6da rummets redaktion, \u00e4r skribent p\u00e5 internationalen <\/span><\/span><span style=\"font-family: Liberation\\ Serif, serif;\"><span style=\"font-size: medium;\">och medlem av Socialistiska Partiet<\/span><\/span><\/p>\n","protected":false},"excerpt":{"rendered":"<p>Talartribunens fixstj\u00e4rna Tillsammans med Hinke Bergegren, Hjalmar Branting och August Palm \u00e4r nog Kata Dalstr\u00f6m det namn som idag klingar mest bekant fr\u00e5n arbetarr\u00f6relsens tidiga \u00e5r. Men vem var denna kvinna som fr\u00e4mst g\u00e5tt till historien f\u00f6r sin enorma frenesi &hellip; <a href=\"https:\/\/www.rodarummet.org\/web\/2018\/01\/31\/1925\/\">Forts\u00e4tt l\u00e4sa <span class=\"meta-nav\">&rarr;<\/span><\/a><\/p>\n","protected":false},"author":1,"featured_media":0,"comment_status":"closed","ping_status":"open","sticky":false,"template":"","format":"standard","meta":{"jetpack_post_was_ever_published":false,"_jetpack_newsletter_access":"","_jetpack_dont_email_post_to_subs":false,"_jetpack_newsletter_tier_id":0,"_jetpack_memberships_contains_paywalled_content":false,"_jetpack_memberships_contains_paid_content":false,"footnotes":"","jetpack_publicize_message":"","jetpack_publicize_feature_enabled":true,"jetpack_social_post_already_shared":true,"jetpack_social_options":{"image_generator_settings":{"template":"highway","default_image_id":0,"font":"","enabled":false},"version":2}},"categories":[1],"tags":[699,697,700,349,696,698],"class_list":["post-1925","post","type-post","status-publish","format-standard","hentry","category-okategoriserade","tag-agitatorn-som-gick-sin-egen-vag","tag-bildning-och-klasskamp","tag-branting","tag-gunnela-bjork","tag-kata-dalstrom","tag-zata-hoglund"],"jetpack_publicize_connections":[],"jetpack_featured_media_url":"","jetpack_sharing_enabled":true,"jetpack_shortlink":"https:\/\/wp.me\/sRzA9-1925","_links":{"self":[{"href":"https:\/\/www.rodarummet.org\/web\/wp-json\/wp\/v2\/posts\/1925","targetHints":{"allow":["GET"]}}],"collection":[{"href":"https:\/\/www.rodarummet.org\/web\/wp-json\/wp\/v2\/posts"}],"about":[{"href":"https:\/\/www.rodarummet.org\/web\/wp-json\/wp\/v2\/types\/post"}],"author":[{"embeddable":true,"href":"https:\/\/www.rodarummet.org\/web\/wp-json\/wp\/v2\/users\/1"}],"replies":[{"embeddable":true,"href":"https:\/\/www.rodarummet.org\/web\/wp-json\/wp\/v2\/comments?post=1925"}],"version-history":[{"count":2,"href":"https:\/\/www.rodarummet.org\/web\/wp-json\/wp\/v2\/posts\/1925\/revisions"}],"predecessor-version":[{"id":1942,"href":"https:\/\/www.rodarummet.org\/web\/wp-json\/wp\/v2\/posts\/1925\/revisions\/1942"}],"wp:attachment":[{"href":"https:\/\/www.rodarummet.org\/web\/wp-json\/wp\/v2\/media?parent=1925"}],"wp:term":[{"taxonomy":"category","embeddable":true,"href":"https:\/\/www.rodarummet.org\/web\/wp-json\/wp\/v2\/categories?post=1925"},{"taxonomy":"post_tag","embeddable":true,"href":"https:\/\/www.rodarummet.org\/web\/wp-json\/wp\/v2\/tags?post=1925"}],"curies":[{"name":"wp","href":"https:\/\/api.w.org\/{rel}","templated":true}]}}