{"id":1979,"date":"2018-03-01T11:20:14","date_gmt":"2018-03-01T10:20:14","guid":{"rendered":"http:\/\/www.rodarummet.org\/web\/?p=1979"},"modified":"2018-03-01T16:20:54","modified_gmt":"2018-03-01T15:20:54","slug":"kata-dalstrom-drog-publik","status":"publish","type":"post","link":"https:\/\/www.rodarummet.org\/web\/2018\/03\/01\/kata-dalstrom-drog-publik\/","title":{"rendered":"Kata Dalstr\u00f6m drog publik"},"content":{"rendered":"<p><img loading=\"lazy\" decoding=\"async\" class=\"alignleft  wp-image-1982\" src=\"http:\/\/www.rodarummet.org\/web\/wp-content\/uploads\/2018\/03\/IMG_3153-1024x1024.jpg\" alt=\"\" width=\"341\" height=\"341\" srcset=\"https:\/\/www.rodarummet.org\/web\/wp-content\/uploads\/2018\/03\/IMG_3153-1024x1024.jpg 1024w, https:\/\/www.rodarummet.org\/web\/wp-content\/uploads\/2018\/03\/IMG_3153-150x150.jpg 150w, https:\/\/www.rodarummet.org\/web\/wp-content\/uploads\/2018\/03\/IMG_3153-300x300.jpg 300w, https:\/\/www.rodarummet.org\/web\/wp-content\/uploads\/2018\/03\/IMG_3153-768x768.jpg 768w\" sizes=\"auto, (max-width: 341px) 100vw, 341px\" \/>Sextio personer tog sig genom den bitande februarikylan till G\u00f6teborgs Litteraturhus f\u00f6r att lyssna p\u00e5 historien om Kata Dalstr\u00f6m \u2013 <em>Agitatorn som gick sin egen v\u00e4g<\/em>. Historikern Gunnela Bj\u00f6rk \u00f6ste ur sina rika kunskaper om Kata Dalstr\u00f6ms levnads\u00f6de och levererade en fascinerande ber\u00e4ttelse om hur hon utmanade inte bara det borgerliga samh\u00e4llet, utan ocks\u00e5 den framv\u00e4xande byr\u00e5kratin och reformismen inom arbetarr\u00f6relsen i b\u00f6rjan p\u00e5 f\u00f6rra seklet.<\/p>\n<p>L\u00e4s recension av Gunnela Bj\u00f6rks <a href=\"http:\/\/www.rodarummet.org\/web\/2018\/01\/31\/1925\/#more-1925\" target=\"_blank\" rel=\"noopener\">biografi om Kata<\/a><\/p>\n","protected":false},"excerpt":{"rendered":"<p>Sextio personer tog sig genom den bitande februarikylan till G\u00f6teborgs Litteraturhus f\u00f6r att lyssna p\u00e5 historien om Kata Dalstr\u00f6m \u2013 Agitatorn som gick sin egen v\u00e4g. Historikern Gunnela Bj\u00f6rk \u00f6ste ur sina rika kunskaper om Kata Dalstr\u00f6ms levnads\u00f6de och levererade &hellip; <a href=\"https:\/\/www.rodarummet.org\/web\/2018\/03\/01\/kata-dalstrom-drog-publik\/\">Forts\u00e4tt l\u00e4sa <span class=\"meta-nav\">&rarr;<\/span><\/a><\/p>\n","protected":false},"author":1,"featured_media":0,"comment_status":"closed","ping_status":"open","sticky":false,"template":"","format":"standard","meta":{"jetpack_post_was_ever_published":false,"_jetpack_newsletter_access":"","_jetpack_dont_email_post_to_subs":false,"_jetpack_newsletter_tier_id":0,"_jetpack_memberships_contains_paywalled_content":false,"_jetpack_memberships_contains_paid_content":false,"footnotes":"","jetpack_publicize_message":"","jetpack_publicize_feature_enabled":true,"jetpack_social_post_already_shared":true,"jetpack_social_options":{"image_generator_settings":{"template":"highway","default_image_id":0,"font":"","enabled":false},"version":2}},"categories":[1],"tags":[719,741,349,696],"class_list":["post-1979","post","type-post","status-publish","format-standard","hentry","category-okategoriserade","tag-agitator","tag-biografi","tag-gunnela-bjork","tag-kata-dalstrom"],"jetpack_publicize_connections":[],"jetpack_featured_media_url":"","jetpack_sharing_enabled":true,"jetpack_shortlink":"https:\/\/wp.me\/pRzA9-vV","_links":{"self":[{"href":"https:\/\/www.rodarummet.org\/web\/wp-json\/wp\/v2\/posts\/1979","targetHints":{"allow":["GET"]}}],"collection":[{"href":"https:\/\/www.rodarummet.org\/web\/wp-json\/wp\/v2\/posts"}],"about":[{"href":"https:\/\/www.rodarummet.org\/web\/wp-json\/wp\/v2\/types\/post"}],"author":[{"embeddable":true,"href":"https:\/\/www.rodarummet.org\/web\/wp-json\/wp\/v2\/users\/1"}],"replies":[{"embeddable":true,"href":"https:\/\/www.rodarummet.org\/web\/wp-json\/wp\/v2\/comments?post=1979"}],"version-history":[{"count":2,"href":"https:\/\/www.rodarummet.org\/web\/wp-json\/wp\/v2\/posts\/1979\/revisions"}],"predecessor-version":[{"id":1984,"href":"https:\/\/www.rodarummet.org\/web\/wp-json\/wp\/v2\/posts\/1979\/revisions\/1984"}],"wp:attachment":[{"href":"https:\/\/www.rodarummet.org\/web\/wp-json\/wp\/v2\/media?parent=1979"}],"wp:term":[{"taxonomy":"category","embeddable":true,"href":"https:\/\/www.rodarummet.org\/web\/wp-json\/wp\/v2\/categories?post=1979"},{"taxonomy":"post_tag","embeddable":true,"href":"https:\/\/www.rodarummet.org\/web\/wp-json\/wp\/v2\/tags?post=1979"}],"curies":[{"name":"wp","href":"https:\/\/api.w.org\/{rel}","templated":true}]}}