{"id":224,"date":"2010-08-19T21:50:15","date_gmt":"2010-08-19T20:50:15","guid":{"rendered":"http:\/\/www.rodarummet.org\/web\/?p=224"},"modified":"2010-11-14T14:27:49","modified_gmt":"2010-11-14T13:27:49","slug":"att-precisionsbomba-hornpelarna-%e2%80%93-om-reinfeldt-valet-och-systemskiftet","status":"publish","type":"post","link":"https:\/\/www.rodarummet.org\/web\/2010\/08\/19\/att-precisionsbomba-hornpelarna-%e2%80%93-om-reinfeldt-valet-och-systemskiftet\/","title":{"rendered":"Att precisonsbomba h\u00f6rnpelarna \u2013 om Reinfeldt, valet och systemskiftet"},"content":{"rendered":"<p><strong><span style=\"color: #000000;\">\u201dAlliansregeringen har gripit sig an systemskiftet med ett betydligt mer utvecklat sinne f\u00f6r den svenska v\u00e4lf\u00e4rdsmodellens uppbyggnad \u00e4n tidigare borgerliga regeringar.\u00a0 Reinfeldtminist\u00e4ren har \u2013 underst\u00f6dd av de senaste decenniernas nyliberala dominans \u2013 drivit nedmonteringen av modellen p\u00e5 ett mer genomt\u00e4nkt och f\u00f6rs\u00e5tligt s\u00e4tt \u00e4n sina f\u00f6reg\u00e5ngare. \u201dPrecisionsbombning av h\u00f6rnpelarna\u201d \u00e4r den beskrivning som f\u00f6rfattarna till boken\u00a0 Bokslut Reinfeldt anv\u00e4nder n\u00e4r de summerar de fyra borgerliga regerings\u00e5ren. Anders Karlsson har l\u00e4st boken.<\/span><\/strong><\/p>\n<p>Jag \u00e4lskar kollektivavtal\u201d, utbrast moderaternas vice ordf\u00f6rande Gunilla Carlsson p\u00e5 en partist\u00e4mma f\u00f6r n\u00e5gra \u00e5r sedan. S\u00e5 formulerar sig nuf\u00f6rtiden en av de fr\u00e4msta f\u00f6retr\u00e4darna f\u00f6r ett parti som tidigare under decennier st\u00e4ndigt motionerat i riksdagen om en radikal f\u00f6r\u00e4ndring av arbetsr\u00e4tten och aldrig f\u00f6rtr\u00f6ttats i att m\u00e5la upp vilken negativ roll som det \u201dstarka facket\u201d spelar f\u00f6r den ekonomiska utvecklingen i Sverige.<\/p>\n<p>\u201dVi v\u00e4rnar den svenska modellen\u201d. Hur m\u00e5nga g\u00e5nger kom inte dessa ord \u00f6ver \u201ddet nya arbetarpartiets\u201d ordf\u00f6rande Fredrik Reinfeldts l\u00e4ppar under valr\u00f6relsen 2006? Ja, visst, st\u00e5r Reinfeldt f\u00f6r en annan retorik och stil \u00e4n f\u00f6retr\u00e4daren Bo Lundgrens buttra skattes\u00e4nkarframtoning. Men i vilken m\u00e5n kan man sk\u00f6nja n\u00e5gon verklig f\u00f6r\u00e4ndring i politikens inneh\u00e5ll bakom Reinfeldt och moderaternas nya image?<\/p>\n<p>Mitt under valr\u00f6relsen 2006 kom boken <em>\u00c5tta \u00e5r med Reinfeldt<\/em>, skriven av\u00a0 Stefan Carl\u00e9n, Christer Persson och Daniel Suhonen. Boken var en analys, en v\u00e4l underbyggd profetia, om vad borgerligheten med Reinfeldt som f\u00e4ltherre\u00a0 skulle komma att utr\u00e4tta om de lyckades er\u00f6vra den politiska makten. Nu, n\u00e4stan fyra \u00e5r senare<!--more--><br \/>\n, ger samma f\u00f6rfattartrio ut <em>Bokslut Reinfeldt<\/em>, en sammanfattning \u00f6ver vad den borgerliga alliansen de facto genomf\u00f6rt i regeringsst\u00e4llning.<\/p>\n<p>F\u00f6rfattarnas huvudtes \u00e4r att alliansen \u201dprecisionsbombat den svenska modellens tre h\u00f6rnpelare\u201d, vilka enligt dem \u00e4r:<\/p>\n<p>H\u00f6g facklig organisationsgrad, ett omfattande partssystem som reglerar f\u00f6rh\u00e5llanden p\u00e5 arbetsmarknaden, kollektivavtal och en relativ stark arbetsr\u00e4tt.<\/p>\n<p>De obligatoriska och generella socialf\u00f6rs\u00e4kringssystemen.<\/p>\n<p>Att grundl\u00e4ggande v\u00e4lf\u00e4rdstj\u00e4nster, som exempelvis sjukv\u00e5rd och skola, betalas via skattsedeln och utf\u00f6rs av offentliga huvudm\u00e4n.<\/p>\n<p>Den\u00a0 tv\u00e5hundra sidor tjocka boken \u00e4r till stora delar en exemplifiering och f\u00f6rs\u00f6k att f\u00f6rst\u00e5 alliansens strategi, en oerh\u00f6rt gedigen genomg\u00e5ng av hur alliansen str\u00e4var efter att omst\u00f6pa det svenska samh\u00e4llet.<\/p>\n<p>I denna genomg\u00e5ng g\u00f6mmer sig dock ocks\u00e5 bokens stora brist; det framkommer n\u00e4stan inte alls att mycket av de nyliberala systemf\u00f6r\u00e4ndringarna i Sverige de senaste 25 \u00e5ren \u00e4gt rum under socialdemokratiskt regeringsinnehav. Det var exempelvis med Olof Palme som statsminister som den svenska kapitalmarknaden avreglerades 1985. Under Ingvar Carlssons tid f\u00f6rsvann valutaregleringen 1990, \u00e5ret efter sj\u00f6sattes en skattereform som klart minskade progressiviteten i systemet och dessutom reducerade det totala skatteuttaget. D\u00e4rtill ans\u00f6kte Sverige vid 90-talets b\u00f6rjan om medlemskap i EU, vilket medf\u00f6rde att landet if\u00f6rdes unionens nyliberala ekonomiska tv\u00e5ngstr\u00f6ja. G\u00f6ran Persson kn\u00e4satte under sin tid epitetet \u201dbudgetsanering\u201d\u2009\u2009\u2013\u2009\u2009med v\u00e4ldiga sociala nedsk\u00e4rningar under senare delen av 1990-talet som f\u00f6ljd \u2013 och n\u00e4r han v\u00e4l sanerat finanserna genomf\u00f6rde han vid millennieskiftet betydande skattes\u00e4nkningar. Det \u00e4r faktiskt socialdemokratin som under 18 av de 25 senaste \u00e5ren \u2013 under den nyliberala epoken \u2013 suttit p\u00e5 statsr\u00e5dstaburetterna i Rosenbad.<\/p>\n<p><strong> <\/strong><\/p>\n<p><strong>Socialdemokratins ansvar<\/strong><\/p>\n<p>N\u00e4r socialdemokratin nu, i ledningen f\u00f6r den r\u00f6d-gr\u00f6na oppositionen, accepterar allt utom tv\u00e5 av 71 miljarder av alliansens jobbskatteavdrag, eller n\u00e4r Mona Sahlin fullt ut b\u00f6jer sig f\u00f6r att riskkapital ska f\u00e5 h\u00e4rja i v\u00e5rdsektorn \u2013 och endast l\u00e4gger in en brasklapp om att det gemensamma inte ska f\u00e5 s\u00e4ljas ut till \u201dunderpris\u201d \u2013\u00a0 kan man fr\u00e5ga sig om det egentligen spelar s\u00e5 stor roll om vem som drar det l\u00e4ngsta str\u00e5et i h\u00f6stens valstrid?<\/p>\n<p>Visst \u00e4r den S-ledda oppositionen t\u00e4mligen oben\u00e4gen att genomf\u00f6ra n\u00e5gra verkliga \u00e5terst\u00e4llare \u2013 f\u00f6rutom n\u00e4r det g\u00e4ller a-kassan, sjukf\u00f6rs\u00e4kringen och avskaffandet av Rut-avdraget.\u00a0 Men om de innehaft den politiska makten 2006-2010\u00a0 skulle de nog inte kommit i n\u00e4rheten av att, som alliansen, s\u00e4nka skatterna med 77 miljarder. Sannolikt skulle de inte heller ha totalavreglerat j\u00e4rnv\u00e4gstrafiken eller privatiserat tv\u00e5 tredjedelar av Sveriges apotek , ett par av de i\u00f6gonfallande systemf\u00f6r\u00e4ndrande \u00e5tg\u00e4rderna i de senaste fyra \u00e5rens borgerliga politik.<\/p>\n<p>Med Mona Sahlin som statsminister kommer knappast Sverige att sl\u00e5 in p\u00e5 n\u00e5gon ny kurs, men det \u00e4r troligt att en hel del av det som borgerligheten har i sitt framtida sikte inte f\u00f6rverkligas. Kom ih\u00e5g att moderaterna i sitt partiprogram har som m\u00e5l att de offentliga utgifternas andel av BNP ska reduceras fr\u00e5n dagens 46 procent till 40 procent, det betyder i reda pengar ytterligare skattes\u00e4nkningar med 196 miljarder. Hur mycket av Reinfeldts s\u00e5 omhuldade \u201dv\u00e4lf\u00e4rdens k\u00e4rna\u201d (v\u00e5rd, skola och omsorg) skulle d\u00e5 inte ryka all v\u00e4rldens v\u00e4g?<\/p>\n<p>En valseger f\u00f6r alliansen skulle ocks\u00e5 ha stor symbolisk betydelse. Sedan 1932 har borgerligheten endast under tre perioder innehaft den politiska makten: 1976-82, 1991-94 och 2006 till nu. Den l\u00e4ngsta perioden, 1976-82, innefattade ocks\u00e5 tv\u00e5 spruckna regeringar. I modern svensk historia \u00e4r borgerliga regeringar endast undantag i en socialdemokratisk politisk makthegemoni. En seger f\u00f6r alliansen vid h\u00f6stens val skulle d\u00e4rvidlag signalera en djupg\u00e5ende f\u00f6r\u00e4ndring, och inte s\u00e5 lite st\u00e4rka borgerlighetens sj\u00e4lvf\u00f6rtroende.<\/p>\n<p>Den kvalitativa skillnaden mellan blocken i fr\u00e5gan om a-kassan\u2009\u2013\u2009\u2009och i fr\u00e5gan om politiken mot arbetsmarknaden \u00f6verhuvudtaget, bland annat manifesterat av alliansens nedl\u00e4ggning av Arbetslivsinstitutet och stora nedsk\u00e4rningar p\u00e5 Arbetsmilj\u00f6verket\u2009\u2009\u2013\u2009\u2009\u00e4r ett tillr\u00e4cklig sk\u00e4l f\u00f6r att r\u00f6sta mot borgarna i valet i september. Framf\u00f6r allt genom s\u00e4nkningen av a-kassans tak, som g\u00f6r att \u00f6ver 90 procent av de heltidsarbetande idag sl\u00e5r i detta tak p\u00e5 18700 kronor\/m\u00e5naden, har alliansregeringen g\u00e5tt ifr\u00e5n inkomstbortfallsprincipen till en form av grundtrygghetssystem med l\u00e5ga ers\u00e4ttningar, och d\u00e4rmed r\u00f6jt v\u00e4g f\u00f6r alltmer av privata f\u00f6rs\u00e4kringsl\u00f6sningar. Genom en rad f\u00f6rs\u00e4mringar och f\u00f6rdyrande medlemskap har a-kassorna d\u00e4rtill sedan 2006 tappat runt 500 000 medlemmar.<\/p>\n<p>Fr\u00e5gan om a-kassan, och att f\u00f6rsvaga fackf\u00f6reningsr\u00f6relsen, har fungerat som borgarnas spjutspets f\u00f6r ett systemskifte, en strategi som v\u00e4l sammanfattas i Bokslut Reinfeldt: <em>\u201dOm du i grunden ska f\u00f6r\u00e4ndra den svenska v\u00e4lf\u00e4rdsmodellen m\u00e5ste du inrikta dig p\u00e5 att f\u00f6rsvaga fackf\u00f6reningsr\u00f6relsen och d\u00e4rmed dess starka roll f\u00f6r social utj\u00e4mning. Det effektivaste s\u00e4ttet \u00e4r att p\u00e5 politisk v\u00e4g g\u00f6ra det dyrare att vara medlem i en fackf\u00f6rening. L\u00e4gg d\u00e4rtill \u00e5tg\u00e4rder som f\u00f6rsvagar a-kassans roll att motverka l\u00e5ga l\u00f6ner. P\u00e5 s\u00e5 vis s\u00e4tts samh\u00e4llsprocesser ig\u00e5ng som p\u00e5verkar hela v\u00e4lf\u00e4rdsmodellen. Ty om fackf\u00f6reningarna f\u00f6rsvagas tillr\u00e4ckligt mycket kommer de inte att klara av att st\u00e5 emot l\u00e5gl\u00f6nemarknader och sociala nedsk\u00e4rningar. D\u00e5 ligger v\u00e4gen \u00f6ppen f\u00f6r en snabbare samh\u00e4llsf\u00f6r\u00e4ndring\u201d. (sid 46)<\/em><\/p>\n<p>Det \u00e4r tydligt att alliansen har implementerat djupg\u00e5ende politiska f\u00f6r\u00e4ndringar i det svenska samh\u00e4llet n\u00e4r det g\u00e4ller fackets st\u00e4llning, de sociala trygghetssystemen, privata bolags roll i den sociala v\u00e4lf\u00e4rden och niv\u00e5n samt progressiviteten p\u00e5 skatteuttaget. Det finns ocks\u00e5 ytterligare tv\u00e5 omr\u00e5den d\u00e4r alliansens framfart f\u00f6rskr\u00e4cker, vilka endast \u00f6versiktligt ber\u00f6rs i boken.<\/p>\n<p><strong>Ingen konstn\u00e4rsl\u00f6n<\/strong><\/p>\n<p>F\u00f6rst g\u00e4ller det kulturpolitiken. \u00c4nda sedan 1974 \u00e5rs kulturutredning har ett av kulturpolitikens \u00f6vergripande m\u00e5l varit att \u201dmotverka kommersialismens negativa krafter\u201d. Trots den samh\u00e4lleliga h\u00f6gervridningen har denna m\u00e5ls\u00e4ttning \u00e4nda tills nu st\u00e5tt pall inf\u00f6r den nyliberala tidsandan. I 2009 \u00e5rs kulturutredning, och d\u00e4refter regeringsproposition, lyser dock denna ideologiska portaldeklaration med sin fr\u00e5nvaro. Ist\u00e4llet betonas sponsring och n\u00e4ringslivets betydelse f\u00f6r kulturpolitiken. Kulturminister Lena Adelsohn-Liljeroths syn p\u00e5 kulturens roll i samh\u00e4llet \u00e4r ocks\u00e5 talande. I en TV-intervju f\u00e4llde hon yttrandet: \u201dDen st\u00f6rsta kulturpolitiska reformen just nu \u00e4r faktiskt s\u00e4nkta skatter, att ha mer kvar efter skatt f\u00f6r att k\u00f6pa b\u00f6cker, g\u00e5 p\u00e5 bio, teater eller konsert.\u201d(Aktuellt 22\/4-2010)<\/p>\n<p>Att regeringen best\u00e4mt sig f\u00f6r att fasa ut modellen med statlig konstn\u00e4rsl\u00f6n blev ingen stor medial fr\u00e5ga, men det ligger helt i linje med regeringens kultursyn i \u00f6vrigt och \u00e4r inte n\u00e5gon f\u00f6rsumbar h\u00e4ndelse. Idag uppb\u00e4r 157 kulturarbetare konstn\u00e4rsl\u00f6n, vilket inneb\u00e4r att de har en \u00e5rlig inkomstgaranti p\u00e5 214 000 kronor och att inkomster fr\u00e5n deras skapande dras av fr\u00e5n denna l\u00f6n. Po\u00e4ngen med systemet \u00e4r att erk\u00e4nda och kvalificerade tons\u00e4ttare, f\u00f6rfattare, bildkonstn\u00e4rer, formgivare och andra kulurut\u00f6vare ska kunna \u00e4gna sig \u00e5t sitt skapande med en viss ekonomisk trygghet i botten, vilket i det l\u00e5nga loppet sj\u00e4lvklart \u00e4r till f\u00f6rdel f\u00f6r kreativiteten och den konstn\u00e4rliga kvalit\u00e9n. De som idag har konstn\u00e4rsl\u00f6n ska f\u00e5 beh\u00e5lla den, men inga nya mottagare ska f\u00e5 tillkomma. Tanken \u00e4r ist\u00e4llet att kulturarbetare av denna rang ska tvingas att l\u00e4gga ner en massa energi p\u00e5 att s\u00f6ka stipendier f\u00f6r kortare perioder och st\u00e4ndigt vara p\u00e5 bettet med att avyttra sina alster.\u00a0 I alliansens sk\u00f6na borgerliga nya v\u00e4rld \u00e4r det inte meningen att n\u00e5gon ska kunna uppb\u00e4ra l\u00f6n utan att st\u00e4ndigt producera och visa upp resultat. Regeringens upph\u00e4vande av konstn\u00e4rsl\u00f6nerna \u00e4r en avspegling av dess generella syn p\u00e5 samh\u00e4lle och arbetsmarknad \u2013 alltmer av kortsiktig l\u00f6nsamhet och allt mindre av fasta trygga anst\u00e4llningar eller uppdrag.<\/p>\n<p>Att man dragit in det statliga bidraget till projektet \u201dKultur i arbetslivet\u201d \u00e4r ocks\u00e5 en tydlig ideologisk markering. \u201dRegeringen slaktar arbetsplatskulturen\u201d var en slutsats som m\u00e5nga fackliga- och andra organisationer drog i ett upprop till protest.<\/p>\n<p>Trots decennier av nyliberalism och h\u00f6gervindar har kulturen fram tills nu varit en arena d\u00e4r politiskt radikala syns\u00e4tt relativt v\u00e4l h\u00e5llit st\u00e5nd. Det \u00e4r dock n\u00e5got som regeringen Reinfeldt \u00e4r fast f\u00f6rvissad att \u00e4ndra p\u00e5 \u201dKommersialismens negativa krafter\u201d, som det hette i 1974 \u00e5rs kulurutredning ska nu f\u00e5 allt st\u00f6rre spelrum.<\/p>\n<p>Det andra omr\u00e5det \u00e4r utbildningspolitiken d\u00e4r minister Bj\u00f6rklunds st\u00e4ndiga argumenterande f\u00f6r mer av betyg, ordning och disciplin \u00e4r v\u00e4l k\u00e4nt. Tydlig \u00e4r ocks\u00e5 inriktningen att den enskilde individen ska g\u00e5 raka sp\u00e5ret genom utbildningssystemet. Den som \u00e4r \u00e4ldre och \u00e5terigen vill s\u00e4tta sig p\u00e5 skolb\u00e4nken m\u00f6ts numer oftare av st\u00e4ngda d\u00f6rrar. Det tidigare 25:4 systemet, d\u00e4r den som fyllt 25 \u00e5r och har en arbetslivserfarenhet p\u00e5 minst 4 \u00e5r kunde tillgodor\u00e4kna sig det i en speciell kvot vid ans\u00f6kan till universitet\/h\u00f6gskola, har avskaffats. Omfattande nedsk\u00e4rningar har genomdrivits inom den kommunala vuxenutbildningen och arbetsmarknadsutbildningen. Den enskilde ska i allt mindre grad ges en andra chans till utbildning eller m\u00f6jlighet att genom studier f\u00f6rkovra sig och sadla om till ett nytt yrke. Minister Bj\u00f6rklund tittar ner p\u00e5 oss med allvarstyngd blick och understryker med myndig st\u00e4mma att vi m\u00e5ste bli mer l\u00f6nsamma.<\/p>\n<p>Sammanfattningsvis \u00e4r Bokslut Reinfeldt en nyttig p\u00e5minnelse och genomg\u00e5ng av vad alliansregeringen genomf\u00f6rt och siktar p\u00e5 att genomf\u00f6ra om den f\u00e5r f\u00f6rnyat f\u00f6rtroende vid valet i h\u00f6st. Det som saknas i boken, och kanske till viss del g\u00e5r ut\u00f6ver dess ramar, \u00e4r ett resonemang om vilka \u00e5tg\u00e4rder som \u00e4r n\u00f6dv\u00e4ndiga att fokusera p\u00e5 vid formuleringen av en alternativ politik som skulle kunna utmana nyliberalismens\u00a0 mer \u00e4n 25-\u00e5riga hegemoni och problemformuleringsprivilegium. Det g\u00e4ller fr\u00e4mst \u00e5tg\u00e4rder s\u00e5som radikalt h\u00f6jda skatter, utbyggnad av den sociala v\u00e4lf\u00e4rden och stopp f\u00f6r privata f\u00f6retag inom v\u00e4lf\u00e4rdssektorn, f\u00f6rstatligande av bankv\u00e4sendet, f\u00f6rkortad arbetstid och en allomfattande plan f\u00f6r en samh\u00e4llelig klimatomst\u00e4llning. Tyv\u00e4rr \u00e4r den r\u00f6d-gr\u00f6na oppositionens inriktning\u00a0 ocks\u00e5 alldeles otillr\u00e4cklig i de h\u00e4r avseendena.<\/p>\n<p>Det \u00e4r mycket m\u00f6jligt att vi f\u00e5r en ny regeringen i Sverige efter h\u00f6stens val. Men det \u00e4r en betydligt l\u00e4ngre v\u00e4g att g\u00e5 \u2013 och m\u00e5nga kamper att f\u00f6ra \u2013 f\u00f6r att f\u00e5 till st\u00e5nd en verklig ny f\u00e4rdriktning i svensk politik.<\/p>\n<p><strong> <em>Bokslut Reinfeldt<\/em><\/strong><\/p>\n<p><em><strong> <\/strong>Daniel Suhonen, Christer Persson, Stefan Carl\u00e9n<\/em><\/p>\n<p><em> Ordfront f\u00f6rlag 201<\/em>0<\/p>\n<p><span style=\"text-decoration: underline;\"><strong>En artikel av Anders Karlsson<\/strong> <\/span><br \/>\nArtikelf\u00f6rfattaren \u00e4r ledarredakt\u00f6r p\u00e5 tidningen Internationalen och ing\u00e5r i R\u00f6da rummets redaktion<\/p>\n","protected":false},"excerpt":{"rendered":"<p>\u201dAlliansregeringen har gripit sig an systemskiftet med ett betydligt mer utvecklat sinne f\u00f6r den svenska v\u00e4lf\u00e4rdsmodellens uppbyggnad \u00e4n tidigare borgerliga regeringar.\u00a0 Reinfeldtminist\u00e4ren har \u2013 underst\u00f6dd av de senaste decenniernas nyliberala dominans \u2013 drivit nedmonteringen av modellen p\u00e5 ett mer genomt\u00e4nkt &hellip; <a href=\"https:\/\/www.rodarummet.org\/web\/2010\/08\/19\/att-precisionsbomba-hornpelarna-%e2%80%93-om-reinfeldt-valet-och-systemskiftet\/\">Forts\u00e4tt l\u00e4sa <span class=\"meta-nav\">&rarr;<\/span><\/a><\/p>\n","protected":false},"author":28,"featured_media":0,"comment_status":"open","ping_status":"open","sticky":false,"template":"","format":"standard","meta":{"jetpack_post_was_ever_published":false,"_jetpack_newsletter_access":"","_jetpack_dont_email_post_to_subs":false,"_jetpack_newsletter_tier_id":0,"_jetpack_memberships_contains_paywalled_content":false,"_jetpack_memberships_contains_paid_content":false,"footnotes":"","jetpack_publicize_message":"","jetpack_publicize_feature_enabled":true,"jetpack_social_post_already_shared":false,"jetpack_social_options":{"image_generator_settings":{"template":"highway","default_image_id":0,"font":"","enabled":false},"version":2}},"categories":[27,23,26,5,11],"tags":[311,321,320,318,317,312,256,316,314,315,255,313,319],"class_list":["post-224","post","type-post","status-publish","format-standard","hentry","category-bocker","category-kapitalism","category-kultur","category-politik","category-social-valfard","tag-alliansregeringen","tag-anders-karlsson","tag-bokslut-reinfeldt","tag-christer-persson","tag-daniel-suhonen","tag-facklig-organisationsgrad","tag-hogern","tag-kultur-i-arbetslivet","tag-kulturutredning","tag-lena-adelsohn-liljeroth","tag-reinfeldt","tag-skatter","tag-stefan-carlen"],"jetpack_publicize_connections":[],"jetpack_featured_media_url":"","jetpack_sharing_enabled":true,"jetpack_shortlink":"https:\/\/wp.me\/pRzA9-3C","_links":{"self":[{"href":"https:\/\/www.rodarummet.org\/web\/wp-json\/wp\/v2\/posts\/224","targetHints":{"allow":["GET"]}}],"collection":[{"href":"https:\/\/www.rodarummet.org\/web\/wp-json\/wp\/v2\/posts"}],"about":[{"href":"https:\/\/www.rodarummet.org\/web\/wp-json\/wp\/v2\/types\/post"}],"author":[{"embeddable":true,"href":"https:\/\/www.rodarummet.org\/web\/wp-json\/wp\/v2\/users\/28"}],"replies":[{"embeddable":true,"href":"https:\/\/www.rodarummet.org\/web\/wp-json\/wp\/v2\/comments?post=224"}],"version-history":[{"count":17,"href":"https:\/\/www.rodarummet.org\/web\/wp-json\/wp\/v2\/posts\/224\/revisions"}],"predecessor-version":[{"id":598,"href":"https:\/\/www.rodarummet.org\/web\/wp-json\/wp\/v2\/posts\/224\/revisions\/598"}],"wp:attachment":[{"href":"https:\/\/www.rodarummet.org\/web\/wp-json\/wp\/v2\/media?parent=224"}],"wp:term":[{"taxonomy":"category","embeddable":true,"href":"https:\/\/www.rodarummet.org\/web\/wp-json\/wp\/v2\/categories?post=224"},{"taxonomy":"post_tag","embeddable":true,"href":"https:\/\/www.rodarummet.org\/web\/wp-json\/wp\/v2\/tags?post=224"}],"curies":[{"name":"wp","href":"https:\/\/api.w.org\/{rel}","templated":true}]}}