{"id":2399,"date":"2020-01-20T21:40:32","date_gmt":"2020-01-20T20:40:32","guid":{"rendered":"http:\/\/www.rodarummet.org\/web\/?p=2399"},"modified":"2020-01-20T21:40:32","modified_gmt":"2020-01-20T20:40:32","slug":"2399","status":"publish","type":"post","link":"https:\/\/www.rodarummet.org\/web\/2020\/01\/20\/2399\/","title":{"rendered":""},"content":{"rendered":"<h1>Vad vill Extinction Rebellion?<\/h1>\n<p><strong>I de allt talrikare klimatmobiliseringarna har bland annat Extinction Rebellion m\u00e4rkt ut sig. Men vad vill Extinction Rebellion? Vad \u00e4r det f\u00f6r organisation? Jacob Oscarsson, sj\u00e4lv aktiv i den, ger oss en inblick.<\/strong><\/p>\n<p><img loading=\"lazy\" decoding=\"async\" class=\"wp-image-2400 alignleft\" src=\"http:\/\/www.rodarummet.org\/web\/wp-content\/uploads\/2020\/01\/XR-blockad-i-Berlin-2019-300x200.jpg\" alt=\"\" width=\"484\" height=\"322\" srcset=\"https:\/\/www.rodarummet.org\/web\/wp-content\/uploads\/2020\/01\/XR-blockad-i-Berlin-2019-300x200.jpg 300w, https:\/\/www.rodarummet.org\/web\/wp-content\/uploads\/2020\/01\/XR-blockad-i-Berlin-2019-768x512.jpg 768w, https:\/\/www.rodarummet.org\/web\/wp-content\/uploads\/2020\/01\/XR-blockad-i-Berlin-2019.jpg 999w\" sizes=\"auto, (max-width: 484px) 100vw, 484px\" \/><\/p>\n<p>&nbsp;<\/p>\n<p>&nbsp;<\/p>\n<p>&nbsp;<\/p>\n<p>&nbsp;<\/p>\n<p>&nbsp;<\/p>\n<p>&nbsp;<\/p>\n<p>&nbsp;<\/p>\n<p>\u00c5r 1950 lanserade den amerikansk-italienska fysikern Enrico Fermi g\u00e5tan som g\u00e5r ut p\u00e5 att givet universums storlek borde det finnas enorma m\u00e4ngder teknologiska civilisationer. Trots det kan vi in till denna dag inte se en enda av dem. Fr\u00e5gan har inte blivit mindre aktuell i ljuset av de senaste decenniernas talrika fynd av planeter utanf\u00f6r v\u00e5rt eget solsystem.<br \/>\nM\u00e5nga svarsf\u00f6rslag p\u00e5 g\u00e5tan har lagts fram men ett sticker ut: Det stora filtret.<!--more--><!--more--> Denna deprimerande tanke antar att det inte \u00e4r fysiskt m\u00f6jligt att intelligenta varelser kan skapa sig sj\u00e4lva ett h\u00f6gteknologiskt samh\u00e4lle utan att orsaka sin egen utpl\u00e5ning. I mina m\u00f6rkare stunder t\u00e4nker jag mig att denna d\u00f6dsdom \u00e4r kapitalismen och att symptomet som kommer d\u00f6da oss \u00e4r klimatkrisen.<\/p>\n<p>Om kapitalismen hade tagit faran p\u00e5 allvar f\u00f6r omkring 30 \u00e5r sedan hade den kunnat \u00f6verleva, men det \u00e4r inte s\u00e5 kapitalism fungerar. Den har inget l\u00e5ngsiktigt perspektiv, den \u00e4r inte ett medvetet fenomen. Den \u00e4r s\u00e5 att s\u00e4ga \u201domedveten\u201d om b\u00e5de sin egen och v\u00e5r existens. Lika lite \u00e4r den medveten om att den verkar i en v\u00e4rld med andra lagar \u00e4n sina egna \u2013 naturlagarna. Lika lite som rabies-viruset \u00e4gnar den sig \u00e5t planering. Hur l\u00e5ng tid det \u00e4n m\u00e5 ta s\u00e5 d\u00f6dar den till slut b\u00e5de sig sj\u00e4lv och \u201dv\u00e4rddjuret\u201d.<\/p>\n<p>I mina \u00f6gon g\u00e5r det inte att bek\u00e4mpa klimatkrisen inom ramarna f\u00f6r kapitalismen, \u00e5tminstone inte en intakt s\u00e5dan. Kapitalet har dock aldrig vikit sig en millimeter ens f\u00f6r att r\u00e4dda sig sj\u00e4lvt s\u00e5 vi m\u00e5ste utg\u00e5 fr\u00e5n att det inte g\u00f6r det sj\u00e4lvt, den h\u00e4r g\u00e5ngen heller. Om vi antar att kapitalet har ett \u201dperspektiv\u201d \u00e4r det likt Lena Anderssons nyligen levererade appeller \u201dhellre d\u00f6d \u00e4n r\u00f6d\u201d.<br \/>\nKlimatkrisen \u00e4r den perfekta stormen om vi skall utpl\u00e5na oss sj\u00e4lva som art.<br \/>\nI detta l\u00e4ge tr\u00e4der tv\u00e5 m\u00f6jliga kritiska syns\u00e4tt in:<\/p>\n<p>Det defaitistiska\/nihilistiska: vi skall nu acceptera att m\u00e4nskligheten inte l\u00e4ngre \u00e4r r\u00e4ddningsbar och g\u00e5 \u00f6ver fr\u00e5n en kurativ (= syftar till att bota) politisk linje till en palliativ (= syftar till att lindra d\u00f6dsprocessen) linje. Denna linje representeras av bland annat Roy Scranton och \u201dDark Mountain\u201d -r\u00f6relsen.<\/p>\n<p>Den icke-kapitulerande: vi skall vara medvetna om att vi kanske inte \u00f6verlever men vi skall k\u00e4mpa till sista blodsdroppen. Allts\u00e5 i praktisk politik forts\u00e4tta agera kurativt. Det \u00e4r h\u00e4r den nya milj\u00f6gruppen Extinction Rebellion (XR) g\u00f6r sin entr\u00e9.<\/p>\n<p>Jag har sj\u00e4lv valt att \u00e4gna mycket tid \u00e5t XR. Detta f\u00f6r all del med sm\u00e4rtsamma kompromisser mot bakgrund av min ganska renodlade marxistiska position. Eftersom vi tydligen har s\u00e5 sv\u00e5rt att tackla kapitalismen \u00e4r vi dock s\u00e5 illa tvungna att f\u00f6rs\u00f6ka g\u00f6ra enstaka kompromisser med den. P\u00e5 en obeboelig planet finns ju varken kapitalism eller socialism, inte ens n\u00e5gra fria marknader eller v\u00e4lf\u00e4rdssamh\u00e4llen \u2013 noll \u00e4r alltid lika med noll.<\/p>\n<p><strong>M\u00e5ls\u00e4ttningar<\/strong><br \/>\nXR f\u00f6rs\u00f6ker bygga upp sig sj\u00e4lvt genom att h\u00e5lla nere sina krav och m\u00e5l till en minimal kombination. De kursiverade f\u00f6rklaringarna efter punkterna kommer fr\u00e5n mig sj\u00e4lv, inte XR:<br \/>\n1. Tala klarspr\u00e5k &#8212; det s\u00e5 kallade \u201dklimatn\u00f6dl\u00e4get\u201d. Deklarera ett krisl\u00e4ge utan n\u00e5gra f\u00f6rsk\u00f6nande omskrivningar om hur situationen ser ut.<\/p>\n<p>2. Agera nu &#8212; XR kr\u00e4ver att samh\u00e4llet skall ha netto-noll -utsl\u00e4pp till 2025 som ett juridiskt bindande m\u00e5l<\/p>\n<p>3. St\u00e4rk demokratin &#8212; XR vill inf\u00f6ra s\u00e5 kallade \u201dmedborgarf\u00f6rsamlingar\u201d vid sidan om det regulj\u00e4ra parlamentariska systemet. De skall hj\u00e4lpa det redan existerande samh\u00e4llet med att se till att alla beslut syftar till att m\u00e4nskligheten skall ha en framtid.<\/p>\n<p>Planen \u00e4r att om man utlyst klimatkris (f\u00f6rsta kravet) g\u00e5r det att p\u00e5verka politiker att fatta ett beslut om att utsl\u00e4ppen skall vara netto-noll \u00e5r X (XR kr\u00e4ver det extremt tuffa m\u00e5let 2025). Detta m\u00e5ste i s\u00e5 fall vara ett juridiskt bindande\/tvingande m\u00e5l som mobiliserar samh\u00e4llets verkliga muskler. I sista steget skapas s\u00e5 kallade medborgarf\u00f6rsamlingar. XR menar att det \u00e4r dessa nya politiska entiteter som skall ta fram hur \u00f6verg\u00e5ngen g\u00e5r till konkret.<br \/>\nMedborgarf\u00f6rsamlingarna \u00e4r t\u00e4nkta att utses genom en demografiskt korrigerad lottning, som s\u00e4kerst\u00e4ller att de representerar befolkningen som den faktiskt ser ut. Lottningen \u00e4r till f\u00f6r att ledam\u00f6ter skall kunna utarbeta l\u00f6sningar utan att samtidigt beh\u00f6va t\u00e4nka p\u00e5 sina m\u00f6jligheter att bli \u00e5tervalda. P\u00e5 detta vis undkommer man de parlamentariska f\u00f6rsamlingarnas problem med kraven p\u00e5 \u00e5terval och de f\u00f6rlamande sv\u00e5righeterna att fatta \u201dimpopul\u00e4ra\u201d beslut. Bara s\u00e5, menar XR, kan beslutsfattandet bli l\u00e5ngsiktigt h\u00e5llbart.<br \/>\nDet finns n\u00e5gra f\u00e5tal platser i v\u00e4rlden d\u00e4r medborgarf\u00f6rsamlingar redan verkar, exempelvis Kanada, Irland och Nederl\u00e4nderna.<br \/>\nDe f\u00f6rsta kravet tycks i dagsl\u00e4get ha en viss utsikt att lyckas. Det \u00e4r inte heller ett budskap som i sig g\u00e5r i h\u00e5rd konflikt med fossilkapitalet. B\u00e5de det brittiska parlamentet och nu ocks\u00e5 EU-parlamentet har utlyst \u201dklimatn\u00f6dl\u00e4ge\u201d, dock f\u00f6rblir det oklart om detta inneb\u00e4r n\u00e5got alls i praktiken.<\/p>\n<p>Krav 2 g\u00e5r d\u00e4remot i \u00f6ppen konflikt mot fossilkapitalet. Varje politiskt bildad person ser tydligt att fossilkapitalet kommer ta till tyngsta m\u00f6jliga artilleri f\u00f6r att stoppa eventuella krav p\u00e5 h\u00e5rda m\u00e5l f\u00f6r utsl\u00e4ppsminskning. D\u00e4r kommer det att komma in en ej forcerbar v\u00e4gg. Tanken \u00e4r att om punkt 1 redan \u00e4r genomf\u00f6rd skulle det vara f\u00f6r sv\u00e5rt f\u00f6r samh\u00e4llet rent politiskt att inte g\u00e5 vidare till punkt 2. Om punkt 2 \u00e4r genomf\u00f6rd, enligt bisatsen som ett juridiskt bindande m\u00e5l, d\u00e5 skulle medborgarf\u00f6rsamlingarna ha mandat att faktiskt ta fram f\u00f6rslag f\u00f6r att n\u00e5 utsl\u00e4ppsminskningarna som sedan det existerande parlamentariska systemet f\u00f6rv\u00e4ntas att genomf\u00f6ra.<\/p>\n<p>Den springande punkten med krav 3 \u00e4r att dessa medborgarf\u00f6rsamlingar inte kan f\u00e5 n\u00e5gon konkret effekt f\u00f6rr\u00e4n det juridiskt bindande m\u00e5let om netto-noll utsl\u00e4pp redan \u00e4r fattat inom det existerande systemet.<br \/>\nEn fin tanke, men jag tvivlar ofta p\u00e5 realismen i den. Har verkligen de som utarbetat teorin insett vilka gigantiska resurser fossilkapitalet s\u00e4tter in mot varje motst\u00e5ndare? Kapitalet har st\u00e5tt inf\u00f6r massor av utmanare, alla har besegrats \u2013 fr\u00e5n de st\u00f6rsta (Sovjetunionen med flera) till de minsta (skandinaviska v\u00e4lf\u00e4rdsstater).<br \/>\nD\u00e4rf\u00f6r \u00e4r det m\u00f6jligt att ungdomarnas och barnens Fridays for Future trots allt \u00e4r den r\u00f6relse som borde tilldelas mest aktivist-resurser, om man t\u00e4nker som jag just beskrev: Kapitalet sl\u00e5r ihj\u00e4l alla motst\u00e5ndare som kommer i dess v\u00e4g. Men: kommer kapitalets operat\u00f6rer att tycka det \u00e4r lika l\u00e4tt att sl\u00e5 ihj\u00e4l sina egna barn?<br \/>\nS\u00e5 l\u00e5ngt s\u00e5 v\u00e4l, men varf\u00f6r skulle f\u00f6rsamlingen g\u00f6ra annat \u00e4n vad existerande f\u00f6rsamlingar redan g\u00f6r? D\u00e4r \u00e4r det meningen att krav 2 skall uppn\u00e5 ett juridiskt bindande kontrakt: att ta till alla tillg\u00e4ngliga medel f\u00f6r att hindra klimatkrisen.<\/p>\n<p><strong>Praktik<\/strong><br \/>\nXR:s praktik har hittills mest handlat om att genomf\u00f6ra bilblockader, dramatiska manifestationer av gatuteatertyp och blockad p\u00e5 Riksbron i Stockholm. Vattenfall och Preem har ocks\u00e5 f\u00e5tt sina kontor blockerade.<br \/>\nXR:s aktioner anv\u00e4nder sig av en utt\u00e4nkt dramaturgi, koreografi och grafisk symbolik som kommer fr\u00e5n Storbritannien. En form av aktion som gjorts vid n\u00e5gra tillf\u00e4llen d\u00e4r men aldrig i Sverige \u00e4r aktioner d\u00e4r aktivister klistrar fast sig vid politiska m\u00e5l.<br \/>\nInternationellt har r\u00f6relsen ocks\u00e5 gjort sig k\u00e4nd p\u00e5 grund av sina \u201dRed Rebell Brigade\u201d. Detta \u00e4r aktivister med ansl\u00e5ende r\u00f6da dr\u00e4kter och ansiktsm\u00e5lningar som ocks\u00e5 de genomf\u00f6r gatuteater-manifestationer. En liknande grupp finns inom XR i Sverige, men den har \u00e4nnu inte lyckats synas i media med n\u00e5gon st\u00f6rre spridning.<br \/>\nI teorin \u00e4r metoden att XR skall \u201dst\u00f6ra samh\u00e4llet\u201d och \u201dkasta grus i maskineriet\u201d. Det som faktiskt varit st\u00f6rningar i Sverige har hittills h\u00e5llit sig till bilblockader. XR har som teori att aktivister skall \u00e4gna sig \u00e5t civil olydnad, men i Sverige har \u00e4nnu s\u00e5 l\u00e4nge ingen aktivist blivit f\u00e4lld f\u00f6r n\u00e5got brott.<br \/>\nFaktisk styrka<br \/>\nI skrivande stund har XR funnits i Sverige i ett \u00e5r, i Storbritannien n\u00e5got l\u00e4ngre \u00e4n s\u00e5. D\u00e4r lyckades XR skapa stor turbulens i London vid tv\u00e5 olika kampanjer, en p\u00e5 v\u00e5ren och en under h\u00f6sten 2019. Kampanjen oktober 2019 ledde till stora st\u00f6rningar, framf\u00f6r allt i trafiken.<br \/>\nDen svenska grenen har skaffat sig en hel del uppm\u00e4rksamhet trots att den \u00e4r relativt ny.<br \/>\nXR:s st\u00f6rsta faktiska styrka \u00e4r att organisationen snabbt lyckats locka till sig m\u00e5nga aktivister. Under 2018-2019 har XR spridit sig till 54 l\u00e4nder. Det \u00e4r naturligtvis ocks\u00e5 en styrka att man p\u00e5 s\u00e5 kort tid blivit ett globalt omdiskuterat fenomen.<br \/>\n<img loading=\"lazy\" decoding=\"async\" class=\"alignleft  wp-image-2401\" src=\"http:\/\/www.rodarummet.org\/web\/wp-content\/uploads\/2020\/01\/extinction-symbol-01-300x216.jpg\" alt=\"\" width=\"183\" height=\"132\" srcset=\"https:\/\/www.rodarummet.org\/web\/wp-content\/uploads\/2020\/01\/extinction-symbol-01-300x216.jpg 300w, https:\/\/www.rodarummet.org\/web\/wp-content\/uploads\/2020\/01\/extinction-symbol-01-768x552.jpg 768w, https:\/\/www.rodarummet.org\/web\/wp-content\/uploads\/2020\/01\/extinction-symbol-01-1024x736.jpg 1024w, https:\/\/www.rodarummet.org\/web\/wp-content\/uploads\/2020\/01\/extinction-symbol-01.jpg 1400w\" sizes=\"auto, (max-width: 183px) 100vw, 183px\" \/>Ur mitt perspektiv \u00e4r ocks\u00e5 r\u00f6relsens symbol en v\u00e4ldigt stor styrka. S\u00e5dant kan verka banalt men det \u00e4r v\u00e4ldigt s\u00e4llan det skapas nya symboler som \u00e4r s\u00e5 enkla och starka som XR:s timglas \u00e4r. Det betyder mycket f\u00f6r spridningen om i stor sett vem som helst enkelt kan rita r\u00f6relsens symbol med en spritpenna.<br \/>\nXR \u00e4r fortfarande en alldeles ny r\u00f6relse och det finns sj\u00e4lvklart alltid mycket inv\u00e4ndningar mot en s\u00e5dan. Men givet klimatkrisens allvarliga l\u00e4ge (Sveriges utsl\u00e4pp 2019 \u00f6kar med 3.4 procent) ser jag det som min plikt som marxist att engagera mig i den reellt existerande klimatr\u00f6relse som just nu har st\u00f6rst kraft och aktivistiska resurser. Klimatkrisen utspelas i verkligheten, vi kommer att se dess effekter allt tydligare och samla empiriska erfarenheter. Denna process, tror jag, kommer att utveckla XR och klimatr\u00f6relsen mot ett st\u00f6rre r\u00e4ttvisefokus och klassanalys. XR b\u00f6r st\u00f6djas men det beh\u00f6vs mer m\u00e4nniskor med politisk erfarenhet inom r\u00f6relsen. &lt;&lt;<\/p>\n<p><strong>Artikelf\u00f6rfattare<\/strong><br \/>\n<strong>Jacob Oscarsson<\/strong> \u00e4r till yrket programmerare.<br \/>\nHan \u00e4r aktivist i Extinction Rebellion och medlem i V\u00e4nsterpartiet samt i Socialistisk Politik.<\/p>\n","protected":false},"excerpt":{"rendered":"<p>Vad vill Extinction Rebellion? I de allt talrikare klimatmobiliseringarna har bland annat Extinction Rebellion m\u00e4rkt ut sig. Men vad vill Extinction Rebellion? Vad \u00e4r det f\u00f6r organisation? Jacob Oscarsson, sj\u00e4lv aktiv i den, ger oss en inblick. &nbsp; &nbsp; &nbsp; &hellip; <a href=\"https:\/\/www.rodarummet.org\/web\/2020\/01\/20\/2399\/\">Forts\u00e4tt l\u00e4sa <span class=\"meta-nav\">&rarr;<\/span><\/a><\/p>\n","protected":false},"author":1,"featured_media":0,"comment_status":"closed","ping_status":"open","sticky":false,"template":"","format":"standard","meta":{"jetpack_post_was_ever_published":false,"_jetpack_newsletter_access":"","_jetpack_dont_email_post_to_subs":false,"_jetpack_newsletter_tier_id":0,"_jetpack_memberships_contains_paywalled_content":false,"_jetpack_memberships_contains_paid_content":false,"footnotes":"","jetpack_publicize_message":"","jetpack_publicize_feature_enabled":true,"jetpack_social_post_already_shared":true,"jetpack_social_options":{"image_generator_settings":{"template":"highway","default_image_id":0,"font":"","enabled":false},"version":2}},"categories":[1],"tags":[961,963,959,957,962,960,958],"class_list":["post-2399","post","type-post","status-publish","format-standard","hentry","category-okategoriserade","tag-extinction-rebellion","tag-fermis-gata","tag-fossilkapitalet","tag-jacob-oscarsson","tag-klimatkrisen","tag-klimatnodlage","tag-xr"],"jetpack_publicize_connections":[],"jetpack_featured_media_url":"","jetpack_sharing_enabled":true,"jetpack_shortlink":"https:\/\/wp.me\/sRzA9-2399","_links":{"self":[{"href":"https:\/\/www.rodarummet.org\/web\/wp-json\/wp\/v2\/posts\/2399","targetHints":{"allow":["GET"]}}],"collection":[{"href":"https:\/\/www.rodarummet.org\/web\/wp-json\/wp\/v2\/posts"}],"about":[{"href":"https:\/\/www.rodarummet.org\/web\/wp-json\/wp\/v2\/types\/post"}],"author":[{"embeddable":true,"href":"https:\/\/www.rodarummet.org\/web\/wp-json\/wp\/v2\/users\/1"}],"replies":[{"embeddable":true,"href":"https:\/\/www.rodarummet.org\/web\/wp-json\/wp\/v2\/comments?post=2399"}],"version-history":[{"count":1,"href":"https:\/\/www.rodarummet.org\/web\/wp-json\/wp\/v2\/posts\/2399\/revisions"}],"predecessor-version":[{"id":2402,"href":"https:\/\/www.rodarummet.org\/web\/wp-json\/wp\/v2\/posts\/2399\/revisions\/2402"}],"wp:attachment":[{"href":"https:\/\/www.rodarummet.org\/web\/wp-json\/wp\/v2\/media?parent=2399"}],"wp:term":[{"taxonomy":"category","embeddable":true,"href":"https:\/\/www.rodarummet.org\/web\/wp-json\/wp\/v2\/categories?post=2399"},{"taxonomy":"post_tag","embeddable":true,"href":"https:\/\/www.rodarummet.org\/web\/wp-json\/wp\/v2\/tags?post=2399"}],"curies":[{"name":"wp","href":"https:\/\/api.w.org\/{rel}","templated":true}]}}