{"id":2548,"date":"2020-06-17T18:38:34","date_gmt":"2020-06-17T17:38:34","guid":{"rendered":"http:\/\/www.rodarummet.org\/web\/?p=2548"},"modified":"2020-06-22T21:13:05","modified_gmt":"2020-06-22T20:13:05","slug":"teser-om-upproret","status":"publish","type":"post","link":"https:\/\/www.rodarummet.org\/web\/2020\/06\/17\/teser-om-upproret\/","title":{"rendered":"TESER OM UPPRORET"},"content":{"rendered":"<h2>Black Lives Matter!<\/h2>\n<h2><strong><a href=\"http:\/\/www.rodarummet.org\/web\/wp-content\/uploads\/2020\/06\/Svart-man-o-hatt.jpg\"><img loading=\"lazy\" decoding=\"async\" class=\"alignnone wp-image-2549 size-large\" title=\"FOTO: Anders Nilsson\" src=\"http:\/\/www.rodarummet.org\/web\/wp-content\/uploads\/2020\/06\/Svart-man-o-hatt-1024x764.jpg\" alt=\"\" width=\"640\" height=\"478\" srcset=\"https:\/\/www.rodarummet.org\/web\/wp-content\/uploads\/2020\/06\/Svart-man-o-hatt-1024x764.jpg 1024w, https:\/\/www.rodarummet.org\/web\/wp-content\/uploads\/2020\/06\/Svart-man-o-hatt-300x224.jpg 300w, https:\/\/www.rodarummet.org\/web\/wp-content\/uploads\/2020\/06\/Svart-man-o-hatt-768x573.jpg 768w, https:\/\/www.rodarummet.org\/web\/wp-content\/uploads\/2020\/06\/Svart-man-o-hatt.jpg 2000w\" sizes=\"auto, (max-width: 640px) 100vw, 640px\" \/><\/a><\/strong>Det amerikanska samh\u00e4llet skakas av stundtals v\u00e5ldsamma protester mot framf\u00f6rallt polisk\u00e5rens systematiska rasism, som tog sig uttryck i mordet p\u00e5 George Floyd. H\u00e4r publicerar vi ett uttalande om protesterna fr\u00e5n redaktionskollektivet f\u00f6r den radikala tidskriften Spectre.<\/h2>\n<h2>Spectres uttalande om Black Lives Matter utmynnade i en diskussion som ett flertal medlemmar i Socialistisk Politik har deltagit i. Genom att \u00e4ven publicera n\u00e5gra inl\u00e4gg fr\u00e5n debatten vill vi \u00f6ppna upp f\u00f6r en fortsatt diskussion och gemensam reflektion kring motst\u00e5nd och strategi idag.<br \/>\n<!--more--><\/h2>\n<p>Vi ger v\u00e5rt of\u00f6rbeh\u00e5llsamma st\u00f6d till upproret mot polisen.<br \/>\nVi \u00e4r mot de v\u00e5ldsamma snutsvin som patrullerar gatorna, dessa terrorister som kv\u00e4ver och torterar svarta och f\u00e4rgade m\u00e4nniskor i tusental varje \u00e5r, och som ingjuter skr\u00e4ck och utmattning i alla andra. Vi f\u00f6rd\u00f6mer de brutala snutar som kidnappar migrantbarn och deras f\u00f6r\u00e4ldrar, som f\u00e5r transsexuella att f\u00f6rsvinna, och som l\u00e4mnar d\u00f6da utan namn i massgravar vid mexikanska gr\u00e4nsen. Vi \u00e4r mot polisen och den kult av hj\u00e4ltedyrkan som \u00e5l\u00e4gger oss att lovprisa dem vars uppgift \u00e4r att h\u00e5lla oss p\u00e5 plats. Vi f\u00f6rd\u00f6mer ICE och gr\u00e4nspolisen som skjuter v\u00e5ra grannar i deras egna hem, jagar arbetare p\u00e5 f\u00e4lten och arresterar studenter i v\u00e5ra skolor som om de vore villebr\u00e5d i en iscensatt jakt. Vi \u00e4r mot snuten i Minneapolis, Los Angeles, Louisville och Detroit, i Ferguson, Chicago, Houston, New Orleans och New York, Atlanta, Oakland, Philadelphia och Memphis, ja, i varenda stad och samh\u00e4lle d\u00e4r det st\u00e5r dem fritt att skjuta och d\u00f6da utan r\u00e4ttsliga f\u00f6ljder, vilket sker \u00f6verallt, hela tiden. Dessa krafter \u00e4r och kommer alltid att vara arbetarklassens fiende \u00f6ver hela v\u00e4rlden.<\/p>\n<p><strong>Vi f\u00f6rd\u00f6mer de verkliga plundrarna.<\/strong><br \/>\nPolisavdelningarna dr\u00e4nerar stads- och statsbudgetar med sina allt fler \u00f6nskem\u00e5l om vapen, radioapparater, stridsrustningar, \u00f6vervakningsutrustning, stridsvagnar och teknik, allt medan de stryper obev\u00e4pnade m\u00e4n med sina bara h\u00e4nder och kn\u00e4n, stryper samh\u00e4llsservicen och l\u00e4mnar de kvarvarande utan bidrag, s\u00e4kerhet eller st\u00f6d. Vi har inget annat alternativ \u00e4n att sl\u00e5ss. Vi f\u00f6rd\u00f6mer de plundrande chefer som utnyttjar denna desperation f\u00f6r att ta fr\u00e5n oss det vi har skapat, som stj\u00e4l v\u00e5r tid och v\u00e5r energi, v\u00e5r s\u00f6mn och v\u00e5ra liv. Vi f\u00f6rd\u00f6mer hyresv\u00e4rdarna som g\u00f6r anspr\u00e5k p\u00e5 och kontrollerar de hus som migrantarbetare bygger och underh\u00e5ller, som bef\u00e4ster rassegregation med hj\u00e4lp av diskriminering, som kastar ut arbetare, familjer, och handikappade p\u00e5 gatan f\u00f6r att d\u00f6, och som f\u00f6rs\u00e4tter oss i konkurs och suger ut oss.<\/p>\n<p><strong>Vi \u00e4r mot de som hindrar ambulanser och g\u00f6r tryggheten om\u00f6jlig.<\/strong><br \/>\nDet \u00e4r de vinstdrivande f\u00f6rs\u00e4kringsprogram som g\u00f6r oss livr\u00e4dda f\u00f6r att ringa efter ambulansen av r\u00e4dsla f\u00f6r att bli utfattiga, som plundrar oss just n\u00e4r vi \u00e4r som mest s\u00e5rbara. Vi \u00e4r mot den \u201dsjukv\u00e5rdsindustri\u201d som g\u00f6r profit p\u00e5 att neka m\u00e4nniskor v\u00e5rd och p\u00e5 att avskeda arbetare, sjuksk\u00f6terskor, l\u00e4kare, fastighetssk\u00f6tare och tekniker mitt under pandemin n\u00e4r \u2013 eller kanske just d\u00e4rf\u00f6r att? \u2013 det \u00e4r just d\u00e5 vi som mest beh\u00f6ver hj\u00e4lp. Vi f\u00f6rd\u00f6mer ett sjukv\u00e5rdssystem som rutinm\u00e4ssigt bortser fr\u00e5n dem som beh\u00f6ver mest v\u00e5rd, ett system som skaml\u00f6st nedv\u00e4rderar svartas liv. Vi f\u00f6rd\u00f6mer det militariserade s\u00e4kerhetssystem som kallas \u201d\u00f6vervakning\u201d, och som i b\u00e4sta fall rycker p\u00e5 axlarna \u00e5t \u00f6ppet folkm\u00f6rdande fascistiska medborgargarden, och n\u00e4r det \u00e4r som \u00e4rligast samarbetar med dem, detta s\u00e4kerhetssystem d\u00e4r en polisbricka utg\u00f6r ett utf\u00e4rdat tillst\u00e5nd f\u00f6r att f\u00e5 lov att beg\u00e5 rasistiska mord, d\u00e4r en bl\u00e5 uniform ger straffrihet.<\/p>\n<p><strong>Vi st\u00f6der alla de demonstranter som fullt medvetna om faran st\u00e4ller sig i frontlinjen.<\/strong><br \/>\nOm extremh\u00f6gerns protester innebar att man agerade med rent f\u00f6rakt inf\u00f6r andra m\u00e4nniskors liv, s\u00e5 \u00e4r det sociala uppror som nu s\u00e4tter landet i brand en kollektiv k\u00e4rlekshandling i ordets \u00e4dlaste bem\u00e4rkelse. De kapitalistiska protesterna mot nedst\u00e4ngningen kr\u00e4vde att arbetare skulle offras p\u00e5 ekonomins altare. Men dagens uppror erinrar oss om Marx\u2019 \u00e5tskillnad mellan \u201datt g\u00f6ra uppoffringar f\u00f6r samh\u00e4llet\u201d och den motsatta driften mot att \u201doffra det faktiska samh\u00e4llet\u201d. Att offra kapitalet ist\u00e4llet f\u00f6r oss sj\u00e4lva skulle s\u00e5ledes bli \u201den gemensam sak f\u00f6r alla m\u00e4nniskor som har vuxit ur det borgerliga systemet, ett offer som de g\u00f6r till sig sj\u00e4lva\u201d. V\u00e5ra styrkor st\u00e4ller sig frivilligt i frontlinjen, deras styrkor skulle g\u00e4rna offra oss mot v\u00e5r vilja: samh\u00e4llsviktiga arbetare som st\u00e4ndigt uts\u00e4tts f\u00f6r pandemin, de fattigaste arbetarna utan tak \u00f6ver huvudet eller tillr\u00e4ckligt med mat och omv\u00e5rdnad. Deras krafter innefattar fascistiska medborgargarden, vilka \u00f6ppet har firat att svarta m\u00e4nniskor har g\u00e5tt bort i Covid-19. De har angripit patienter och sjuksk\u00f6terskor som v\u00e5rdar dessa svarta, som k\u00e4mpar f\u00f6r dem. Black Lives Matters-protesterna liknar inte alls protesterna mot nedst\u00e4ngningen. Dessa uppror, som drivs av samh\u00e4llets mest s\u00e5rbara, \u00e4r en medveten kamp om att \u00f6verleva. Att sl\u00e5 tillbaka \u00e4r v\u00e5rt enda f\u00f6rsvar mot att d\u00f6 av polisv\u00e5ld, Covid-19 och kapitalet. Uppror \u00e4r det viktigaste av alla arbeten.<\/p>\n<p><strong>Vi f\u00f6rsvarar br\u00e4nnandet av polisstationer.<\/strong><br \/>\nPolisstationer \u00e4r f\u00f6rtruppen i det f\u00e4ngelseindustriella komplexet. De \u00e4r bef\u00e4stningar p\u00e5 klasskrigets slagf\u00e4lt. V\u00e5ra krafter tar \u00f6ver dem, utnyttjar dem och t\u00f6mmer dem, delar sedan ut statens olagligt inf\u00f6rskaffade vapenarsenal, och firar med att skjuta av fyrverkerier l\u00e4ngs v\u00e4gen innan vi br\u00e4nner ner hela skiten till marken. Detta \u00e4r ett uttryck f\u00f6r arbetarklassens alltid n\u00e4rvarande men vanligtvis dolda kraft att ta kontroll \u00f6ver sitt eget \u00f6de, trots den \u00f6verv\u00e4ldigande styrka som st\u00e4lls mot den, som st\u00e4lls mot oss. Denna taktik f\u00f6reb\u00e5dar det revolution\u00e4ra krossandet av staten i sin helhet, och \u00f6ppnar d\u00e4rmed en ny fri horisont som alla kan se framf\u00f6r sig. Vi st\u00f6djer aktionen n\u00e4r polisradion hackas och Fuck the Police spelas i alla h\u00f6rlurar. Att driva med polisen undergr\u00e4ver inte bara deras k\u00e4nsla av r\u00e4ttf\u00e4rdighet i brutaliteten, utan st\u00f6r ocks\u00e5 deras kommunikationer, g\u00f6r det sv\u00e5rare f\u00f6r dem att kontrollera oss, att skada, leml\u00e4sta och d\u00f6da \u00e4nnu fler personer \u00e4n de redan har gjort. St\u00f6rningar kan r\u00e4dda liv och bejaka liv. Det \u00e4r ocks\u00e5 ett viktigt arbete.<\/p>\n<p><strong>Vi v\u00e4lkomnar omf\u00f6rdelningen av varor till de mest beh\u00f6vande.<\/strong><br \/>\nDet spelar ingen roll om dessa varor \u00e4r mat, medicin, bl\u00f6jor, kl\u00e4der eller elektronik. Vi \u00e4r \u00f6vertygade om att de arbetare som g\u00f6r plattsk\u00e4rms-TV inte inv\u00e4nder om deras produkt hamnar i h\u00e4nderna p\u00e5 folk som g\u00f6r revolt mot statligt sanktionerade mord. Vi st\u00f6der Target-arbetarna som f\u00f6rsvarade upploppen samtidigt som en Target-butik i Minneapolis brann ner till grunden. Target suger ut sin personal, har regelbundet och v\u00e5rdsl\u00f6st utsatt dem f\u00f6r viruset, och har uttryckt f\u00f6rakt mot deras liv. I denna speciella stad sk\u00e4nkte Target 300 000 dollar till stadens polisavdelning f\u00f6r att installera \u00f6vervakningskameror i ett centralt omr\u00e5de som omfattar 40 kvarter. De finansierade ett kriminaltekniskt laboratorium p\u00e5 sitt eget omr\u00e5de f\u00f6r att f\u00e5 fram h\u00f6guppl\u00f6sta bilder fr\u00e5n \u00f6vervakningsbilderna. Det \u00e4r inte att undra p\u00e5 att v\u00e5ra styrkor jublade n\u00e4r byggnaden slukades av flammorna. De har satt i system att betala ut en alltf\u00f6r l\u00e5g l\u00f6n, de l\u00e4mnar oss att klara oss sj\u00e4lva, de stj\u00e4l v\u00e5r arbetskraft och kallar det profit, och sedan har de fr\u00e4ckheten att ge dessa pengar till de som trakasserar oss, misshandlar oss, f\u00f6rf\u00f6ljer oss och d\u00f6dar oss?<\/p>\n<p><strong>F\u00f6nster kommer att krossas. Det f\u00f6rv\u00e4ntar vi oss.<\/strong><br \/>\nDet \u00e4r inte v\u00e5ra f\u00f6nster. Det \u00e4r inte \u00f6verraskande att de som tittar in genom f\u00f6nstren utifr\u00e5n gatan och k\u00e4mpar f\u00f6r att ha r\u00e5d med basala n\u00f6dv\u00e4ndigheter och de torftiga n\u00f6jen som kapitalismen erbjuder vill bryta ner dessa hinder. Vi bombarderas konstant med bilder av varor \u00e4nda tills vi aktivt \u00f6nskar dem. Men trots att det \u00e4r vi sj\u00e4lva som producerar dem har vi inte r\u00e5d med dem. De som tillbringar sina liv bakom dessa f\u00f6nster med att f\u00f6r en minimil\u00f6n s\u00e4lja och packa dessa varor vill givetvis bryta ner dessa hinder. N\u00e4r folk utesluts fr\u00e5n att gemensamt dela ut vad de producerar, s\u00e5 har de inget intresse av att skydda det som under s\u00e5 l\u00e5ng tid har stulits fr\u00e5n dem. Sk\u00e5l f\u00f6r att sl\u00e5 s\u00f6nder dessa hinder.<\/p>\n<p><strong>Vi kr\u00e4ver r\u00e4ttvisa.<\/strong><br \/>\nVi kr\u00e4ver r\u00e4ttvisa f\u00f6r George Floyd, Breonna Taylor, Atatiana Jefferson, Ahmaud Arbery, Mike Ramos, Tony McDade och de hundratals svarta som polisen har m\u00f6rdat bara i \u00e5r, de m\u00e5nga tusen som har m\u00f6rdats detta decennium och de m\u00e5nga miljoner som har m\u00f6rdats sedan b\u00f6rjan av detta amerikanska projekt, som har sitt ursprung i plundring av jord och arbete. Vi vet att r\u00e4ttvisa inte kommer genom att l\u00e5sa in en polis som har beg\u00e5tt mord. Den kommer inte genom att l\u00e5sa in alla poliser som beg\u00e5r mord. R\u00e4ttvisa kommer n\u00e4r vi g\u00f6r slut p\u00e5 polisbevakningen som s\u00e5dan, och avskaffar systemet med privat \u00e4gander\u00e4tt och utsugning som polisen har till uppgift att f\u00f6rsvara.<\/p>\n<p><strong>Vi \u00e4r fullt medvetna om att vi kan f\u00f6rlora slaget i kampen f\u00f6r att vinna kriget.<\/strong><br \/>\nMen vi \u00e4r f\u00f6rvissade om att den p\u00e5 samma g\u00e5ng samordnade och spontana aktivitet som har uppst\u00e5tt under denna kris \u2013 hundratals vilda strejker, tusentals m\u00e4nniskor p\u00e5 gatorna, miljoner i hyresstrejk \u2013 formar en solidaritet mellan raser och sektorer, samtidigt som den konkret visar vilken kraft som finns i arbetare som organiserar sig. Oavsett utg\u00e5ngen \u00e4r vi en del av en sjudande kamp, vars like vi inte har sett p\u00e5 flera generationer i USA. Som Rosa Luxemburg uttryckte det strax innan hon m\u00f6rdades: \u201dDenna mots\u00e4ttning mellan uppgiftens intensitet och de bristande f\u00f6ruts\u00e4ttningarna f\u00f6r att l\u00f6sa den under den revolution\u00e4ra utvecklingens begynnelsefas resulterar i att de aktuella revolutionsstriderna formellt sett slutar med nederlag. Men revolutionen \u00e4r den enda form av \u2019krig\u2019, d\u00e4r slutsegern endast kan vinnas genom en serie \u2019nederlag\u2019, och \u00e4ven detta utg\u00f6r en av revolutionens s\u00e4rpr\u00e4glade livsbetingelser.\u201d<\/p>\n<p><strong>Vi st\u00f6der livets oordning framf\u00f6r den kapitalistiska d\u00f6dliga ordningen.<\/strong><br \/>\nMordet p\u00e5 George Floyd har tvingat fram ett dystert omkv\u00e4de som Covid-19 bara har intensifierat: \u201djag kan inte andas\u201d har varit de sista orden fr\u00e5n ett tyv\u00e4rr o\u00f6versk\u00e5dligt antal m\u00e4nniskor, \u00e4ven om vi aldrig slutar att r\u00e4kna och alltid minns dem, vi har dem alltid i v\u00e5ra hj\u00e4rtan. Upproret kommer inte att vara \u00f6ver f\u00f6rr\u00e4n vi alla kan andas: inga k\u00e4ngor eller kn\u00e4n p\u00e5 halsar, inga sjukhus utan skyddsutrustning, ingen f\u00f6rorenad, cancerframkallande luft, ingen ska beh\u00f6va h\u00e5lla andan medan vi v\u00e4ntar p\u00e5 att h\u00f6ra fr\u00e5n v\u00e5ra n\u00e4ra och k\u00e4ra och kamrater p\u00e5 gatorna, som \u00e4r sjuka eller bara \u00e4r p\u00e5 v\u00e4g hem fr\u00e5n arbetet eller \u00e4r ute p\u00e5 en joggingtur.<\/p>\n<p><strong>Vi vet att det \u00e4r farligt att sl\u00e5 tillbaka, men vi vet ocks\u00e5 att det \u00e4r \u00e4nnu farligare att inte g\u00f6ra det.<\/strong><br \/>\nVi har f\u00f6rst\u00e5tt att Nationalgardet tr\u00e4nger in i st\u00e4der medan vi skriver detta. Vi vet att den enda v\u00e4gen ut ur kapitalismens kris och den d\u00f6dsf\u00e4lla den har byggt f\u00f6r v\u00e4rldens arbetarklass i och med Covid-19, \u00e4r massrevolt, klasskamp, och den solidaritet som vi ser p\u00e5 gatorna n\u00e4r demonstranter delar ut masker, n\u00e4r busschauff\u00f6rer v\u00e4grar hj\u00e4lpa till med eller medverka till arresteringar eller transportera poliser, n\u00e4r vilda strejker st\u00e4nger ner d\u00f6dliga fabriker, n\u00e4r arbetare omvandlar sina verktyg f\u00f6r de uppgifter som nu st\u00e5r inf\u00f6r dem. N\u00e4r vi best\u00e4mmer oss f\u00f6r att det \u00e4r vi som best\u00e4mmer, d\u00e5 skymtar en ny epok vid horisonten. Och vi m\u00e5ste best\u00e4mma oss snart, f\u00f6r vi har inte m\u00e5nga generationer kvar f\u00f6r att avv\u00e4rja en milj\u00f6katastrof som hotar att utrota alla jordens arter.<\/p>\n<p><strong>Vi tror att \u201dman kan aldrig veta\u201d.<\/strong><br \/>\nI C L R James d\u00f6dsruna \u00f6ver sin adept Walter Rodney parafraserade han Lenin och citerade Marx. D\u00f6dsrunan var s\u00e5 skoningsl\u00f6s att den n\u00e4stan verkade vara ett f\u00f6rs\u00f6k att i en gest av kritik v\u00e4cka Rodney tillbaka till livet: \u201dDen 22 januari uttryckte Lenin oro f\u00f6r att han kanske inte skulle leva l\u00e4nge nog f\u00f6r att uppleva revolutionen. Men i mars skedde den. Jag undrar om ni f\u00f6rst\u00e5r vad detta betyder. Det \u00e4r vad som h\u00e4nde Lenin. Man kan aldrig veta. Marx uttryckte det s\u00e5 h\u00e4r: \u2019Revolutionen kommer som en tjuv om natten.\u2019 Och Lenin hade \u00e4gnat hela sitt liv \u00e5t detta. Walter f\u00f6rstod aldrig riktigt detta, han var inte medveten om det.\u201d<\/p>\n<p><strong>Vi vet att sp\u00f6ket, arbetarklassens makt, kommunismen, alltid \u00e4r en \u201dtjuv om natten\u201d.<\/strong><br \/>\nOch inte bara en tjuv, det \u00e4r ocks\u00e5 en plundrare, en upprorsmakare, en som strejkar olagligt, en illegal invandrare, en transperson, en sexarbetare, en pappersl\u00f6s eller n\u00e5gon som saknar bakgrund, en f\u00f6rr\u00e4dare mot nationen, mot vitheten, mot makt, och mot privilegier. Hon \u00e4r en h\u00e4ktad, en asyls\u00f6kande, hon \u00e4r p\u00e5 fel plats och fr\u00e5n fel samh\u00e4llsklass, respektl\u00f6s mot rang och titel, en skam f\u00f6r all sorts anst\u00e4ndighet. Vi vet att arbetarklassen bara g\u00f6r revolution n\u00e4r den lever, andas och k\u00e4mpar f\u00f6r att g\u00f6ra det, n\u00e4r den blir n\u00e5got nytt, under omst\u00e4ndigheter som vi aldrig kommer att eller kan v\u00e4lja.<\/p>\n<p>P\u00e5 v\u00e5ra sidor kommer vi att ge utrymme f\u00f6r att dokumentera, t\u00e4nka igenom och k\u00e4mpa j\u00e4mte alla k\u00e4mpar och organisat\u00f6rer, aktivister och ledare, trender, teoretiker och l\u00e4sare som r\u00e4knar med att f\u00f6rvandla farliga tider till en ny epok, d\u00e4r svarta liv inte bara kommer att betyda n\u00e5got, utan ocks\u00e5 frodas, d\u00e4r polisen bara \u00e4r ett dammigt tittsk\u00e5p i ett museum av historiska tragedier. Vi f\u00f6rbinder oss att vara kamrater med \u00e4rliga aktivister som strider f\u00f6r ett framtida fritt samh\u00e4lle, och att vara solidariska inf\u00f6r allt som komma skall. &lt;&lt;<\/p>\n<p><em>Ur Spectre, 2 juni 2020<br \/>\n<\/em><em>spectrejournal.com<\/em><br \/>\n<em>\u00d6vers\u00e4ttning fr\u00e5n engelska:\u00a0<\/em><em>G\u00f6ran K\u00e4llqvist<\/em><\/p>\n<pre>ARTIKELF\u00d6RFATTARE\r\n<strong>Spectre<\/strong> \r\nSpectre\u2019s redaktion \u2013 Cinzia Arruzza, \r\nTithi Bhattacharya, Kate Doyle Griffiths, \r\nZachary Levenson, Holly Lewis, David McNally, \r\nCharlie Post, Ashley Smithoch Vanessa Wills.\r\n\r\n<\/pre>\n<h1><strong>Kommentarer till\u00a0<\/strong><em><strong>Teser om upproret<\/strong><\/em><\/h1>\n<p><strong>Kommentar I <\/strong><br \/>\n<strong>Lars Henriksson<\/strong><br \/>\nJag ser en del problem med Spectres teser. Sj\u00e4lvklart inte st\u00f6det till protesterna mot det rasistiska v\u00e5ldet. Inte heller f\u00f6rsvaret av att n\u00e5gon polisstation br\u00e4nts ner i vreden \u00f6ver \u00e5ratal av trakasserier fr\u00e5n en militariserad polisk\u00e5r. D\u00e4remot n\u00e4r de entusiastiskt beskriver detta som en taktik som f\u00f6reb\u00e5dar det \u201drevolution\u00e4ra krossandet av staten i sin helhet\u201d. Jag \u00e4r ingen USA-expert men jag betvivlar starkt att denna \u201dtaktik\u201d f\u00f6reb\u00e5dar ett krossande av den borgerliga staten. Jag \u00e4r tveksam till att ens kalla det \u201dtaktik\u201d \u2013 allts\u00e5 hur de som k\u00e4mpar p\u00e5 b\u00e4sta s\u00e4tt anv\u00e4nder sina styrkor i ett givet l\u00e4ge. Detta \u00e4r inte detsamma som vredesutbrott. Historien utvecklas ofta i spr\u00e5ng och kast, inte s\u00e4llan bryter revolter fram n\u00e4r vi minst anar det, men det \u00e4r inte troligt att ett s\u00e5dant revolution\u00e4rt medvetande skulle uppst\u00e5 i stora kretsar i en arbetarklass som bara i undantagsfall har f\u00f6rm\u00e5tt g\u00f6ra effektivt motst\u00e5nd i de mest n\u00e4raliggande och enande fr\u00e5gorna och d\u00e4r den fackliga organisationsgraden har backat till 1800-talsniv\u00e5.<\/p>\n<p>N\u00e4r f\u00f6rfattarna menar att s\u00e5dana aktioner \u201d\u00f6ppnar en ny fri horisont som alla kan se framf\u00f6r sig\u201d tror jag de f\u00f6rv\u00e4xlar sina egna f\u00f6rhoppningar med den niv\u00e5 av medvetande och organisering som finns i den breda arbetarklassen. Det blir en ultrav\u00e4nsteristisk syn p\u00e5 kamp d\u00e4r \u201dde mest radikala\u201d genomf\u00f6r \u201dexemplariska aktioner\u201d som ska \u201dv\u00e4cka massorna\u201d. En anarkistisk dr\u00f6m som idealiserar alla konfrontationer utan att analysera l\u00e4get eller vilka metoder och krav som kan skapa den enhet som f\u00f6r r\u00f6relsen fram\u00e5t och verkligen utmanar makten.<\/p>\n<p>Vi ska inte falla i motst\u00e5ndarens f\u00e4lla. Debatten ska inte handla om de f\u00e5 fallen av plundring, f\u00f6rst\u00f6relse och andra uttryck f\u00f6r den ber\u00e4ttigade vreden. \u00c4ven om s\u00e5dant troligen f\u00f6rsv\u00e5rar breda mobiliseringar st\u00e5r de helt i skuggan av det dagliga statliga v\u00e5ldet. Men f\u00f6rfattarnas bild av plundring som \u201domf\u00f6rdelning av varor till de m\u00e4nniskor som beh\u00f6ver dem\u201d skulle vara en rimlig beskrivning av br\u00f6duppror men blir snarast patetisk n\u00e4r det g\u00e4ller elektronikaff\u00e4rer.<\/p>\n<p>Socialister beh\u00f6ver h\u00e5lla huvudet kallt, i synnerhet n\u00e4r det hettar till. Det finns inga f\u00e4rdiga mallar, att st\u00f6tta dem som k\u00e4mpar och sj\u00e4lva delta \u00e4r alltid den f\u00f6rsta regeln. Men vi \u00e4r ocks\u00e5 skyldiga att, \u00f6dmjukt lyssnande, f\u00f6rs\u00f6ka anv\u00e4nda de arbetandes historiska erfarenheter i dagens strider. Olika typer av v\u00e5ldsamma uppror har kantat de f\u00f6rtrycktas kamp och har lett till olika resultat. Jag t\u00e4nker inte sitta i tryggheten framf\u00f6r min dator i Sverige och s\u00e4ga vad som ska g\u00f6ras p\u00e5 Minneapolis gator, men vrede \u00e4r inte taktik och \u201dexemplariska aktioner\u201d \u00e4r en d\u00e5lig strategi.<\/p>\n<p><strong>Kommentar II <\/strong><br \/>\n<strong>St\u00e5le Holgersen<\/strong><br \/>\nI en tid d\u00e5 v\u00e4nstern ofta \u00e4r r\u00e4tt akademisk och \u00e4ngslig f\u00f6r att inte g\u00f6ra n\u00e5got fel, \u00e4r det f\u00f6rfriskande att l\u00e4sa en text som inte drunknar i f\u00f6rsiktighets\u00e5tg\u00e4rder. Jag tycker texten \u00e4r fantastisk: skriven av l\u00e4rda teoretiker, men den ligger i sin form n\u00e5gonstans mellan en politisk intervention och en dikt av Athena Farrokhzad.<\/p>\n<p>Det finns mycket att s\u00e4ga om inneh\u00e5llet. N\u00e5gra delar skulle jag sj\u00e4lv skrivit annorlunda; till exempel skulle jag betona att klasskampen, inte minst p\u00e5 grund av klimatf\u00f6r\u00e4ndringarna, m\u00e5ste ske b\u00e5de utanf\u00f6r och inom staten. H\u00e4r vill jag bara kort lyfta tv\u00e5 sp\u00e4nningar som texten och upproren i USA tvingar oss att reflektera \u00f6ver, och som jag menar v\u00e4nstern m\u00e5ste l\u00e4ra sig att leva med \u2013 snarare \u00e4n att undertrycka.<\/p>\n<p>1) Sp\u00e4nningen mellan klass p\u00e5 och utanf\u00f6r arbetsplatsen. Motst\u00e5ndet mot den h\u00e4rskande klassen kan b\u00f6rja p\u00e5 v\u00e4ldigt olika s\u00e4tt: ena dagen tar fransm\u00e4n p\u00e5 sig gula v\u00e4star och stoppar trafiken, andra dagen \u00e4r det kamp emot fossilgas, tredje dagen Black Lives Matter. Detta \u00e4r s\u00e5 klart tre olika exempel med sina egna historier, men allt motst\u00e5nd som har potential att bli samh\u00e4llsf\u00f6r\u00e4ndrande kommer fr\u00e5n s\u00e5dana specifika platser. Organisering p\u00e5 arbetsplatser kommer alltid vara helt centralt f\u00f6r den socialistiska kampen, men ska vi lyckas vinna m\u00e5ste vi se klasskamp ocks\u00e5 n\u00e4r den ligger inb\u00e4ddad i andra fr\u00e5gor. B\u00e5de klassreduktionism (allt handlar enbart om klass) och identitetspolitik (allt handlar enbart om mig) m\u00e5ste f\u00f6rkastas.<\/p>\n<p>Den amerikanska arbetarklassen har successivt f\u00f6rlorat i decennier \u2013 den svarta delen mera \u00e4n vita och latinos. Vissa socialister v\u00e4ntade t\u00e5lmodigt p\u00e5 att klassmedvetandet skulle \u00e5terkomma och att traditionella fackf\u00f6reningar \u00e5terigen skulle ta ledningen i kampen. Men responsen kom att artikuleras p\u00e5 ett helt annat s\u00e4tt: mot det m\u00f6rdande rasistiska polisv\u00e5ldet. Klass och rasism samverkar, och visar att dialektik inte (bara) \u00e4r teori \u2013 det \u00e4r ocks\u00e5 verklighet.<\/p>\n<p>2) Sp\u00e4nningen mellan det spontana och det organiserade. S\u00e5 l\u00e4nge den h\u00e4rskande klassen f\u00f6rtrycker m\u00e4nniskor i alla v\u00e4rldens h\u00f6rn, kommer responsen underifr\u00e5n alltid att ta form av b\u00e5de organiserad, systematisk kamp och vilda uppror, spontana protester, galna kravaller. Kapitalismen producerar till exempel absurda m\u00e4ngder med varor och reklam, och samtidigt ocks\u00e5 fattigdom och arbetsl\u00f6shet. Fr\u00e5n detta skriver socialister sina analyser om \u00f6verproduktion, men n\u00e4r fenomenen ocks\u00e5 m\u00f6ts fysisk och konkret i samma st\u00e4der hade det varit v\u00e4ldigt konstigt om det inte ocks\u00e5 blev plundring av shoppingcentra.<br \/>\nDet spontana skapar egna dynamiker som m\u00e5ste erk\u00e4nnas snarare \u00e4n stoppas. Den energin, solidariteten och politiska medvetenheten som kan komma ur s\u00e5dana \u2013 lagliga och olagliga \u2013 demonstrationer som vi har sett b\u00e5de i USA och Sverige, kan som bekant inte skapas genom tusentals seminarier p\u00e5 ABF-huset. Huruvida det leder till faktiska framg\u00e5ngar beror i stor grad p\u00e5 om r\u00f6relsen kan hitta kontaktytor till andra r\u00f6relser, radikaliseras p\u00e5 v\u00e4gen och g\u00e5 i en konstruktiv riktning. Det spontana och det organiserade m\u00e5ste finna varandra. Jag l\u00e4ser texten i Spectre som en medveten intervention precis h\u00e4r.<\/p>\n<p><strong>Kommentar III<\/strong><br \/>\n<strong>Rut Elliot Blomqvist<\/strong><br \/>\nI de politiska sammanhang d\u00e4r jag \u00e4r aktiv pr\u00e4glas debatter ofta av etablerade st\u00e5ndpunkter om strategi \u2013 st\u00e5ndpunkter som bygger p\u00e5 de teorier om vad som driver historisk f\u00f6r\u00e4ndring som politiska r\u00f6relser tidigare utvecklat. N\u00e4r jag tagit del av olika reaktioner p\u00e5 den h\u00e4r texten har ocks\u00e5 den tendensen blivit tydlig. F\u00f6r att uttrycka det polemiskt finns det en rad k\u00e4pph\u00e4star som de som \u00e4r skeptiska till Spectres teser tar f\u00f6r givna. De handlar om s\u00e5dant som ickev\u00e5ld som \u00f6verordnad metod, fackf\u00f6reningsorganisering som huvudsaklig politisk bas eller skepsis inf\u00f6r den frihetliga v\u00e4nstern. Medan alla s\u00e5dana st\u00e5ndpunkter har po\u00e4nger och kommer ur erfarenheter som det \u00e4r viktigt att idag l\u00e4ra av, kan de ocks\u00e5 vara en\u00f6gda och ok\u00e4nsliga f\u00f6r vad som \u00e4r nytt i dagens situation.\u00a0H\u00e4r vill jag \u00e5terknyta till n\u00e5got som kom upp i ett samtal med n\u00e5gra kamrater f\u00f6r ett tag sedan kopplat till uppror i Chile: en utg\u00e5ngspunkt m\u00e5ste vara att vi inte vet hur revolution\u00e4ra krafter kan komma att mobiliseras idag.Att m\u00e5nga trots det inv\u00e4nder mot en text som denna med att ta upp sina vanliga positioner visar p\u00e5 att det finns ett behov inom all v\u00e4nsterorganisering av att aktivt utveckla nya perspektiv och skapa nya breda forum f\u00f6r folkbildning och diskussion (bortanf\u00f6r det hoppl\u00f6sa klimat som r\u00e5der p\u00e5 sociala medier). Ett s\u00e5dant arbete kr\u00e4ver en respektfull attityd gentemot s\u00e5 kallade \u201dnya sociala r\u00f6relser\u201d fr\u00e5n 60- och 70-talen fram till idag och ett intresse f\u00f6r allt ifr\u00e5n autonoma marxistiska och anarkistiska teorier och taktiker till v\u00e5ldsanv\u00e4ndning till det som ofta avf\u00e4rdas som identitetspolitik.<\/p>\n<p>Jag uppfattar det som att Spectres text befinner sig i en m\u00f6jlig s\u00e5dan debatt. Utifr\u00e5n mina relationer till aktivister i USA skulle jag s\u00e4ga att f\u00f6rfattarna vare sig \u00e4r en organisk del i den politiska mobilisering som p\u00e5g\u00e5r eller \u00e4r utan f\u00f6rankring i den, utan n\u00e5gonting mittemellan. Att skildra alla dimensioner av upproren som taktiska kan vara ett medvetet grepp f\u00f6r att f\u00e5 m\u00e4nniskor att t\u00e4nka p\u00e5 det de g\u00f6r som politiskt meningsfullt och inte \u201dbara\u201d utlopp f\u00f6r ilska. Men det g\u00e5r likas\u00e5 att l\u00e4sa detta som en sj\u00e4lvf\u00f6rh\u00e4rligande retorik: att f\u00f6rfattarna stoltserar med sitt mod att uttrycka radikala perspektiv. Oavsett vilket kan texten uppmuntra oss att t\u00e4nka p\u00e5 hur organiseringsgraden i samh\u00e4llet kan \u00f6ka i den h\u00e4r historiska situationen och att f\u00f6rst\u00e5 att en bas f\u00f6r motmakt kan byggas genom s\u00e5dant som \u00f6msesidig hj\u00e4lp, grannskaps- och boenden\u00e4tverk, ockupationer av mark eller byggnader, blockader av extraktiv industri \u2013 och spontana upplopp med inslag av v\u00e5ld och plundring.<\/p>\n","protected":false},"excerpt":{"rendered":"<p>Black Lives Matter! Det amerikanska samh\u00e4llet skakas av stundtals v\u00e5ldsamma protester mot framf\u00f6rallt polisk\u00e5rens systematiska rasism, som tog sig uttryck i mordet p\u00e5 George Floyd. H\u00e4r publicerar vi ett uttalande om protesterna fr\u00e5n redaktionskollektivet f\u00f6r den radikala tidskriften Spectre. Spectres &hellip; <a href=\"https:\/\/www.rodarummet.org\/web\/2020\/06\/17\/teser-om-upproret\/\">Forts\u00e4tt l\u00e4sa <span class=\"meta-nav\">&rarr;<\/span><\/a><\/p>\n","protected":false},"author":56,"featured_media":0,"comment_status":"closed","ping_status":"open","sticky":false,"template":"","format":"standard","meta":{"jetpack_post_was_ever_published":false,"_jetpack_newsletter_access":"","_jetpack_dont_email_post_to_subs":false,"_jetpack_newsletter_tier_id":0,"_jetpack_memberships_contains_paywalled_content":false,"_jetpack_memberships_contains_paid_content":false,"footnotes":"","jetpack_publicize_message":"","jetpack_publicize_feature_enabled":true,"jetpack_social_post_already_shared":true,"jetpack_social_options":{"image_generator_settings":{"template":"highway","default_image_id":0,"font":"","enabled":false},"version":2}},"categories":[19],"tags":[],"class_list":["post-2548","post","type-post","status-publish","format-standard","hentry","category-usa"],"jetpack_publicize_connections":[],"jetpack_featured_media_url":"","jetpack_sharing_enabled":true,"jetpack_shortlink":"https:\/\/wp.me\/pRzA9-F6","_links":{"self":[{"href":"https:\/\/www.rodarummet.org\/web\/wp-json\/wp\/v2\/posts\/2548","targetHints":{"allow":["GET"]}}],"collection":[{"href":"https:\/\/www.rodarummet.org\/web\/wp-json\/wp\/v2\/posts"}],"about":[{"href":"https:\/\/www.rodarummet.org\/web\/wp-json\/wp\/v2\/types\/post"}],"author":[{"embeddable":true,"href":"https:\/\/www.rodarummet.org\/web\/wp-json\/wp\/v2\/users\/56"}],"replies":[{"embeddable":true,"href":"https:\/\/www.rodarummet.org\/web\/wp-json\/wp\/v2\/comments?post=2548"}],"version-history":[{"count":2,"href":"https:\/\/www.rodarummet.org\/web\/wp-json\/wp\/v2\/posts\/2548\/revisions"}],"predecessor-version":[{"id":2571,"href":"https:\/\/www.rodarummet.org\/web\/wp-json\/wp\/v2\/posts\/2548\/revisions\/2571"}],"wp:attachment":[{"href":"https:\/\/www.rodarummet.org\/web\/wp-json\/wp\/v2\/media?parent=2548"}],"wp:term":[{"taxonomy":"category","embeddable":true,"href":"https:\/\/www.rodarummet.org\/web\/wp-json\/wp\/v2\/categories?post=2548"},{"taxonomy":"post_tag","embeddable":true,"href":"https:\/\/www.rodarummet.org\/web\/wp-json\/wp\/v2\/tags?post=2548"}],"curies":[{"name":"wp","href":"https:\/\/api.w.org\/{rel}","templated":true}]}}