{"id":2877,"date":"2021-06-18T08:33:06","date_gmt":"2021-06-18T07:33:06","guid":{"rendered":"http:\/\/www.rodarummet.org\/web\/?p=2877"},"modified":"2021-06-18T19:26:32","modified_gmt":"2021-06-18T18:26:32","slug":"kara-lasare-3","status":"publish","type":"post","link":"https:\/\/www.rodarummet.org\/web\/2021\/06\/18\/kara-lasare-3\/","title":{"rendered":"K\u00e4ra l\u00e4sare"},"content":{"rendered":"<p class=\"western\" align=\"justify\"><span style=\"font-family: Times New Roman, serif;\">\u00a0<\/span><\/p>\n<div id=\"attachment_2878\" style=\"width: 210px\" class=\"wp-caption alignleft\"><a href=\"http:\/\/www.rodarummet.org\/web\/wp-content\/uploads\/2021\/06\/R\u00f6da-rummet-nr-2-2021.pdf\" target=\"_blank\" rel=\"noopener\"><img loading=\"lazy\" decoding=\"async\" aria-describedby=\"caption-attachment-2878\" class=\"wp-image-2878 \" src=\"http:\/\/www.rodarummet.org\/web\/wp-content\/uploads\/2021\/06\/R\u00f6da-rummet-nr-2-2021-212x300.jpg\" alt=\"\" width=\"200\" height=\"283\" srcset=\"https:\/\/www.rodarummet.org\/web\/wp-content\/uploads\/2021\/06\/R\u00f6da-rummet-nr-2-2021-212x300.jpg 212w, https:\/\/www.rodarummet.org\/web\/wp-content\/uploads\/2021\/06\/R\u00f6da-rummet-nr-2-2021-768x1089.jpg 768w, https:\/\/www.rodarummet.org\/web\/wp-content\/uploads\/2021\/06\/R\u00f6da-rummet-nr-2-2021-722x1024.jpg 722w, https:\/\/www.rodarummet.org\/web\/wp-content\/uploads\/2021\/06\/R\u00f6da-rummet-nr-2-2021.jpg 794w\" sizes=\"auto, (max-width: 200px) 100vw, 200px\" \/><\/a><p id=\"caption-attachment-2878\" class=\"wp-caption-text\">Nr 2\/21 som PDF h\u00e4r. Inom kort publiceras artiklarna som separata inl\u00e4gg.<\/p><\/div>\n<p class=\"western\" align=\"justify\"><span style=\"font-family: Times New Roman, serif;\">Nu \u00e4r sommaren och ett nytt nummer av R\u00f6da rummet h\u00e4r ! \u00c4ven om det ibland kan vara sv\u00e5rt att h\u00e4nga med i de politiska sv\u00e4ngarna och olika h\u00e4ndelser \u2013 som pandemin \u2013 kan skapa k\u00e4nslor av desorientering s\u00e5 \u00e4r det m\u00e5nga kamper som \u00e4r l\u00e5ngvariga och st\u00e4ndigt n\u00e4rvarande. Bland dem finner vi den feministiska kampen, klimatkampen och den antirasistiska kampen: som i sin tur alla \u00e4r f\u00f6renade med antikapitalistisk politik.<br \/>\n<\/span><span style=\"color: #000000;\"><span style=\"font-family: Times New Roman, serif;\"><span style=\"font-size: medium;\"><span lang=\"sv-SE\">Det h\u00e4r n<\/span><\/span><\/span><\/span><span style=\"font-family: Times New Roman, serif;\">umret inneh\u00e5ller tv\u00e5 texter som p\u00e5 olika s\u00e4tt s\u00e4tter feminismen och kvinnans roll i fokus.<br \/>\n<\/span> <!--more--><\/p>\n<p class=\"western\" align=\"justify\"><span style=\"color: #000000;\"><span style=\"font-family: Times New Roman, serif;\">Shabane Barot presenterar den franska f\u00f6rfattarinnan Annie Ernaux som f<\/span><\/span><span style=\"font-family: Times New Roman, serif;\">ick sitt stora genombrott i Frankrike med b\u00f6ckerna <\/span><span style=\"font-family: Times New Roman, serif;\"><i>En far <\/i><\/span><span style=\"font-family: Times New Roman, serif;\">(1983) och <\/span><span style=\"font-family: Times New Roman, serif;\"><i>Kvinnan <\/i><\/span><span style=\"font-family: Times New Roman, serif;\">(1988). F\u00f6rra \u00e5ret kom hennes bok <\/span><span style=\"font-family: Times New Roman, serif;\"><i>\u00c5ren<\/i><\/span><span style=\"font-family: Times New Roman, serif;\"> (2008) ut p\u00e5 svenska. Barot l\u00e4ser <\/span><span style=\"font-family: Times New Roman, serif;\"><i>\u00c5ren<\/i><\/span><span style=\"font-family: Times New Roman, serif;\"> som en roman som skildrar konsumtionssamh\u00e4llets framv\u00e4xt och konsekvenser f\u00f6r enskilda kvinnor i deras roller som sexuellt nyfikna ungdomar, (hemma)fruar och mammor. Enligt Barot erbjuder Ernaux samlade verk oss en skildring av kapitalismens \u201dinre historia\u201d <\/span><span style=\"color: #000000;\"><span style=\"font-family: Times New Roman, serif;\">och <\/span><\/span><span style=\"color: #000000;\"><span style=\"font-family: Times New Roman, serif;\">ger<\/span><\/span><span style=\"color: #000000;\"><span style=\"font-family: Times New Roman, serif;\"> oss e<\/span><\/span><span style=\"font-family: Times New Roman, serif;\">n f\u00f6rst\u00e5else f\u00f6r hur kapitalismen p\u00e5verkar enskilda m\u00e4nniskor i deras vardagliga liv. Detta \u00e4r, menar Barot, en viktig utg\u00e5ngspunkt f\u00f6r bred organisering som ofta f\u00f6rbises. <\/span><\/p>\n<p class=\"western\" align=\"justify\"><span style=\"font-family: Times New Roman, serif;\">I \u201dEn introduktion till, och analys av, incelr\u00f6relsen\u201d diskuterar Evelina Johansson Wil\u00e9n den nya form av misogyna terrord\u00e5d som vi har sett det senaste decenniet. Incelr\u00f6relsen \u00e4r en internetbaserad r\u00f6relse som samlar m\u00e4n som inte lyckats etablera romantiska och sexuella relationer med kvinnor och som anklagar vad de ser som en ursp\u00e5rad feminism f\u00f6r sina sexuella misslyckanden. <\/span><span style=\"color: #000000;\"><span style=\"font-family: Times New Roman, serif;\">Incelm\u00e4nnen ses ofta som ett uttryck f\u00f6r en form av backlash som uppkommer i och med kvinnors \u00f6kade krav p\u00e5 r\u00e4ttvisa. Med hj\u00e4lp av begrepp som vertikal och horisontell r\u00e4ttvisa samt diskussioner om progressiv nyliberalism vill Johansson Wil\u00e9n i sin text erbjuda en f\u00f6rdjupad f\u00f6rst\u00e5else f\u00f6r incelr\u00f6relsens uppkomst. <\/span><\/span><\/p>\n<p class=\"western\" align=\"justify\"><span style=\"color: #000000;\"><span style=\"font-family: Times New Roman, serif;\">R\u00f6da rummet har i n\u00e4stan tv\u00e5 decennier publicerat texter som analyserar utvecklingen i Venezuela. I<\/span><\/span><span style=\"color: #000000;\"><span style=\"font-family: Times New Roman, serif;\"> \u201dMaduros liberala New Deal f\u00f6r Venezuela\u201d skriver Daniel Hellinger om president Nicol\u00e1s Maduros oljereformer och hur dessa kommer att inneb\u00e4ra b\u00e5de en f\u00f6rdjupning av Venezuelas oljeberoende, ett bromsande av regionala f\u00f6rs\u00f6k att fasa ut fossila br\u00e4nslen, liksom \u00f6kade vinster f\u00f6r transnationella oljebolag. Hellinger menar emellertid att skulden inte g\u00e5r att l\u00e4gga p\u00e5 enskilda l\u00e4nder, s\u00e5 som Venezuela. Ist\u00e4llet kr\u00e4vs politiska f\u00f6r\u00e4ndringar p\u00e5 en global niv\u00e5. <\/span><\/span><\/p>\n<p class=\"western\" align=\"justify\"><span style=\"color: #000000;\"><span style=\"font-family: Times New Roman, serif;\">I Joseph Dahers \u201dIslamofobin i Europa\u201d diskuteras den v\u00e4xande islamofobiska st\u00e4mningen och det \u00f6kande v\u00e5ldet mot muslimer i Europa samt hur detta legitimerar ett angrepp <\/span><\/span><span style=\"color: #000000;\"><span style=\"font-family: Times New Roman, serif;\">p<\/span><\/span><span style=\"color: #000000;\"><span style=\"font-family: Times New Roman, serif;\">\u00e5 demokratiska r\u00e4ttigheter generellt men s\u00e4rskilt vad g\u00e4ller v\u00e4nstergrupper och v\u00e4nsteraktivister.<\/span><\/span><\/p>\n<p class=\"western\" align=\"justify\"><span style=\"color: #000000;\"><span style=\"font-family: Times New Roman, serif;\">Vad texterna tillsammans visar \u00e4r hur olika kamper \u2013 den feministiska, den antirasistiska eller kampen f\u00f6r klimatet \u2013<\/span><\/span> <span style=\"color: #000000;\"><span style=\"font-family: Times New Roman, serif;\">i sj\u00e4lva verket \u00e4r djupt f\u00f6rbundna. I tider d\u00e5 kollektiv<\/span><\/span> <span style=\"color: #000000;\"><span style=\"font-family: Times New Roman, serif;\">kamp<\/span><\/span> <span style=\"color: #000000;\"><span style=\"font-family: Times New Roman, serif;\">h<\/span><\/span><span style=\"color: #000000;\"><span style=\"font-family: Times New Roman, serif;\">otas och utmanas p\u00e5 en rad fronter \u00e4r denna insikt central. <\/span><\/span><\/p>\n<p class=\"western\" align=\"justify\"><span style=\"color: #000000;\"><span style=\"font-family: Times New Roman, serif;\">Men f\u00f6rst tar vi lite semester!<\/span><\/span><\/p>\n","protected":false},"excerpt":{"rendered":"<p>\u00a0 Nu \u00e4r sommaren och ett nytt nummer av R\u00f6da rummet h\u00e4r ! \u00c4ven om det ibland kan vara sv\u00e5rt att h\u00e4nga med i de politiska sv\u00e4ngarna och olika h\u00e4ndelser \u2013 som pandemin \u2013 kan skapa k\u00e4nslor av desorientering s\u00e5 &hellip; <a href=\"https:\/\/www.rodarummet.org\/web\/2021\/06\/18\/kara-lasare-3\/\">Forts\u00e4tt l\u00e4sa <span class=\"meta-nav\">&rarr;<\/span><\/a><\/p>\n","protected":false},"author":1,"featured_media":0,"comment_status":"closed","ping_status":"open","sticky":false,"template":"","format":"standard","meta":{"jetpack_post_was_ever_published":false,"_jetpack_newsletter_access":"","_jetpack_dont_email_post_to_subs":false,"_jetpack_newsletter_tier_id":0,"_jetpack_memberships_contains_paywalled_content":false,"_jetpack_memberships_contains_paid_content":false,"footnotes":"","jetpack_publicize_message":"","jetpack_publicize_feature_enabled":true,"jetpack_social_post_already_shared":true,"jetpack_social_options":{"image_generator_settings":{"template":"highway","default_image_id":0,"font":"","enabled":false},"version":2}},"categories":[1],"tags":[],"class_list":["post-2877","post","type-post","status-publish","format-standard","hentry","category-okategoriserade"],"jetpack_publicize_connections":[],"jetpack_featured_media_url":"","jetpack_sharing_enabled":true,"jetpack_shortlink":"https:\/\/wp.me\/pRzA9-Kp","_links":{"self":[{"href":"https:\/\/www.rodarummet.org\/web\/wp-json\/wp\/v2\/posts\/2877","targetHints":{"allow":["GET"]}}],"collection":[{"href":"https:\/\/www.rodarummet.org\/web\/wp-json\/wp\/v2\/posts"}],"about":[{"href":"https:\/\/www.rodarummet.org\/web\/wp-json\/wp\/v2\/types\/post"}],"author":[{"embeddable":true,"href":"https:\/\/www.rodarummet.org\/web\/wp-json\/wp\/v2\/users\/1"}],"replies":[{"embeddable":true,"href":"https:\/\/www.rodarummet.org\/web\/wp-json\/wp\/v2\/comments?post=2877"}],"version-history":[{"count":2,"href":"https:\/\/www.rodarummet.org\/web\/wp-json\/wp\/v2\/posts\/2877\/revisions"}],"predecessor-version":[{"id":2882,"href":"https:\/\/www.rodarummet.org\/web\/wp-json\/wp\/v2\/posts\/2877\/revisions\/2882"}],"wp:attachment":[{"href":"https:\/\/www.rodarummet.org\/web\/wp-json\/wp\/v2\/media?parent=2877"}],"wp:term":[{"taxonomy":"category","embeddable":true,"href":"https:\/\/www.rodarummet.org\/web\/wp-json\/wp\/v2\/categories?post=2877"},{"taxonomy":"post_tag","embeddable":true,"href":"https:\/\/www.rodarummet.org\/web\/wp-json\/wp\/v2\/tags?post=2877"}],"curies":[{"name":"wp","href":"https:\/\/api.w.org\/{rel}","templated":true}]}}