{"id":3690,"date":"2023-12-21T11:41:43","date_gmt":"2023-12-21T10:41:43","guid":{"rendered":"http:\/\/www.rodarummet.org\/web\/?p=3690"},"modified":"2023-12-21T11:50:57","modified_gmt":"2023-12-21T10:50:57","slug":"roda-rummet-nr-5-23-som-pdf","status":"publish","type":"post","link":"https:\/\/www.rodarummet.org\/web\/2023\/12\/21\/roda-rummet-nr-5-23-som-pdf\/","title":{"rendered":"R\u00f6da rummet nr 5\/23 som PDF"},"content":{"rendered":"<div class=\"wp-block-image\">\n<figure class=\"aligncenter size-full is-resized\"><a href=\"http:\/\/www.rodarummet.org\/web\/wp-content\/uploads\/2023\/12\/Roda-Rummet-nr-5-2023-1.pdf\" target=\"_blank\" rel=\"noreferrer noopener\"><img loading=\"lazy\" decoding=\"async\" width=\"752\" height=\"1012\" src=\"http:\/\/www.rodarummet.org\/web\/wp-content\/uploads\/2023\/12\/Etta-5-23.jpg\" alt=\"\" class=\"wp-image-3691\" style=\"width:500px;height:auto\" srcset=\"https:\/\/www.rodarummet.org\/web\/wp-content\/uploads\/2023\/12\/Etta-5-23.jpg 752w, https:\/\/www.rodarummet.org\/web\/wp-content\/uploads\/2023\/12\/Etta-5-23-223x300.jpg 223w\" sizes=\"auto, (max-width: 752px) 100vw, 752px\" \/><\/a><\/figure>\n<\/div>\n\n\n<p><\/p>\n\n\n\n<p><\/p>\n\n\n\n<p><\/p>\n\n\n\n<p><\/p>\n\n\n\n<p><\/p>\n\n\n\n<p><\/p>\n\n\n\n<p><\/p>\n\n\n\n<p><\/p>\n\n\n\n<p><\/p>\n\n\n\n<p><\/p>\n\n\n\n<p><\/p>\n\n\n\n<p><strong>K\u00e4ra l\u00e4sare<\/strong><\/p>\n\n\n\n<p>Den trotskistiska traditionen, i form av en ansluten sektion till Fj\u00e4rde Internationalen, slog rot i Sverige i samband med v\u00e4nsteruppsvinget i slutet av 1960-talet. Revolution\u00e4ra Socialistiska Partiet (RSP) hade tidigare st\u00e5tt f\u00f6r ett kortvarigt f\u00f6rs\u00f6k runt 1950, men motvinden under kalla kriget bringade ansatsen p\u00e5 fall. F\u00f6reg\u00e5ngaren till Socialistisk Politik \u2013 Revolution\u00e4ra Marxister \u2013 gav 1969 ut det f\u00f6rsta numret av den teoretiska tidskriften Fj\u00e4rde Internationalen. Tv\u00e5 artiklar i detta nummer kom att \u00e4gnas \u00e5t utvecklingen i Tjeckoslovakien, d\u00e4r den s\u00e5 l\u00f6ftesrika kurs\u00e4ndringen under mottot \u201dsocialism med m\u00e4nskligt ansikte\u201d f\u00f6reg\u00e5ende \u00e5r begravts i blod av Warszawapaktens milit\u00e4ra invasion. Artikelrubrikerna l\u00f6d \u201dDen socialistiska demokratin kan endast slutgiltigt konsolideras om arbetarr\u00e5den tar makten\u201d samt \u201dTjeckoslovakien, f\u00f6rsta bed\u00f6mning, f\u00f6rsta l\u00e4rdomar\u201d.<\/p>\n\n\n\n<p>Fram till 1997 kom sedan Fj\u00e4rde Internationalen ut som kvartalstidskrift vid sidan av veckotidningen Internationalen. Det \u00e5ret tog vi ett nytt grepp, f\u00f6r att n\u00e5 en vidare l\u00e4sekrets, n\u00e4r vi \u2013 under det nuvarande namnet R\u00f6da Rummet \u2013 b\u00f6rjade att komma ut som bilaga till Internationalen, samtidigt som det fortfarande fanns m\u00f6jlighet att enbart prenumerera p\u00e5 R\u00f6da Rummet. Inf\u00f6randet av det nya mediest\u00f6det g\u00f6r dock att vi nu \u00e5terigen st\u00e5r inf\u00f6r en f\u00f6r\u00e4ndring, fr\u00e5n och med \u00e5rsskiftet kommer n\u00e4mligen bara Internationalen ut digitalt.<br>S\u00e5 vad g\u00f6r vi nu? Det korta svaret \u00e4r att det vet vi inte \u00e4n. En sak \u00e4r s\u00e4ker; R\u00f6da Rummet kommer \u00e4ven forts\u00e4ttningsvis finnas kvar. Flera alternativ \u00e4r m\u00f6jliga: Kan vi forts\u00e4tta som tidigare i samma form men med helt egen prenumerantstock? Eller bli mer av magasinsformat? Eller ska vi satsa p\u00e5 att finnas huvudsakligen p\u00e5 webben med t\u00e4tare publicering av artiklar, kanske i kombination med en tryckt \u00e5rsbok? Svaret kommer h\u00e4nga p\u00e5 v\u00e5ra redaktionella resurser men framf\u00f6rallt p\u00e5 dig K\u00e4ra L\u00e4sare, utan dig faller ju allt. Du beh\u00f6vs som den som h\u00f6rs av med gn\u00e4ll eller ber\u00f6m, med artikelf\u00f6rslag och inspiration \u2013 och du beh\u00f6vs f\u00f6rst\u00e5s \u00e4ven som betalande prenumerant!<\/p>\n\n\n\n<!--more-->\n\n\n<a class=\"wp-block-read-more\" href=\"https:\/\/www.rodarummet.org\/web\/2023\/12\/21\/roda-rummet-nr-5-23-som-pdf\/\" target=\"_self\">    <span class=\"screen-reader-text\">: R\u00f6da rummet nr 5\/23 som PDF<\/span><\/a>\n\n\n<p>Olle Uppenberg knyter i sin kr\u00f6nika an till den nya mediesituationen. Han trycker p\u00e5 att det i b\u00e4sta fall kan \u00f6ppna upp f\u00f6r mer av nyt\u00e4nkande och kreativitet, n\u00e4r en m\u00e4ngd energier frikopplas fr\u00e5n den st\u00e4ndigt kr\u00e4vande kampen att \u201dr\u00e4dda presst\u00f6det\u201d \u2013 <em>L\u00e4rdomar av veckotidningars troliga d\u00f6d<\/em><\/p>\n\n\n\n<p>I v\u00e5r serie om samtida marxistiska t\u00e4nkare har turen kommit till amerikanen Robert Brenner (f\u00f6dd 1943). I den t\u00e4mligen omfattande debatten om \u00f6verg\u00e5ngen fr\u00e5n feodalism till kapitalism har han betonat de inre faktorerna, och d\u00e5 mer specifikt f\u00f6r\u00e4ndringar inom det engelska jordbrukets produktionss\u00e4tt, som den prim\u00e4ra drivkraften. Det har varit i polemik med exempelvis Immanuel Wallerstein, som mer tryckt p\u00e5 handelns globalisering. Markus Christian Hansen resonerar kring Brenners analytiska ansats \u2013 <em>Fr\u00e5n feodalismen till kapitalismen.<\/em><\/p>\n\n\n\n<p>Hamas terrorattack 7 oktober slog en v\u00e4rld med h\u00e4pnad, att den hypermoderna israeliska f\u00f6rsvarsmakten s\u00e5 uppenbart togs p\u00e5 s\u00e4ngen. Eyal Weizman ger oss en initierad f\u00f6rst\u00e5else av bakgrunden till Hamas v\u00e5ldsamma framfart utan att p\u00e5 n\u00e5got s\u00e4tt f\u00f6rsvara dess handlande: \u201dInget i historiens f\u00f6reg\u00e5ende v\u00e5ld eller repression kan r\u00e4ttf\u00e4rdiga d\u00e5d av detta slag\u201d \u2013 <em>M\u00e4nsklig v\u00e4xelkurs<\/em><\/p>\n\n\n\n<p>I R\u00f6da Rummet 2-3\/23 l\u00e4t vi fyra skribenter ur skilda vinklar sk\u00e4rsk\u00e5da St\u00e5le Holgersens bok Krisernas tid. Ekologi och ekonomi under kapitalismen. I 4\/23 gick sedan St\u00e5le i svarom\u00e5l. H\u00e4r g\u00f6r Johan \u00d6restig en avslutande och fram\u00e5tsyftande kommentar d\u00e4r han bland annat tar upp n\u00f6dv\u00e4ndigheten av att kombinera v\u00e4l utvecklade teoretiska utg\u00e5ngspunkter och politisk praktik, den sv\u00e5ra balansg\u00e5ngen mellan radikalitet och pragmatism samt samverkan mellan skilda r\u00f6relser \u2013 <em>Den ekosocialistiska teorins och praktikens v\u00e4xelspel<\/em><\/p>\n\n\n\n<p>28 oktober genomf\u00f6rdes Radikalt forum i G\u00f6teborg med R\u00f6da Rummet som medarrang\u00f6r. En av otaliga programpunkter handlade om h\u00f6gerradikalismen i v\u00e5r tid, vilken Patrik Vulkan h\u00e4r \u00e4gnar en s\u00e4rskild kommentar \u2013 <em>H\u00f6gerradikal strategi och praktik.<\/em><\/p>\n\n\n\n<p><strong>God Jul och ett gott nytt \u00e5r!<br>Vi ses igen!<\/strong><\/p>\n","protected":false},"excerpt":{"rendered":"<p>K\u00e4ra l\u00e4sare Den trotskistiska traditionen, i form av en ansluten sektion till Fj\u00e4rde Internationalen, slog rot i Sverige i samband med v\u00e4nsteruppsvinget i slutet av 1960-talet. Revolution\u00e4ra Socialistiska Partiet (RSP) hade tidigare st\u00e5tt f\u00f6r ett kortvarigt f\u00f6rs\u00f6k runt 1950, men &hellip; <a href=\"https:\/\/www.rodarummet.org\/web\/2023\/12\/21\/roda-rummet-nr-5-23-som-pdf\/\">Forts\u00e4tt l\u00e4sa <span class=\"meta-nav\">&rarr;<\/span><\/a><\/p>\n","protected":false},"author":1,"featured_media":0,"comment_status":"closed","ping_status":"open","sticky":false,"template":"","format":"standard","meta":{"jetpack_post_was_ever_published":false,"_jetpack_newsletter_access":"","_jetpack_dont_email_post_to_subs":false,"_jetpack_newsletter_tier_id":0,"_jetpack_memberships_contains_paywalled_content":false,"_jetpack_memberships_contains_paid_content":false,"footnotes":"","jetpack_publicize_message":"","jetpack_publicize_feature_enabled":true,"jetpack_social_post_already_shared":true,"jetpack_social_options":{"image_generator_settings":{"template":"highway","default_image_id":0,"font":"","enabled":false},"version":2}},"categories":[1],"tags":[1580,185,1582,906,1583,1581,1334,934],"class_list":["post-3690","post","type-post","status-publish","format-standard","hentry","category-okategoriserade","tag-eyal-weizman","tag-fjarde-internationalen","tag-immanuel-wallerstein","tag-johan-orestig","tag-markus-christian-hansen","tag-olle-uppenberg","tag-patrik-vulkan","tag-robert-brenner"],"jetpack_publicize_connections":[],"jetpack_featured_media_url":"","jetpack_sharing_enabled":true,"jetpack_shortlink":"https:\/\/wp.me\/pRzA9-Xw","_links":{"self":[{"href":"https:\/\/www.rodarummet.org\/web\/wp-json\/wp\/v2\/posts\/3690","targetHints":{"allow":["GET"]}}],"collection":[{"href":"https:\/\/www.rodarummet.org\/web\/wp-json\/wp\/v2\/posts"}],"about":[{"href":"https:\/\/www.rodarummet.org\/web\/wp-json\/wp\/v2\/types\/post"}],"author":[{"embeddable":true,"href":"https:\/\/www.rodarummet.org\/web\/wp-json\/wp\/v2\/users\/1"}],"replies":[{"embeddable":true,"href":"https:\/\/www.rodarummet.org\/web\/wp-json\/wp\/v2\/comments?post=3690"}],"version-history":[{"count":5,"href":"https:\/\/www.rodarummet.org\/web\/wp-json\/wp\/v2\/posts\/3690\/revisions"}],"predecessor-version":[{"id":3697,"href":"https:\/\/www.rodarummet.org\/web\/wp-json\/wp\/v2\/posts\/3690\/revisions\/3697"}],"wp:attachment":[{"href":"https:\/\/www.rodarummet.org\/web\/wp-json\/wp\/v2\/media?parent=3690"}],"wp:term":[{"taxonomy":"category","embeddable":true,"href":"https:\/\/www.rodarummet.org\/web\/wp-json\/wp\/v2\/categories?post=3690"},{"taxonomy":"post_tag","embeddable":true,"href":"https:\/\/www.rodarummet.org\/web\/wp-json\/wp\/v2\/tags?post=3690"}],"curies":[{"name":"wp","href":"https:\/\/api.w.org\/{rel}","templated":true}]}}