{"id":3706,"date":"2023-12-22T15:50:08","date_gmt":"2023-12-22T14:50:08","guid":{"rendered":"http:\/\/www.rodarummet.org\/web\/?p=3706"},"modified":"2023-12-22T15:50:08","modified_gmt":"2023-12-22T14:50:08","slug":"hogerradikal-strategi-och-taktik","status":"publish","type":"post","link":"https:\/\/www.rodarummet.org\/web\/2023\/12\/22\/hogerradikal-strategi-och-taktik\/","title":{"rendered":"H\u00f6gerradikal strategi och taktik"},"content":{"rendered":"\n<figure class=\"wp-block-image size-large is-resized\"><a href=\"http:\/\/www.rodarummet.org\/web\/wp-content\/uploads\/2023\/12\/RF-Wag-m-fl-3-red-scaled.jpg\"><img loading=\"lazy\" decoding=\"async\" width=\"1024\" height=\"622\" src=\"http:\/\/www.rodarummet.org\/web\/wp-content\/uploads\/2023\/12\/RF-Wag-m-fl-3-red-1024x622.jpg\" alt=\"\" class=\"wp-image-3707\" style=\"width:424px;height:auto\" srcset=\"https:\/\/www.rodarummet.org\/web\/wp-content\/uploads\/2023\/12\/RF-Wag-m-fl-3-red-1024x622.jpg 1024w, https:\/\/www.rodarummet.org\/web\/wp-content\/uploads\/2023\/12\/RF-Wag-m-fl-3-red-300x182.jpg 300w, https:\/\/www.rodarummet.org\/web\/wp-content\/uploads\/2023\/12\/RF-Wag-m-fl-3-red-768x467.jpg 768w, https:\/\/www.rodarummet.org\/web\/wp-content\/uploads\/2023\/12\/RF-Wag-m-fl-3-red-1536x933.jpg 1536w, https:\/\/www.rodarummet.org\/web\/wp-content\/uploads\/2023\/12\/RF-Wag-m-fl-3-red-2048x1244.jpg 2048w\" sizes=\"auto, (max-width: 1024px) 100vw, 1024px\" \/><\/a><\/figure>\n\n\n\n<p><strong>Den 28:e oktober genomf\u00f6rdes Radikalt Forum i G\u00f6teborg, en politisk heldag med f\u00f6redrag, panelsamtal och diskussioner, vilket var ett gemensamt arrangemang av R\u00f6da Rummet, Clart\u00e9, Flamman, Fronesis, Ord&amp;Bild och Tidskriftsverkstan. Syftet \u00e4r att skapa ett \u00e5terkommande forum d\u00e4r radikal politik f\u00f6r hela v\u00e4nsterr\u00f6relsen kan diskuteras.<br>En av programpunkterna var rubricerad <em>H\u00f6gerradikal strategi och taktik i finanskrisens k\u00f6lvatten<\/em>. Patrik Vulkan sammanfattar diskussionen.<\/strong><\/p>\n\n\n\n<p>P\u00e5 Radikalt Forum i G\u00f6teborg i oktober var en av programpunkterna ett panelsamtal om den h\u00f6gerradikala r\u00f6relsens framv\u00e4xt i Sverige. Panelen bestod av Anton T\u00f6rnberg, sociolog vid G\u00f6teborgs universitet som forskar p\u00e5 h\u00f6gerextrema r\u00f6relser, Mathias W\u00e5g, gr\u00e4vande journalist och aktivist, samt Myra \u00c5hbeck \u00d6hrman, debatt\u00f6r och mediaprofil. I detta samtal \u00e5sk\u00e5dliggjordes hur den h\u00f6gerradikala milj\u00f6n genomg\u00e5tt, och genomg\u00e5r en utveckling som \u00e5 ena sidan kan framst\u00e5 som mots\u00e4gelsefull men samtidigt effektiv f\u00f6r m\u00e5let att genomdriva h\u00f6gerradikal politik. I samtalet belystes vad denna best\u00e5r av samt vad v\u00e4nstern kan g\u00f6ra f\u00f6r att motverka den men ocks\u00e5 l\u00e4ra sig av utvecklingen.<\/p>\n\n\n\n<!--more-->\n\n\n\n<p><strong>Smalare men mer generell<\/strong><br>Den mots\u00e4gelsefulla utvecklingen \u00e4r att den h\u00f6gerradikala r\u00f6relsen smalnats av men samtidigt generaliserats. Den har smalnat av i den mening att skinheadskulturen och h\u00f6gerextrema grupper minskat markant sedan 90-talet. Grupper som Svenska Motst\u00e5ndsr\u00f6relsen har marginaliserats. Ett randfenomen \u00e4r tillkomsten av s\u00e5 kallade aktivklubbar, d\u00e4r h\u00f6gerextrema samlas kring styrke- och kampsportstr\u00e4ning, vilket dock s\u00e4llan verkar leda till n\u00e5gon politisk handling. Samtidigt har det skett en generalisering. Delar av det som tidigare ans\u00e5gs h\u00f6gerextremt, b\u00e5de i form av politik och symboler, har nu blivit mainstream och lockar personer l\u00e5ngt bortom en h\u00f6gerradikal k\u00e4rna. R\u00f6relsen har till stor del blivit digital.<\/p>\n\n\n\n<p>Det som idag \u00e4r den h\u00f6gerradikala r\u00f6relsen saknar d\u00e4rmed en klassisk insida, i form av fysiska m\u00f6ten mellan personer, fysiska attiraljer i form av t-shirts och k\u00e4ngor f\u00f6r att skapa ett vi. Den aktivering och radikalisering som sker tar dock nya v\u00e4gar p\u00e5 internet, genom vilket spr\u00e5k man anv\u00e4nder; genom vilka memes man delar.<\/p>\n\n\n\n<p>Detta f\u00e5r konsekvenser f\u00f6r kollektiv handling, d\u00e4r vi finner n\u00e4sta, till synes, mots\u00e4gelsefulla utveckling. \u00c5 ena sidan har traditionella manifestationer i form av demonstrationer och gruppers manifestationer f\u00f6rsvagats, \u00e5 andra sidan en r\u00f6relse som fr\u00e4mst agerar p\u00e5 n\u00e4tet och numera g\u00e5tt in i ett &#8221;sv\u00e4rml\u00e4ge&#8221;: r\u00f6relsen best\u00e5r numera av individer och sm\u00e5 grupperingar som agerar utan central styrning. N\u00e4r h\u00f6gerextremt v\u00e5ld beg\u00e5s \u00e4r det nuf\u00f6rtiden ofta utf\u00f6rt av enskilda individer eller ett f\u00e5tal som radikaliserats genom n\u00e4tet, utan att en st\u00f6rre organisation beordrat det. Det som ibland beskrivs som den Sverigev\u00e4nliga r\u00f6relsen \u00e4r ingen folkr\u00f6relse och har ingen aktiv struktur annat \u00e4n p\u00e5 n\u00e4tet, d\u00e5 fr\u00e4mst i form av olika alternativmedier. P\u00e5 internet har de dock en stor inflytande n\u00e4r det kommer till att forma samtal och den politiska agendan. Detta kan ske genom de m\u00e5nga alternativmediernas skildring av samh\u00e4llets tillst\u00e5nd eller h\u00f6gervridning av sociala medier. Men \u00e4ven inom exempelvis gamingkulturen, d\u00e4r m\u00e5nga barn och i synnerhet unga pojkar spenderar mycket tid, \u00e4r h\u00f6gerextrema \u00e5sikter i chatfunktionerna mer regel \u00e4n undantag.<\/p>\n\n\n\n<p><strong>SD helt centrala<\/strong><br>Utvecklingen m\u00e5ste \u00e4ven f\u00f6rst\u00e5s genom den helt centrala roll som Sverigedemokraterna spelar f\u00f6r den h\u00f6gerextrema r\u00f6relsen. Det \u00e4r inom SD som den tydligaste politiska organiseringen finns, d\u00e4r valet 2018 visade att de h\u00f6gerradikala alternativen till SD helt kollapsat som f\u00f6rs\u00f6k till partier. SD verkar ocks\u00e5 som en plantskola f\u00f6r den bredare r\u00f6relsen d\u00e5 alla vid n\u00e5gon tidpunkt varit med d\u00e4r och formats av partiet. I och med Tid\u00f6avtalet har partiet f\u00e5tt en stabil parlamentarisk maktposition. \u00d6vriga h\u00f6gerpartier \u00e4r nu helt beroende av SD f\u00f6r regeringsunderlaget och ger SD frikort f\u00f6r utspel som partiet tidigare avstod fr\u00e5n f\u00f6r att framst\u00e5 som salongsf\u00e4higa. Utvecklingen har snarare gett SD m\u00f6jlighet att \u00e5ter knyta kontakt med extremh\u00f6gern igen.<\/p>\n\n\n\n<p>SD har allts\u00e5 varit oerh\u00f6rt effektiva i att normalisera h\u00f6gerextrem politik och f\u00f6rskjuta hela den politiska debatten. Partiet gynnas ocks\u00e5 av att de har ett s\u00e5 pass oreserverat st\u00f6d fr\u00e5n den h\u00f6gerradikala r\u00f6relsen, ett st\u00f6d som till stor del beror p\u00e5 att SD aldrig tar avst\u00e5nd fr\u00e5n den. Mycket av det som kan se ut som SD:s snabba agendas\u00e4ttande \u00e4r \u00e4ven att de v\u00e4ldigt aktivt anammar vad de m\u00e4rker kommer upp inom r\u00f6relsen. R\u00f6relsen har, \u00e4ven i decentraliserat tillst\u00e5nd, tv\u00e5 tydliga tendenser. Den ena som arbetar in\u00e5t, fr\u00e4mst gentemot den allm\u00e4nna h\u00f6gern f\u00f6r att bereda mark f\u00f6r ett borgerligt samarbete med SD, s\u00e5 att de \u00e4nnu tydligare kan driva igenom sin politik. Den andra tendensen som ut\u00e5t f\u00f6rs\u00f6ker f\u00f6rskjuta gr\u00e4nsen f\u00f6r vad som \u00e4r det politiskt acceptabla p\u00e5 h\u00f6gerkanten. H\u00e4r kan enskilda individer i r\u00f6relsen f\u00e5 stort inflytande. Enskilda provokat\u00f6rer kan starkt p\u00e5verka alternativmedier. Dessa i sin tur kan tydligt p\u00e5verka SD:s politik, och den nuvarande regeringen \u00e4r beroende av SD och villig till att anpassa sig till deras politik och utspel. P\u00e5 s\u00e5 s\u00e4tt spelar den h\u00f6gerradikala r\u00f6relsen en stor roll i att f\u00f6rskjuta den allm\u00e4nna politiken h\u00f6gerut.<\/p>\n\n\n\n<p><strong>Strategier mot v\u00e4nstern<\/strong><br>Den h\u00f6gerradikala r\u00f6relsen har allts\u00e5 ett skenbart mots\u00e4gelsefullt men i sj\u00e4lva verket symbiotiskt f\u00f6rh\u00e5llande med SD och \u00e4ven i det sv\u00e4rmtillst\u00e5nd r\u00f6relsen befinner sig i framkommer tydliga och \u00e5terkommande strategier. Mot v\u00e4nstern har man, i synnerhet efter valet 2018, alltmer b\u00f6rjat f\u00f6rlita sig p\u00e5 trakasserier och vad man kan likna vid sociala \u00f6verbelastningsattacker mot b\u00e5de organisationer och individer. Alternativmedia har sedan tidigare piskat upp st\u00e4mningen genom sin skildring av samh\u00e4llet. Genom sidor som Avmaskerat, V\u00e4nsterkoll och Exakt24 \u00e4r m\u00e5let mer explicit att kartl\u00e4gga och trakassera, vilket drabbat Expo, Interasistmen och Researchgruppen likv\u00e4l som enskilda individer, exempelvis Tobias H\u00fcbinette som blev utm\u00e5lad som \u201dwoke-v\u00e4nstern\u201d inom universitetsv\u00e4rlden och d\u00e4rmed en m\u00e5ltavla. Det senaste greppet \u00e4r massiva och \u00e5terkommande f\u00f6rtalsst\u00e4mningar, vilket Mattias W\u00e5g sj\u00e4lv blivit utsatt f\u00f6r. Allt som oftast blir dessa h\u00e4ndelser i sig ocks\u00e5 en del av extremh\u00f6gerns mediala bevakning, vilket blir ett ytterligare lager av trakasseri. Detta sker allts\u00e5 i samspel med SD:s v\u00e4xande politiska inflytande och utspel, s\u00e5som deras kampanj mot folkbildning och universiteten (vi b\u00f6r allts\u00e5 r\u00e4kna med att den f\u00f6r\u00e4ndring av tills\u00e4ttningen av universitetsstyrelser som drevs igenom kommer att leda till f\u00f6rs\u00f6k till mer explicit politisk styrning av universiteten).<br><\/p>\n\n\n\n<p>Mot detta skulle man dock kunna inv\u00e4nda att utvecklingen snarare \u00e4r ett tecken p\u00e5 extremh\u00f6gerns svaghet. \u00c4r det inte positivt att de i stort upph\u00f6rt som r\u00f6relse som misshandlar folk p\u00e5 gatorna och numera mest finns p\u00e5 n\u00e4tet? I viss m\u00e5n \u00e4r det s\u00e5, men det r\u00e5dande tillst\u00e5ndet visar \u00e4ven att detta uppl\u00f6sta sv\u00e4rmtillst\u00e5nd kan leda till v\u00e5ld. I sin forskning visade Anton T\u00f6rnberg hur n\u00e4rvaron av h\u00f6gerextrem propaganda, tillsammans med m\u00e5nga SD-r\u00f6ster p\u00e5 lokal niv\u00e5 samt manifestationer mot flyktingboenden, var de tre n\u00f6dv\u00e4ndiga inslagen f\u00f6r att individer skulle ta steget till att anl\u00e4gga br\u00e4nder. Likas\u00e5 har det visat sig att de v\u00e4nsterorganisationer som varit utsatta f\u00f6r omfattande trakasserier varit ytterst n\u00e4ra att \u00e4ven uts\u00e4ttas f\u00f6r regelr\u00e4tta terrorhandlingar. Den nuvarande r\u00f6relsen kan allts\u00e5 leda till mer extrema handlingar, och \u00e4r i sig en f\u00f6ruts\u00e4ttning f\u00f6r det.<\/p>\n\n\n<div class=\"wp-block-image\">\n<figure class=\"alignright size-full is-resized\"><a href=\"http:\/\/www.rodarummet.org\/web\/wp-content\/uploads\/2023\/12\/greven.jpg\"><img loading=\"lazy\" decoding=\"async\" width=\"851\" height=\"866\" src=\"http:\/\/www.rodarummet.org\/web\/wp-content\/uploads\/2023\/12\/greven.jpg\" alt=\"\" class=\"wp-image-3712\" style=\"width:305px;height:auto\" srcset=\"https:\/\/www.rodarummet.org\/web\/wp-content\/uploads\/2023\/12\/greven.jpg 851w, https:\/\/www.rodarummet.org\/web\/wp-content\/uploads\/2023\/12\/greven-295x300.jpg 295w, https:\/\/www.rodarummet.org\/web\/wp-content\/uploads\/2023\/12\/greven-768x782.jpg 768w\" sizes=\"auto, (max-width: 851px) 100vw, 851px\" \/><\/a><\/figure>\n<\/div>\n\n\n<p><strong>Vad kan v\u00e4nstern g\u00f6ra?<\/strong><br>Under samtalet lyftes ocks\u00e5 vad v\u00e4nstern kan g\u00f6ra f\u00f6r att mota denna utveckling. Den h\u00f6gerextrema utvecklingens framg\u00e5ng kan delvis tillskrivas v\u00e4nstern bristande analys och agerande. Dels handlar det om att man underskattat den roll och styrka som finns i en stark n\u00e4rvaro p\u00e5 n\u00e4tet, vilket v\u00e4nstern inte tagit p\u00e5 allvar och d\u00e4rmed fortfarande inte lyckats mobilisera i motsvarande grad. Det finns idag ett helt ekosystem av radikalh\u00f6ger p\u00e5 n\u00e4tet som m\u00e5nga l\u00e5ngt utanf\u00f6r r\u00f6relsens k\u00e4rna kommer i kontakt med och p\u00e5verkas av. Extremh\u00f6gerns n\u00e4rvaro p\u00e5 TikTok eller inom gamingkulturen har exempelvis ingen motsvarighet inom v\u00e4nstern. V\u00e4nsterns strategi har \u00e4ven i f\u00f6r stor utstr\u00e4ckning pr\u00e4glats av id\u00e9n att extremh\u00f6gern v\u00e4xer och frodas i ekokammare och filterbubblor, som kan brytas genom debatt d\u00e4r man med fakta och logik ska f\u00e5 personer att ifr\u00e5gas\u00e4tta sin \u00f6vertygelse. Extremh\u00f6gerns identitet och radikalisering \u00e4r dock tydligt beroende av dess motst\u00e5ndares argument, det \u00e4r i kontrast till dessa som man radikaliseras. Att \u201dta debatten\u201d \u00e4r ocks\u00e5 vanskligt med en r\u00f6relse vars uppenbara m\u00e5l \u00e4r att trakassera sina motst\u00e5ndare. Det \u00e5terst\u00e5r allts\u00e5 f\u00f6r v\u00e4nstern att bygga en p\u00e5taglig och stabil n\u00e4rvaro p\u00e5 n\u00e4tet, och som d\u00e5 inte ska ha till syfte att f\u00f6rs\u00f6ka ta debatten, utan i egen r\u00e4tt \u00f6vertyga som ett politiskt alternativ.<\/p>\n\n\n\n<p>V\u00e4nstern har som styrka att den p\u00e5 ett helt annat s\u00e4tt kan mobilisera sina resurser genom faktisk fysisk n\u00e4rvaro. Problemet \u00e4r att v\u00e4nstern allt som oftast upph\u00f6r att agera n\u00e4r denna mobilisering har skett, medan den radikala h\u00f6gern \u00e4r mycket b\u00e4ttre p\u00e5 att g\u00f6ra sina politiska h\u00e4ndelser relevanta, att de blir meningsskapande och driver r\u00f6relsen fram\u00e5t. Konkret kan det handla om att de f\u00e5r en tydlig \u201dspinn\u201d p\u00e5 sina provokationer, som leder till ytterligare engagemang p\u00e5 n\u00e4tet. Principiellt handlar det allts\u00e5 om att g\u00e5 vidare med det man byggt upp eller mobiliserat. Detta \u00e4r n\u00e5got som v\u00e4nstern b\u00f6r l\u00e4ra sig av. Att exempelvis organisera motdemonstrationer n\u00e4r det protesteras mot flyktingboende och aktivt anv\u00e4nda dessa demonstrationer som uttryck f\u00f6r att driva politik mot h\u00f6gern och SD p\u00e5 lokal niv\u00e5 \u00e4r sannolikt ett effektivt verktyg f\u00f6r att motverka att br\u00e4nder mot flyktingboenden sker.<\/p>\n\n\n\n<p>Delar av v\u00e4nstern \u00e4r i nul\u00e4get v\u00e4ldigt \u00e4ngslig och agerar ytterst defensivt i relation till den bredare v\u00e4nsterr\u00f6relsen. ABF har till exempel begr\u00e4nsat sin verksamhet utifr\u00e5n en r\u00e4dsla att framst\u00e5 som f\u00f6r politisk eller \u201dv\u00e4nsterextrem\u201d. Utveckling av den h\u00f6gerradikala r\u00f6relsens agenda visar dock p\u00e5 att allt kan politiseras, att avgr\u00e4nsa sig \u00e4r d\u00e4rmed inget skydd fr\u00e5n den anklagelsen. Om n\u00e5got borde ABF snarare aktivt verka f\u00f6r den enorma m\u00e5ngfald som man faktiskt har och som kan finnas inom bildningsf\u00f6rbundet, vilket om n\u00e5got \u00e4r ett mycket b\u00e4ttre s\u00e4tt att m\u00f6te dessa anklagelser. V\u00e4nsterpartiet f\u00f6rh\u00e5ller sig mycket mer centraliserat i relation till den bredare v\u00e4nstern, och vill fr\u00e4mst synas och verka i sammanhang som den helt kontrollerar och tar initiativ till. VP skulle kunna st\u00e4rka sig sj\u00e4lva, och v\u00e4nstern, om partiet i st\u00f6rre utstr\u00e4ckning v\u00e5gade bli inspirerat av, och ibland l\u00e5ta sig r\u00f6ras i den riktning som v\u00e4nsterr\u00f6relsen stakar ut.<\/p>\n\n\n\n<p><strong>Patrik Vulkan<\/strong> \u00e4r lektor i sociologi med inriktning mot arbetsmarknad och v\u00e4lf\u00e4rdsstat.<\/p>\n","protected":false},"excerpt":{"rendered":"<p>Den 28:e oktober genomf\u00f6rdes Radikalt Forum i G\u00f6teborg, en politisk heldag med f\u00f6redrag, panelsamtal och diskussioner, vilket var ett gemensamt arrangemang av R\u00f6da Rummet, Clart\u00e9, Flamman, Fronesis, Ord&amp;Bild och Tidskriftsverkstan. Syftet \u00e4r att skapa ett \u00e5terkommande forum d\u00e4r radikal politik &hellip; <a href=\"https:\/\/www.rodarummet.org\/web\/2023\/12\/22\/hogerradikal-strategi-och-taktik\/\">Forts\u00e4tt l\u00e4sa <span class=\"meta-nav\">&rarr;<\/span><\/a><\/p>\n","protected":false},"author":1,"featured_media":0,"comment_status":"closed","ping_status":"open","sticky":false,"template":"","format":"standard","meta":{"jetpack_post_was_ever_published":false,"_jetpack_newsletter_access":"","_jetpack_dont_email_post_to_subs":false,"_jetpack_newsletter_tier_id":0,"_jetpack_memberships_contains_paywalled_content":false,"_jetpack_memberships_contains_paid_content":false,"footnotes":"","jetpack_publicize_message":"","jetpack_publicize_feature_enabled":true,"jetpack_social_post_already_shared":true,"jetpack_social_options":{"image_generator_settings":{"template":"highway","default_image_id":0,"font":"","enabled":false},"version":2}},"categories":[1],"tags":[1532,1533,1542,1334,1586],"class_list":["post-3706","post","type-post","status-publish","format-standard","hentry","category-okategoriserade","tag-anton-tornberg","tag-mathias-wag","tag-myra-ahbeck-ohrman","tag-patrik-vulkan","tag-radikalt-forum"],"jetpack_publicize_connections":[],"jetpack_featured_media_url":"","jetpack_sharing_enabled":true,"jetpack_shortlink":"https:\/\/wp.me\/pRzA9-XM","_links":{"self":[{"href":"https:\/\/www.rodarummet.org\/web\/wp-json\/wp\/v2\/posts\/3706","targetHints":{"allow":["GET"]}}],"collection":[{"href":"https:\/\/www.rodarummet.org\/web\/wp-json\/wp\/v2\/posts"}],"about":[{"href":"https:\/\/www.rodarummet.org\/web\/wp-json\/wp\/v2\/types\/post"}],"author":[{"embeddable":true,"href":"https:\/\/www.rodarummet.org\/web\/wp-json\/wp\/v2\/users\/1"}],"replies":[{"embeddable":true,"href":"https:\/\/www.rodarummet.org\/web\/wp-json\/wp\/v2\/comments?post=3706"}],"version-history":[{"count":5,"href":"https:\/\/www.rodarummet.org\/web\/wp-json\/wp\/v2\/posts\/3706\/revisions"}],"predecessor-version":[{"id":3713,"href":"https:\/\/www.rodarummet.org\/web\/wp-json\/wp\/v2\/posts\/3706\/revisions\/3713"}],"wp:attachment":[{"href":"https:\/\/www.rodarummet.org\/web\/wp-json\/wp\/v2\/media?parent=3706"}],"wp:term":[{"taxonomy":"category","embeddable":true,"href":"https:\/\/www.rodarummet.org\/web\/wp-json\/wp\/v2\/categories?post=3706"},{"taxonomy":"post_tag","embeddable":true,"href":"https:\/\/www.rodarummet.org\/web\/wp-json\/wp\/v2\/tags?post=3706"}],"curies":[{"name":"wp","href":"https:\/\/api.w.org\/{rel}","templated":true}]}}