{"id":3803,"date":"2024-04-24T09:00:00","date_gmt":"2024-04-24T08:00:00","guid":{"rendered":"http:\/\/www.rodarummet.org\/web\/?p=3803"},"modified":"2024-05-08T18:35:36","modified_gmt":"2024-05-08T17:35:36","slug":"tema-familjen","status":"publish","type":"post","link":"https:\/\/www.rodarummet.org\/web\/2024\/04\/24\/tema-familjen\/","title":{"rendered":"Tema Familjen"},"content":{"rendered":"<div class=\"wp-block-image\">\n<figure class=\"alignright size-full is-resized\"><a href=\"http:\/\/www.rodarummet.org\/web\/wp-content\/uploads\/2024\/05\/Tema-familjen-v2.pdf\" target=\"_blank\" rel=\"noreferrer noopener\"><img loading=\"lazy\" decoding=\"async\" width=\"593\" height=\"898\" src=\"http:\/\/www.rodarummet.org\/web\/wp-content\/uploads\/2024\/05\/Etta-tema-Familjen.jpg\" alt=\"\" class=\"wp-image-3804\" style=\"width:365px;height:auto\" srcset=\"https:\/\/www.rodarummet.org\/web\/wp-content\/uploads\/2024\/05\/Etta-tema-Familjen.jpg 593w, https:\/\/www.rodarummet.org\/web\/wp-content\/uploads\/2024\/05\/Etta-tema-Familjen-198x300.jpg 198w\" sizes=\"auto, (max-width: 593px) 100vw, 593px\" \/><\/a><\/figure>\n<\/div>\n\n\n<p>\u201d<strong>Om nu k\u00e4rnfamiljen \u00e4r s\u00e5 j\u00e4vla fet &#8211; varf\u00f6r beh\u00f6ver den s\u00e5 mycket propaganda?\u201d<\/strong><\/p>\n\n\n\n<p>Fr\u00e5gan ovan st\u00e4lldes en g\u00e5ng av serietecknaren Liv Str\u00f6mquist och s\u00e4tter ord p\u00e5 en paradox i den \u00e5terkommande debatten om familjen. \u00c5 ena sidan framst\u00e4lls familjen som en naturlig och privat form f\u00f6r samlevnad som uppst\u00e5r spontant och bidrar till stabilitet och harmoni i samh\u00e4llet. \u00c5 andra sidan framst\u00e4lls familjen, trots att den \u00e4r s\u00e5 naturlig, som undergr\u00e4vd, hotad och i behov av f\u00f6rsvar. I denna diskussion pekas feminismen och v\u00e4nstern ut som tillh\u00f6rande de krafter som underminerar familjen. F\u00f6r konservativa \u00e4r synden att feminismen och v\u00e4nstern smittar samh\u00e4llet med sina id\u00e9er om sexuell frigjordhet och uppl\u00f6sning av k\u00f6nsidentiteter. F\u00f6r liberaler \u00e4r brottet att familjen, som ju h\u00f6r till den privata sf\u00e4ren, behandlas som en politisk fr\u00e5ga. Men \u00e4r det verkligen sj\u00e4lvklart hur feminismen och v\u00e4nstern ser p\u00e5 fr\u00e5gor som vad familjen har varit, \u00e4r och kan vara?<br>I detta temanummer av R\u00f6da Rummet publicerar vi ett antal texter som p\u00e5 olika s\u00e4tt f\u00f6rdjupar debatten om familjen och visar p\u00e5 debatter som p\u00e5g\u00e5r inom feminismen och v\u00e4nstern.<\/p>\n\n\n\n<p><strong>Klicka p\u00e5 bilden f\u00f6r att l\u00e4sa temanumret<\/strong><\/p>\n","protected":false},"excerpt":{"rendered":"<p>\u201dOm nu k\u00e4rnfamiljen \u00e4r s\u00e5 j\u00e4vla fet &#8211; varf\u00f6r beh\u00f6ver den s\u00e5 mycket propaganda?\u201d Fr\u00e5gan ovan st\u00e4lldes en g\u00e5ng av serietecknaren Liv Str\u00f6mquist och s\u00e4tter ord p\u00e5 en paradox i den \u00e5terkommande debatten om familjen. \u00c5 ena sidan framst\u00e4lls familjen &hellip; <a href=\"https:\/\/www.rodarummet.org\/web\/2024\/04\/24\/tema-familjen\/\">Forts\u00e4tt l\u00e4sa <span class=\"meta-nav\">&rarr;<\/span><\/a><\/p>\n","protected":false},"author":1,"featured_media":0,"comment_status":"closed","ping_status":"open","sticky":false,"template":"","format":"standard","meta":{"jetpack_post_was_ever_published":false,"_jetpack_newsletter_access":"","_jetpack_dont_email_post_to_subs":false,"_jetpack_newsletter_tier_id":0,"_jetpack_memberships_contains_paywalled_content":false,"_jetpack_memberships_contains_paid_content":false,"footnotes":"","jetpack_publicize_message":"","jetpack_publicize_feature_enabled":true,"jetpack_social_post_already_shared":true,"jetpack_social_options":{"image_generator_settings":{"template":"highway","default_image_id":0,"font":"","enabled":false},"version":2}},"categories":[14,1],"tags":[1399,1554,1071,1459,1242],"class_list":["post-3803","post","type-post","status-publish","format-standard","hentry","category-feminism","category-okategoriserade","tag-angela-davis","tag-avskaffa-familjen","tag-evelina-johansson-wilen","tag-familjekritik","tag-lotte-schack"],"jetpack_publicize_connections":[],"jetpack_featured_media_url":"","jetpack_sharing_enabled":true,"jetpack_shortlink":"https:\/\/wp.me\/pRzA9-Zl","_links":{"self":[{"href":"https:\/\/www.rodarummet.org\/web\/wp-json\/wp\/v2\/posts\/3803","targetHints":{"allow":["GET"]}}],"collection":[{"href":"https:\/\/www.rodarummet.org\/web\/wp-json\/wp\/v2\/posts"}],"about":[{"href":"https:\/\/www.rodarummet.org\/web\/wp-json\/wp\/v2\/types\/post"}],"author":[{"embeddable":true,"href":"https:\/\/www.rodarummet.org\/web\/wp-json\/wp\/v2\/users\/1"}],"replies":[{"embeddable":true,"href":"https:\/\/www.rodarummet.org\/web\/wp-json\/wp\/v2\/comments?post=3803"}],"version-history":[{"count":1,"href":"https:\/\/www.rodarummet.org\/web\/wp-json\/wp\/v2\/posts\/3803\/revisions"}],"predecessor-version":[{"id":3806,"href":"https:\/\/www.rodarummet.org\/web\/wp-json\/wp\/v2\/posts\/3803\/revisions\/3806"}],"wp:attachment":[{"href":"https:\/\/www.rodarummet.org\/web\/wp-json\/wp\/v2\/media?parent=3803"}],"wp:term":[{"taxonomy":"category","embeddable":true,"href":"https:\/\/www.rodarummet.org\/web\/wp-json\/wp\/v2\/categories?post=3803"},{"taxonomy":"post_tag","embeddable":true,"href":"https:\/\/www.rodarummet.org\/web\/wp-json\/wp\/v2\/tags?post=3803"}],"curies":[{"name":"wp","href":"https:\/\/api.w.org\/{rel}","templated":true}]}}