{"id":3832,"date":"2024-04-24T22:03:00","date_gmt":"2024-04-24T21:03:00","guid":{"rendered":"http:\/\/www.rodarummet.org\/web\/?p=3832"},"modified":"2024-06-05T16:15:54","modified_gmt":"2024-06-05T15:15:54","slug":"tema-vanstern-och-varlden","status":"publish","type":"post","link":"https:\/\/www.rodarummet.org\/web\/2024\/04\/24\/tema-vanstern-och-varlden\/","title":{"rendered":"Tema V\u00e4nstern och v\u00e4rlden"},"content":{"rendered":"<div class=\"wp-block-image\">\n<figure class=\"alignright size-full is-resized\"><a href=\"http:\/\/www.rodarummet.org\/web\/wp-content\/uploads\/2024\/06\/Tema-Vanstern-i-Varlden.pdf\" target=\"_blank\" rel=\"noreferrer noopener\"><img loading=\"lazy\" decoding=\"async\" width=\"591\" height=\"908\" src=\"http:\/\/www.rodarummet.org\/web\/wp-content\/uploads\/2024\/06\/Etta-Vov.jpg\" alt=\"\" class=\"wp-image-3834\" style=\"width:429px;height:auto\" srcset=\"https:\/\/www.rodarummet.org\/web\/wp-content\/uploads\/2024\/06\/Etta-Vov.jpg 591w, https:\/\/www.rodarummet.org\/web\/wp-content\/uploads\/2024\/06\/Etta-Vov-195x300.jpg 195w\" sizes=\"auto, (max-width: 591px) 100vw, 591px\" \/><\/a><\/figure>\n<\/div>\n\n\n<p class=\"has-medium-font-size\">Internationalismen har alltid varit arbetarr\u00f6relsens viktigaste och kanske ocks\u00e5 mest omdebatterade fr\u00e5ga. Utan gr\u00e4ns\u00f6verskridande solidaritet mellan arbetare och f\u00f6rtryckta \u00e4r det om\u00f6jligt att rubba maktobalansen gentemot det globala kapitalet. I detta temanummer samlas texter som p\u00e5 olika s\u00e4tt lyfter fr\u00e5gor som vad vi kan l\u00e4ra oss av kamper p\u00e5 andra platser i v\u00e4rlden och hur vi kan och b\u00f6r solidarisera oss med dem. I tur och ordning r\u00f6r det sig om:<br>\u2022<br>Rojavakommitt\u00e9erna &#8211; fr\u00e5n kl\u00e4dinsamling till v\u00e4rldspolitik, skriven av Rojavakommitt\u00e9erna<br>\u2022<br>PKK:s v\u00e4g mot demokratisk socialism, skriven av Peter Wid\u00e9n<br>\u2022<br>Kurdernas kamp, PKK och Rojava, skriven av Anders Karlsson<br>\u2022<br>Oj\u00e4mn &amp; kombinerad utveckling &#8211; Fr\u00e5n Leo Trotskij till en icke-eurocentrisk marxism, skriven av Mikael Omstedt<br>\u2022<br>Er\u00f6vra flaskhalsarna,  Chris Brown i ett samtal med fackf\u00f6reningsaktivister och forskare.<\/p>\n\n\n\n<p class=\"has-medium-font-size\"><strong>Klicka p\u00e5 bilden f\u00f6r att l\u00e4sa temanumret som PDF<\/strong><\/p>\n","protected":false},"excerpt":{"rendered":"<p>Internationalismen har alltid varit arbetarr\u00f6relsens viktigaste och kanske ocks\u00e5 mest omdebatterade fr\u00e5ga. Utan gr\u00e4ns\u00f6verskridande solidaritet mellan arbetare och f\u00f6rtryckta \u00e4r det om\u00f6jligt att rubba maktobalansen gentemot det globala kapitalet. I detta temanummer samlas texter som p\u00e5 olika s\u00e4tt lyfter fr\u00e5gor &hellip; <a href=\"https:\/\/www.rodarummet.org\/web\/2024\/04\/24\/tema-vanstern-och-varlden\/\">Forts\u00e4tt l\u00e4sa <span class=\"meta-nav\">&rarr;<\/span><\/a><\/p>\n","protected":false},"author":1,"featured_media":0,"comment_status":"closed","ping_status":"open","sticky":false,"template":"","format":"standard","meta":{"jetpack_post_was_ever_published":false,"_jetpack_newsletter_access":"","_jetpack_dont_email_post_to_subs":false,"_jetpack_newsletter_tier_id":0,"_jetpack_memberships_contains_paywalled_content":false,"_jetpack_memberships_contains_paid_content":false,"footnotes":"","jetpack_publicize_message":"","jetpack_publicize_feature_enabled":true,"jetpack_social_post_already_shared":true,"jetpack_social_options":{"image_generator_settings":{"template":"highway","default_image_id":0,"font":"","enabled":false},"version":2}},"categories":[1],"tags":[],"class_list":["post-3832","post","type-post","status-publish","format-standard","hentry","category-okategoriserade"],"jetpack_publicize_connections":[],"jetpack_featured_media_url":"","jetpack_sharing_enabled":true,"jetpack_shortlink":"https:\/\/wp.me\/pRzA9-ZO","_links":{"self":[{"href":"https:\/\/www.rodarummet.org\/web\/wp-json\/wp\/v2\/posts\/3832","targetHints":{"allow":["GET"]}}],"collection":[{"href":"https:\/\/www.rodarummet.org\/web\/wp-json\/wp\/v2\/posts"}],"about":[{"href":"https:\/\/www.rodarummet.org\/web\/wp-json\/wp\/v2\/types\/post"}],"author":[{"embeddable":true,"href":"https:\/\/www.rodarummet.org\/web\/wp-json\/wp\/v2\/users\/1"}],"replies":[{"embeddable":true,"href":"https:\/\/www.rodarummet.org\/web\/wp-json\/wp\/v2\/comments?post=3832"}],"version-history":[{"count":1,"href":"https:\/\/www.rodarummet.org\/web\/wp-json\/wp\/v2\/posts\/3832\/revisions"}],"predecessor-version":[{"id":3835,"href":"https:\/\/www.rodarummet.org\/web\/wp-json\/wp\/v2\/posts\/3832\/revisions\/3835"}],"wp:attachment":[{"href":"https:\/\/www.rodarummet.org\/web\/wp-json\/wp\/v2\/media?parent=3832"}],"wp:term":[{"taxonomy":"category","embeddable":true,"href":"https:\/\/www.rodarummet.org\/web\/wp-json\/wp\/v2\/categories?post=3832"},{"taxonomy":"post_tag","embeddable":true,"href":"https:\/\/www.rodarummet.org\/web\/wp-json\/wp\/v2\/tags?post=3832"}],"curies":[{"name":"wp","href":"https:\/\/api.w.org\/{rel}","templated":true}]}}