{"id":3888,"date":"2024-07-13T15:30:00","date_gmt":"2024-07-13T14:30:00","guid":{"rendered":"http:\/\/www.rodarummet.org\/web\/?p=3888"},"modified":"2024-07-19T12:08:02","modified_gmt":"2024-07-19T11:08:02","slug":"den-roda-rosten-staller-om-till-digital-utgivning","status":"publish","type":"post","link":"https:\/\/www.rodarummet.org\/web\/2024\/07\/13\/den-roda-rosten-staller-om-till-digital-utgivning\/","title":{"rendered":"Den r\u00f6da r\u00f6sten st\u00e4ller om till digital utgivning"},"content":{"rendered":"<div class=\"wp-block-image\">\n<figure class=\"alignleft size-full is-resized\"><a href=\"https:\/\/internationalen.se\/\"><img loading=\"lazy\" decoding=\"async\" width=\"782\" height=\"552\" src=\"http:\/\/www.rodarummet.org\/web\/wp-content\/uploads\/2024\/07\/Internationalen-gatu.jpg\" alt=\"\" class=\"wp-image-3889\" style=\"width:343px;height:auto\" srcset=\"https:\/\/www.rodarummet.org\/web\/wp-content\/uploads\/2024\/07\/Internationalen-gatu.jpg 782w, https:\/\/www.rodarummet.org\/web\/wp-content\/uploads\/2024\/07\/Internationalen-gatu-300x212.jpg 300w, https:\/\/www.rodarummet.org\/web\/wp-content\/uploads\/2024\/07\/Internationalen-gatu-768x542.jpg 768w\" sizes=\"auto, (max-width: 782px) 100vw, 782px\" \/><\/a><\/figure>\n<\/div>\n\n\n<p>Vid \u00e5rsskiftet \u00e4ndrades v\u00e4rlden en aning f\u00f6r m\u00e5nga av oss. F\u00f6r f\u00f6rsta g\u00e5ngen p\u00e5 50 \u00e5r dunsar <a href=\"https:\/\/internationalen.se\/\">Internationalen<\/a> inte l\u00e4ngre ner i brevl\u00e5dan varje vecka. Liksom andra tidningar som inte kan leva p\u00e5 annonser har Internationalen under st\u00f6rre delen av sin existens varit beroende av det statliga presst\u00f6d som avskaffades i h\u00f6stas. N\u00e4r beslutet togs i riksdagen jublade h\u00f6gern. \u00c4ntligen skulle detta \u201dmediala monster\u201d dr\u00e4pas, det som kanaliserat en \u201d\u00e4lv av pengar\u201d till tidningar \u201di olika nyanser av r\u00f6tt\u201d som den SD-politiker som hade i uppdrag att presentera f\u00f6rslaget uttryckte det.<\/p>\n\n\n\n<p>Det avskaffade presst\u00f6det \u00e4r en del i den statskontrollerade h\u00f6gerkanonad som nu riktas mot allt som andas folkr\u00f6relser \u2013 alltifr\u00e5n f\u00f6rbud mot socialdemokraternas lotteriverksamhet till att folkh\u00f6gskolor s\u00e4tts p\u00e5 sv\u00e4ltkur, indraget st\u00f6d till freds- och bist\u00e5ndsorganisationer, nedsk\u00e4rningar i public service och s\u00e5 vidare.<\/p>\n\n\n\n<!--more-->\n\n\n\n<p> M\u00f6nstret \u00e4r tydligt: de som inte lydigt g\u00e5r i storf\u00f6retagens ledband ska inte heller f\u00e5 n\u00e5got st\u00f6d av den h\u00f6gerkontrollerade staten. Medielandskapet kommer \u00e4n mer att domineras av de stora borgerliga tidningarna som inte bara f\u00f6r storf\u00f6retagens talan utan sj\u00e4lva \u00e4r just storf\u00f6retag vars \u00e4gare har samma intressen och v\u00e4rderingar som vilka andra kapital\u00e4gare som helst.<br>Internationalen kan sj\u00e4lvklart inte m\u00e4ta sig med extremh\u00f6gerns trollfabriker eller den dolda miljardrullningen till PR-f\u00f6retagens lobbyverksamhet. Men just eftersom h\u00f6gerns \u00f6vertag \u00e4r s\u00e5 stort blir en r\u00f6st som v\u00e5r s\u00e5 oerh\u00f6rt viktig. En r\u00f6st som g\u00e5r p\u00e5 tv\u00e4rs mot f\u00f6retagspropagandan, mot h\u00f6gerns rasism och krigshets, som ger utrymme, st\u00f6d och argument \u00e5t gr\u00e4srotsaktivister i milj\u00f6r\u00f6relser, fackf\u00f6reningar, Palestinasolidaritet och de tusentals dagliga handlingarna av motst\u00e5nd som s\u00e4llan n\u00e5r en bredare krets. S\u00e5 vi kan naturligtvis inte ge upp Internationalen. Inte i dessa tider.<\/p>\n\n\n\n<p>Genom att g\u00e5 \u00f6ver till helt digital utgivning f\u00e5r vi rentav m\u00f6jligheter att komma ut mycket snabbare med kommentarer och analyser \u00e4n vad en tryckt veckotidning till\u00e5ter. Dessutom kan vi sprida dem utan h\u00e4nsyn till de begr\u00e4nsningar presst\u00f6dsreglerna satte.<br>Det f\u00f6ruts\u00e4tter dock ett par saker. Den absolut viktigaste \u00e4r l\u00e4sare. Det spelar ingen roll hur bra material vi publicerar (och vi \u00e4r faktiskt lite stolta \u00f6ver den niv\u00e5 vi lyckas h\u00e5lla) om det inte l\u00e4ses, sprids och diskuteras. Internationalen finns inte f\u00f6r sin egen skull utan f\u00f6r att vara ett hj\u00e4lpmedel att f\u00f6rst\u00e5 v\u00e4rlden f\u00f6r att kunna f\u00f6r\u00e4ndra den i stort och sm\u00e5tt. D\u00e4rf\u00f6r har vi beslutat att, \u00e5tminstone till en b\u00f6rjan, inte ta betalt f\u00f6r tillg\u00e5ngen till artiklarna. Det enda vi beg\u00e4r \u00e4r att l\u00e4sarna skaffar ett konto och loggar in.<br>Men vi beh\u00f6ver \u00e4ven aktiva l\u00e4sare. M\u00e4nniskor som kan skriva fr\u00e5n sin vardag eller anv\u00e4nda sina kunskaper till att kommentera och f\u00f6rklara vad som sker.<br>Det tredje, och just nu mest akuta, \u00e4r att vi beh\u00f6ver professionalisera arbetet en aning. Idag sker allt arbete utom det som g\u00e4ller sj\u00e4lva hemsidan helt ideellt. Ska vi kunna uppr\u00e4tth\u00e5lla tidningen p\u00e5 sikt beh\u00f6ver vi n\u00e5gon som arbetar med tidningen mot ers\u00e4ttning, en redaktionssekreterare som planerar, driver in artiklar, kontaktar t\u00e4nkbara skribenter och s\u00e5 vidare. Detta kr\u00e4ver pengar som bara kan komma fr\u00e5n l\u00e4sarna.<\/p>\n\n\n\n<p><strong>Kort sagt, vi beh\u00f6ver st\u00f6d fr\u00e5n er som tidigare prenumererat p\u00e5 Internationalen.<\/strong><\/p>\n\n\n\n<p>Ett f\u00f6rsta st\u00f6d \u00e4r att g\u00e5 in p\u00e5 <a href=\"https:\/\/internationalen.se\/\">internationalen.se<\/a> och skapa ett konto s\u00e5 att du kan b\u00f6rja l\u00e4sa artiklar.<br>Om du sedan kan avvara en slant \u00e4r vi v\u00e4ldigt glada. Det b\u00e4sta s\u00e4ttet \u00e4r att g\u00f6ra en st\u00e5ende \u00f6verf\u00f6ring en g\u00e5ng i m\u00e5naden, n\u00e5got som ger oss en viss m\u00f6jlighet att planera. Du kan g\u00e5 in p\u00e5 din bank och f\u00f6ra \u00f6ver valfritt belopp till konto 9960 3400 396 911 (Kampfonden) Sen klickar du i att det skall g\u00f6ras varje m\u00e5nad.<br><strong>Varje inbetalning \u00e4r sj\u00e4lvklart v\u00e4rdefull. Eng\u00e5ngsg\u00e5vor kan du ge via SP:s kampfond 39 69 1 \u2013 1 eller Swisha 123 052 4934<\/strong><\/p>\n\n\n\n<p><strong>Internationalen<\/strong><\/p>\n","protected":false},"excerpt":{"rendered":"<p>Vid \u00e5rsskiftet \u00e4ndrades v\u00e4rlden en aning f\u00f6r m\u00e5nga av oss. F\u00f6r f\u00f6rsta g\u00e5ngen p\u00e5 50 \u00e5r dunsar Internationalen inte l\u00e4ngre ner i brevl\u00e5dan varje vecka. Liksom andra tidningar som inte kan leva p\u00e5 annonser har Internationalen under st\u00f6rre delen av &hellip; <a href=\"https:\/\/www.rodarummet.org\/web\/2024\/07\/13\/den-roda-rosten-staller-om-till-digital-utgivning\/\">Forts\u00e4tt l\u00e4sa <span class=\"meta-nav\">&rarr;<\/span><\/a><\/p>\n","protected":false},"author":1,"featured_media":0,"comment_status":"closed","ping_status":"open","sticky":false,"template":"","format":"standard","meta":{"jetpack_post_was_ever_published":false,"_jetpack_newsletter_access":"","_jetpack_dont_email_post_to_subs":false,"_jetpack_newsletter_tier_id":0,"_jetpack_memberships_contains_paywalled_content":false,"_jetpack_memberships_contains_paid_content":false,"footnotes":"","jetpack_publicize_message":"","jetpack_publicize_feature_enabled":true,"jetpack_social_post_already_shared":true,"jetpack_social_options":{"image_generator_settings":{"template":"highway","default_image_id":0,"font":"","enabled":false},"version":2}},"categories":[1],"tags":[1642,1643],"class_list":["post-3888","post","type-post","status-publish","format-standard","hentry","category-okategoriserade","tag-internationalen","tag-presstod"],"jetpack_publicize_connections":[],"jetpack_featured_media_url":"","jetpack_sharing_enabled":true,"jetpack_shortlink":"https:\/\/wp.me\/pRzA9-10I","_links":{"self":[{"href":"https:\/\/www.rodarummet.org\/web\/wp-json\/wp\/v2\/posts\/3888","targetHints":{"allow":["GET"]}}],"collection":[{"href":"https:\/\/www.rodarummet.org\/web\/wp-json\/wp\/v2\/posts"}],"about":[{"href":"https:\/\/www.rodarummet.org\/web\/wp-json\/wp\/v2\/types\/post"}],"author":[{"embeddable":true,"href":"https:\/\/www.rodarummet.org\/web\/wp-json\/wp\/v2\/users\/1"}],"replies":[{"embeddable":true,"href":"https:\/\/www.rodarummet.org\/web\/wp-json\/wp\/v2\/comments?post=3888"}],"version-history":[{"count":2,"href":"https:\/\/www.rodarummet.org\/web\/wp-json\/wp\/v2\/posts\/3888\/revisions"}],"predecessor-version":[{"id":3937,"href":"https:\/\/www.rodarummet.org\/web\/wp-json\/wp\/v2\/posts\/3888\/revisions\/3937"}],"wp:attachment":[{"href":"https:\/\/www.rodarummet.org\/web\/wp-json\/wp\/v2\/media?parent=3888"}],"wp:term":[{"taxonomy":"category","embeddable":true,"href":"https:\/\/www.rodarummet.org\/web\/wp-json\/wp\/v2\/categories?post=3888"},{"taxonomy":"post_tag","embeddable":true,"href":"https:\/\/www.rodarummet.org\/web\/wp-json\/wp\/v2\/tags?post=3888"}],"curies":[{"name":"wp","href":"https:\/\/api.w.org\/{rel}","templated":true}]}}