{"id":4066,"date":"2024-10-27T19:45:00","date_gmt":"2024-10-27T18:45:00","guid":{"rendered":"http:\/\/www.rodarummet.org\/web\/?p=4066"},"modified":"2024-11-07T04:15:09","modified_gmt":"2024-11-07T03:15:09","slug":"upploppens-grunder","status":"publish","type":"post","link":"https:\/\/www.rodarummet.org\/web\/2024\/10\/27\/upploppens-grunder\/","title":{"rendered":"Upploppens grunder"},"content":{"rendered":"<div class=\"wp-block-image\">\n<figure class=\"alignleft size-full is-resized\"><a href=\"http:\/\/www.rodarummet.org\/web\/wp-content\/uploads\/2024\/11\/Creator-Montecruz-Foto.jpeg\"><img loading=\"lazy\" decoding=\"async\" width=\"750\" height=\"500\" src=\"http:\/\/www.rodarummet.org\/web\/wp-content\/uploads\/2024\/11\/Creator-Montecruz-Foto.jpeg\" alt=\"\" class=\"wp-image-4074\" style=\"width:415px;height:auto\" srcset=\"https:\/\/www.rodarummet.org\/web\/wp-content\/uploads\/2024\/11\/Creator-Montecruz-Foto.jpeg 750w, https:\/\/www.rodarummet.org\/web\/wp-content\/uploads\/2024\/11\/Creator-Montecruz-Foto-300x200.jpeg 300w\" sizes=\"auto, (max-width: 750px) 100vw, 750px\" \/><\/a><\/figure>\n<\/div>\n\n\n<p><strong>I tv\u00e5 efterf\u00f6ljande texter, av Richard Seymour respektive Anton J\u00e4ger,<br>analyseras orsakerna till sommarens rasistiska upplopp i Storbritannien.<br>H\u00e4r \u00e4r en redaktionell introduktion av diskussionen<\/strong><br>N\u00e4r det rasistiska v\u00e5ldet bryter ut, var v\u00e4nder vi blicken f\u00f6r att f\u00f6rst\u00e5 dess orsaker? N\u00e4r asyls\u00f6kande bel\u00e4gras p\u00e5 sina boenden och muslimer misshandlas, \u00e4r det ett uttryck f\u00f6r en underliggande ekonomisk frustration eller f\u00f6r just rasistiska id\u00e9er om en hotad vit \u00f6verh\u00f6ghet? N\u00e4r vi konfronteras av fascistiska mobbar, st\u00e5r vi inf\u00f6r de som egentligen borde k\u00e4mpa vid v\u00e5r sida eller n\u00e5gon s\u00e5 f\u00f6rlorad in i en v\u00e4rld av vanf\u00f6rest\u00e4llningar om folkutbyten att de inte g\u00e5r att r\u00e4dda? Den sommarvecka av pogromer som drabbade Storbritannien mellan 30 juli och 5 augusti st\u00e4llde dessa fr\u00e5gor p\u00e5 sin spets.<\/p>\n\n\n\n<!--more-->\n\n\n\n<p> Inte ens en m\u00e5nad efter att Keir Starmers Labour-parti, som idogt har rensat ut de sista resterna av Jeremy Corbyns radikalism, vann det brittiska valet exploderade v\u00e5ldet i obskyra sm\u00e5orter som s\u00e4llan tidigare n\u00e4mnts i svensk media. I Southport, en av alla de nordengelska kustst\u00e4der vars fattigdom frekvent bed\u00f6ms lika djup som i storst\u00e4dernas v\u00e4rsta utanf\u00f6rskapsomr\u00e5den, hade en ensam 17-\u00e5ring knivm\u00f6rdat tre sm\u00e5 flickor och skadat ytterligare barn och vuxna vid en dansklass med Taylor Swift-tema. N\u00e4r de falska uppgifterna att g\u00e4rningsmannen var asyls\u00f6kande spreds p\u00e5 sociala medier av stora och sm\u00e5 h\u00f6gertroll br\u00f6t de v\u00e4rsta brittiska kravallerna sedan 2011-\u00e5rs uppror mot Londonpolisen ut. Under de kommande sju dagarna tog kulturkriget en akut och h\u00f6gst materiell skepnad n\u00e4r rasistiska mobbar attackerade asyls\u00f6kanden, muslimer och varje person vars hudf\u00e4rg gjorde att de inte bed\u00f6mdes \u201dengelska\u201d nog medan antirasister, i sin tur, organiserade spontana f\u00f6rsvarsaktioner och massdemonstrationer.<\/p>\n\n\n\n<p>Till skillnad fr\u00e5n 2011-\u00e5rs kravaller kan vi inte finna n\u00e5gra radikala f\u00f6rtecken, inga f\u00f6rev\u00e4ndningar om r\u00e4ttf\u00e4rdigat v\u00e5ld. 2011 b\u00f6rjade det med demonstrationer mot rasistiskt polisv\u00e5ld i k\u00f6lvattnet av ihj\u00e4lskjutandet av Mark Duggan i Tottenham, men \u00e4ven om denna sommars insurgenter m\u00e5 ha beklagat sig \u00f6ver \u201dtwo-tier policing\u201d \u2013 id\u00e9n om att brittiska polisen behandlar vita h\u00f6gerextrema \u201ddemonstranter\u201d h\u00e5rdare \u00e4n klimataktivister och antirasister \u2013 var de som f\u00f6rs\u00f6kte br\u00e4nna ner asylboenden, attackera mosk\u00e9er och vandalisera muslimsk-\u00e4gda butiker knappast motiverade av v\u00e4nsterns kritik av stat och kapital. Likv\u00e4l skedde v\u00e5ldet inte var som helst utan var v\u00e4rst p\u00e5 de platser som \u00e4nda sedan Margret Thatchers dagar drabbats h\u00e5rdast av avindustrialisering och nedsk\u00e4rningspolitik. Det var inte i det v\u00e4lm\u00e5ende Brighton p\u00e5 den engelska sydkusten som pogromen utl\u00f6stes och inv\u00e5narna i norra Englands medelklass-enklav Harrogate slapp st\u00e4da upp skyltf\u00f6nstrens krossade glas. V\u00e5ldet kanske mest spektakul\u00e4ra uttryck \u2013 brandattacken mot ett hotell f\u00f6r asyls\u00f6kanden \u2013 skedde ist\u00e4llet i Rotherham, bara kilometer fr\u00e5n den plats d\u00e4r 1984 \u201dSlaget om Orgreave\u201d hade utspelat sig mellan 5,000 strejkande kolgruvearbetare och 6,000 poliser. Fr\u00e5n de gruvbyar och sm\u00e5st\u00e4der som omger Rotherham \u2013 Barnsley, Doncaster, Goldthorpe \u2013 rekryterade gruvarbetarfacket sina radikalaste k\u00e4mpar till strid mot den begynnande nyliberalismen, och i n\u00e4rliggande Sheffield st\u00e5r dess \u00f6vergivna huvudkontor fortfarande kvar som ett monument \u00f6ver den brittiska arbetarklassens historiska nederlag. Mobben i Rotherham v\u00e4ckte knappast liv i den kamp som 40 \u00e5r tidigare hade gett regionen epitetet \u201dThe Peoples\u2019 Republic of South Yorkshire\u201d, men de agerade inte i ett vakuum fr\u00e5n vad marxisten och antirasisten Ruth Wilson Gilmore ben\u00e4mner som \u201dorganiserat \u00f6vergivande.\u201d<\/p>\n\n\n<div class=\"wp-block-image\">\n<figure class=\"aligncenter size-large is-resized\"><a href=\"http:\/\/www.rodarummet.org\/web\/wp-content\/uploads\/2024\/10\/oregrave-2-scaled.jpg\"><img loading=\"lazy\" decoding=\"async\" width=\"1024\" height=\"396\" src=\"http:\/\/www.rodarummet.org\/web\/wp-content\/uploads\/2024\/10\/oregrave-2-1024x396.jpg\" alt=\"\" class=\"wp-image-4082\" style=\"width:577px;height:auto\" srcset=\"https:\/\/www.rodarummet.org\/web\/wp-content\/uploads\/2024\/10\/oregrave-2-1024x396.jpg 1024w, https:\/\/www.rodarummet.org\/web\/wp-content\/uploads\/2024\/10\/oregrave-2-300x116.jpg 300w, https:\/\/www.rodarummet.org\/web\/wp-content\/uploads\/2024\/10\/oregrave-2-768x297.jpg 768w, https:\/\/www.rodarummet.org\/web\/wp-content\/uploads\/2024\/10\/oregrave-2-1536x594.jpg 1536w, https:\/\/www.rodarummet.org\/web\/wp-content\/uploads\/2024\/10\/oregrave-2-2048x792.jpg 2048w\" sizes=\"auto, (max-width: 1024px) 100vw, 1024px\" \/><\/a><\/figure>\n<\/div>\n\n\n<p>Utan att urs\u00e4kta m\u00e5ste vi f\u00f6rs\u00f6ka f\u00f6rst\u00e5 reaktionens motivationer. Varf\u00f6r tog rasismen spontant till gatan, och varf\u00f6r just d\u00e4r och d\u00e5? Det \u00e4r grundfr\u00e5gan i den utbyte mellan Richard Seymour och Anton J\u00e4ger vi \u00f6versatt till detta nummer. F\u00f6r Seymour kan inte svaren hittas i en \u201df\u00f6rvr\u00e4ngd klasspolitik\u201d som hade kunnat avstyras av v\u00e4nstern om den bara besvarats med l\u00f6ften om \u201djobb och l\u00f6ner\u201d. Ist\u00e4llet uppm\u00e4rksammar han hur den f\u00f6rest\u00e4llda \u201detniskt vita arbetarklassen\u201d bakom upploppen fr\u00e4mst agerade i egenskap av just vita, ivriga att ta tillf\u00e4llet i akt att st\u00e4rka murarna kring en nationsgemenskap med oundvikligt rasistiska f\u00f6rtecken. Om upploppen var ett uttryck f\u00f6r djupare samh\u00e4llsprocesser var det en attack mot det gr\u00e4ns\u00f6verskridande \u2013 asyls\u00f6kande, muslimer, transpersoner, solidaritetsr\u00f6relsen f\u00f6r Palestina \u2013 som hems\u00f6kt den europeiska fascismen \u00e4nda sedan den \u00f6vergav dr\u00f6mmen om kolonial expansion och v\u00e4nde sig in\u00e5t mot nationsstaten. F\u00f6r J\u00e4ger, \u00e5 andra sidan, kan den rasistiska mobbens politik inte reduceras till masspsykologi, konspirationsteorier och en sublim str\u00e4van efter renhet. Dess f\u00f6rklaring kr\u00e4ver politisk ekonomi. Han kritiserar d\u00e4rmed avsaknaden av nedsk\u00e4rningspolitiken och dess regionalt djupt oj\u00e4mlika effekter som variabler i Seymours analys. Den brittiska fascismen har alltid varit vilat p\u00e5 ekonomisk grund. Att l\u00e4sa utbytet mellan de tv\u00e5 kr\u00e4ver dock inte att vi enkelsidigt tar st\u00e4llning. En alternativ l\u00e4sning lyfter ist\u00e4llet deras betoning p\u00e5 orsakssamband med olika n\u00e4rhet till pogromerna sj\u00e4lva. J\u00e4gers makroanalys l\u00e5ter oss f\u00f6rst\u00e5 den mer distanserade ekonomiska och historiska kontext som f\u00f6rberett den rasistiska masspolitikens spelplanen, medan Seymour p\u00e5minner oss att dess v\u00e5ld utl\u00f6ses av mer omedelbara kulturella och emotionella faktorer. Tillsammans klarg\u00f6r de att fascism, ett kroniskt symptom i kapitalismen, inte bubblar upp till ytan hur som helst, n\u00e4r som helst eller var som helst.<\/p>\n\n\n\n<p><strong>Artikelf\u00f6rfattare:<\/strong><br><strong>Mikael Omstedt<\/strong> \u00e4r doktorand i kulturgeografi och<strong> Lotte Schack<\/strong> \u00e4r doktorand i sociologi. B\u00e5da ing\u00e5r i R\u00f6da Rummets redaktion.<\/p>\n","protected":false},"excerpt":{"rendered":"<p>I tv\u00e5 efterf\u00f6ljande texter, av Richard Seymour respektive Anton J\u00e4ger,analyseras orsakerna till sommarens rasistiska upplopp i Storbritannien.H\u00e4r \u00e4r en redaktionell introduktion av diskussionenN\u00e4r det rasistiska v\u00e5ldet bryter ut, var v\u00e4nder vi blicken f\u00f6r att f\u00f6rst\u00e5 dess orsaker? N\u00e4r asyls\u00f6kande bel\u00e4gras &hellip; <a href=\"https:\/\/www.rodarummet.org\/web\/2024\/10\/27\/upploppens-grunder\/\">Forts\u00e4tt l\u00e4sa <span class=\"meta-nav\">&rarr;<\/span><\/a><\/p>\n","protected":false},"author":1,"featured_media":0,"comment_status":"closed","ping_status":"open","sticky":false,"template":"","format":"standard","meta":{"jetpack_post_was_ever_published":false,"_jetpack_newsletter_access":"","_jetpack_dont_email_post_to_subs":false,"_jetpack_newsletter_tier_id":0,"_jetpack_memberships_contains_paywalled_content":false,"_jetpack_memberships_contains_paid_content":false,"footnotes":"","jetpack_publicize_message":"","jetpack_publicize_feature_enabled":true,"jetpack_social_post_already_shared":true,"jetpack_social_options":{"image_generator_settings":{"template":"highway","default_image_id":0,"font":"","enabled":false},"version":2}},"categories":[1],"tags":[1529,354,1242,1258,1731,681],"class_list":["post-4066","post","type-post","status-publish","format-standard","hentry","category-okategoriserade","tag-anton-jager","tag-fascism","tag-lotte-schack","tag-mikael-omstedt","tag-pogromer","tag-richard-seymour"],"jetpack_publicize_connections":[],"jetpack_featured_media_url":"","jetpack_sharing_enabled":true,"jetpack_shortlink":"https:\/\/wp.me\/pRzA9-13A","_links":{"self":[{"href":"https:\/\/www.rodarummet.org\/web\/wp-json\/wp\/v2\/posts\/4066","targetHints":{"allow":["GET"]}}],"collection":[{"href":"https:\/\/www.rodarummet.org\/web\/wp-json\/wp\/v2\/posts"}],"about":[{"href":"https:\/\/www.rodarummet.org\/web\/wp-json\/wp\/v2\/types\/post"}],"author":[{"embeddable":true,"href":"https:\/\/www.rodarummet.org\/web\/wp-json\/wp\/v2\/users\/1"}],"replies":[{"embeddable":true,"href":"https:\/\/www.rodarummet.org\/web\/wp-json\/wp\/v2\/comments?post=4066"}],"version-history":[{"count":4,"href":"https:\/\/www.rodarummet.org\/web\/wp-json\/wp\/v2\/posts\/4066\/revisions"}],"predecessor-version":[{"id":4084,"href":"https:\/\/www.rodarummet.org\/web\/wp-json\/wp\/v2\/posts\/4066\/revisions\/4084"}],"wp:attachment":[{"href":"https:\/\/www.rodarummet.org\/web\/wp-json\/wp\/v2\/media?parent=4066"}],"wp:term":[{"taxonomy":"category","embeddable":true,"href":"https:\/\/www.rodarummet.org\/web\/wp-json\/wp\/v2\/categories?post=4066"},{"taxonomy":"post_tag","embeddable":true,"href":"https:\/\/www.rodarummet.org\/web\/wp-json\/wp\/v2\/tags?post=4066"}],"curies":[{"name":"wp","href":"https:\/\/api.w.org\/{rel}","templated":true}]}}