{"id":4788,"date":"2025-12-19T00:10:32","date_gmt":"2025-12-18T23:10:32","guid":{"rendered":"https:\/\/www.rodarummet.org\/web\/?p=4788"},"modified":"2025-12-19T00:11:32","modified_gmt":"2025-12-18T23:11:32","slug":"4788","status":"publish","type":"post","link":"https:\/\/www.rodarummet.org\/web\/2025\/12\/19\/4788\/","title":{"rendered":""},"content":{"rendered":"\n<figure class=\"wp-block-image size-full is-resized\"><a href=\"https:\/\/www.rodarummet.org\/web\/wp-content\/uploads\/2025\/12\/Appell-december-252-1.jpg\"><img loading=\"lazy\" decoding=\"async\" width=\"842\" height=\"595\" src=\"https:\/\/www.rodarummet.org\/web\/wp-content\/uploads\/2025\/12\/Appell-december-252-1.jpg\" alt=\"\" class=\"wp-image-4791\" style=\"aspect-ratio:1.4151520183942405;width:419px;height:auto\" srcset=\"https:\/\/www.rodarummet.org\/web\/wp-content\/uploads\/2025\/12\/Appell-december-252-1.jpg 842w, https:\/\/www.rodarummet.org\/web\/wp-content\/uploads\/2025\/12\/Appell-december-252-1-300x212.jpg 300w, https:\/\/www.rodarummet.org\/web\/wp-content\/uploads\/2025\/12\/Appell-december-252-1-768x543.jpg 768w\" sizes=\"auto, (max-width: 842px) 100vw, 842px\" \/><\/a><\/figure>\n\n\n\n<p><strong>K\u00e4ra l\u00e4sare!<\/strong><\/p>\n\n\n\n<p>Vi har nyligen f\u00e5tt beskedet att <em>R\u00f6da rummet <\/em><strong>inte heller i \u00e5r tilldelas produktionsst\u00f6d<\/strong>&nbsp;av Kulturr\u00e5det.&nbsp;<\/p>\n\n\n\n<p>Under det senaste \u00e5ret har vi g\u00e5tt fr\u00e5n att komma ut som bilaga till veckotidningen <em>Internationalens <\/em>prenumerantertill att st\u00e5 p\u00e5 helt egna ben, med <strong>\u00f6ver 400 nya prenumeranter.<\/strong>&nbsp;Vi i redaktionen har arbetat stenh\u00e5rt f\u00f6r att g\u00f6ra <em>R\u00f6da rummet <\/em>till en <strong>ledande plattform f\u00f6r socialistisk <\/strong>teori, historia och strategi.&nbsp;Vi har ocks\u00e5 legat bakom den kanske st\u00f6rsta antologin n\u00e5gonsin p\u00e5 svenska om marxism: <em><u><a rel=\"noreferrer noopener\" target=\"_blank\" href=\"https:\/\/emea01.safelinks.protection.outlook.com\/?url=https%3A%2F%2Fdaidalos.se%2Fcomponent%2Fvirtuemart%2Fsamtida-marxisitsk-teori.htm%3FItemid%3D181&amp;data=05%7C02%7C%7C3ea6c7cedde344baf20108de3d6fb7df%7C84df9e7fe9f640afb435aaaaaaaaaaaa%7C1%7C0%7C639015747264154082%7CUnknown%7CTWFpbGZsb3d8eyJFbXB0eU1hcGkiOnRydWUsIlYiOiIwLjAuMDAwMCIsIlAiOiJXaW4zMiIsIkFOIjoiTWFpbCIsIldUIjoyfQ%3D%3D%7C0%7C%7C%7C&amp;sdata=ng9cSvwheS50ro%2FsFLoj6%2FafJQusC3I4gGZyPFQXoNY%3D&amp;reserved=0\">Samtida marxistisk teori<\/a><\/u>&nbsp;<\/em>(Daidalos, 2025).&nbsp;<\/p>\n\n\n\n<p>Men vi beh\u00f6ver bli fler.Om vi inte lyckas \u00f6ka antalet prenumeranter till omkring 600 \u00e4r <strong>risken \u00f6verh\u00e4ngande att vi tvingas l\u00e4gga<\/strong>&nbsp;ned tidskriften i sin nuvarande form efter mer \u00e4n 50 \u00e5rs utgivning.&nbsp;<\/p>\n\n\n\n<p><strong>Vad b\u00f6r g\u00f6ras?<\/strong><\/p>\n\n\n\n<ul class=\"wp-block-list\">\n<li><strong><u><a href=\"https:\/\/emea01.safelinks.protection.outlook.com\/?url=https%3A%2F%2Fnatverkstan.premium.se%2Ftidskrift%2Froda-rummet&amp;data=05%7C02%7C%7C3ea6c7cedde344baf20108de3d6fb7df%7C84df9e7fe9f640afb435aaaaaaaaaaaa%7C1%7C0%7C639015747264181485%7CUnknown%7CTWFpbGZsb3d8eyJFbXB0eU1hcGkiOnRydWUsIlYiOiIwLjAuMDAwMCIsIlAiOiJXaW4zMiIsIkFOIjoiTWFpbCIsIldUIjoyfQ%3D%3D%7C0%7C%7C%7C&amp;sdata=OCNL1b4n9FLciuiArfkZf05W1O8Kcz82LB3TknlwiMY%3D&amp;reserved=0\" target=\"_blank\" rel=\"noreferrer noopener\">Klicka h\u00e4r<\/a><\/u><\/strong>&nbsp;f\u00f6r att teckna en <strong>ny prenumeration<\/strong>&nbsp;f\u00f6r <strong>bara 25 kronor i m\u00e5naden<\/strong><\/li>\n\n\n\n<li><strong><u><a href=\"https:\/\/emea01.safelinks.protection.outlook.com\/?url=https%3A%2F%2Fnatverkstan.premium.se%2Ftidskrift%2Froda-rummet&amp;data=05%7C02%7C%7C3ea6c7cedde344baf20108de3d6fb7df%7C84df9e7fe9f640afb435aaaaaaaaaaaa%7C1%7C0%7C639015747264201245%7CUnknown%7CTWFpbGZsb3d8eyJFbXB0eU1hcGkiOnRydWUsIlYiOiIwLjAuMDAwMCIsIlAiOiJXaW4zMiIsIkFOIjoiTWFpbCIsIldUIjoyfQ%3D%3D%7C0%7C%7C%7C&amp;sdata=1sik8g%2FTBa47IEQ9brhsR5kJ%2FGr04nONlR3wE%2FUvkEA%3D&amp;reserved=0\" target=\"_blank\" rel=\"noreferrer noopener\">Klicka h\u00e4r<\/a><\/u><\/strong>&nbsp;f\u00f6r att teckna <strong>en st\u00f6dprenumeration<\/strong>&nbsp;(allra b\u00e4st f\u00f6r <em>R\u00f6da rummet <\/em>\u00e4r alternativet 100 kr\/m\u00e5nad) och hj\u00e4lp oss att <strong>sprida det h\u00e4r mailet till kamrater, v\u00e4nner, sl\u00e4kt och kollegor<\/strong>!&nbsp;<\/li>\n<\/ul>\n\n\n\n<p><strong><em>R\u00f6da rummet <\/em>#1 \u2013 2026<\/strong><\/p>\n\n\n\n<p>Missa inte v\u00e5rt <strong>kommande nummer<\/strong>&nbsp;som landar i brevl\u00e5dan i b\u00f6rjan av mars. Det inneh\u00e5ller bland annat:&nbsp;<\/p>\n\n\n\n<!--more-->\n\n\n\n<ul class=\"wp-block-list\">\n<li>Ett stort boksymposium om boken <em>F\u00f6rbannelsen, <\/em>skriven av <strong>Karin Pettersson, kulturchef f\u00f6r Aftonbladet kultur<\/strong>.Vi kommer att publicera kritik av boken signerad av Jenny Andersson, Daniel Ankarloo, Nora Wurtzel och Kjell \u00d6stberg, samt inte minst <strong>svar fr\u00e5n Pettersson sj\u00e4lv.&nbsp;<\/strong><\/li>\n\n\n\n<li>En ess\u00e4 om nya debatter inom <strong>ideologikritik<\/strong><\/li>\n\n\n\n<li>Ett samtal om politisk strategi vid \u2019slutet p\u00e5 historiens slut\u2019, med inl\u00e4gg av bland annat <strong>Allt \u00e5t alla<\/strong>, <strong>Ta tillbaka framtiden<\/strong>&nbsp;och <strong>Socialistisk politik<\/strong><\/li>\n\n\n\n<li><strong>Den R\u00f6da tr\u00e5den, <\/strong>som vanligt fullsp\u00e4ckad med recensioner och en \u00f6verblicksess\u00e4 som erbjuder en kartbild \u00f6ver bokutgivningen i Sverige<\/li>\n<\/ul>\n","protected":false},"excerpt":{"rendered":"<p>K\u00e4ra l\u00e4sare! Vi har nyligen f\u00e5tt beskedet att R\u00f6da rummet inte heller i \u00e5r tilldelas produktionsst\u00f6d&nbsp;av Kulturr\u00e5det.&nbsp; Under det senaste \u00e5ret har vi g\u00e5tt fr\u00e5n att komma ut som bilaga till veckotidningen Internationalens prenumerantertill att st\u00e5 p\u00e5 helt egna ben, &hellip; <a href=\"https:\/\/www.rodarummet.org\/web\/2025\/12\/19\/4788\/\">Forts\u00e4tt l\u00e4sa <span class=\"meta-nav\">&rarr;<\/span><\/a><\/p>\n","protected":false},"author":1,"featured_media":0,"comment_status":"closed","ping_status":"open","sticky":false,"template":"","format":"standard","meta":{"jetpack_post_was_ever_published":false,"_jetpack_newsletter_access":"","_jetpack_dont_email_post_to_subs":false,"_jetpack_newsletter_tier_id":0,"_jetpack_memberships_contains_paywalled_content":false,"_jetpack_memberships_contains_paid_content":false,"footnotes":"","jetpack_publicize_message":"","jetpack_publicize_feature_enabled":true,"jetpack_social_post_already_shared":true,"jetpack_social_options":{"image_generator_settings":{"template":"highway","default_image_id":0,"font":"","enabled":false},"version":2}},"categories":[1],"tags":[],"class_list":["post-4788","post","type-post","status-publish","format-standard","hentry","category-okategoriserade"],"jetpack_publicize_connections":[],"jetpack_featured_media_url":"","jetpack_sharing_enabled":true,"jetpack_shortlink":"https:\/\/wp.me\/sRzA9-4788","_links":{"self":[{"href":"https:\/\/www.rodarummet.org\/web\/wp-json\/wp\/v2\/posts\/4788","targetHints":{"allow":["GET"]}}],"collection":[{"href":"https:\/\/www.rodarummet.org\/web\/wp-json\/wp\/v2\/posts"}],"about":[{"href":"https:\/\/www.rodarummet.org\/web\/wp-json\/wp\/v2\/types\/post"}],"author":[{"embeddable":true,"href":"https:\/\/www.rodarummet.org\/web\/wp-json\/wp\/v2\/users\/1"}],"replies":[{"embeddable":true,"href":"https:\/\/www.rodarummet.org\/web\/wp-json\/wp\/v2\/comments?post=4788"}],"version-history":[{"count":3,"href":"https:\/\/www.rodarummet.org\/web\/wp-json\/wp\/v2\/posts\/4788\/revisions"}],"predecessor-version":[{"id":4794,"href":"https:\/\/www.rodarummet.org\/web\/wp-json\/wp\/v2\/posts\/4788\/revisions\/4794"}],"wp:attachment":[{"href":"https:\/\/www.rodarummet.org\/web\/wp-json\/wp\/v2\/media?parent=4788"}],"wp:term":[{"taxonomy":"category","embeddable":true,"href":"https:\/\/www.rodarummet.org\/web\/wp-json\/wp\/v2\/categories?post=4788"},{"taxonomy":"post_tag","embeddable":true,"href":"https:\/\/www.rodarummet.org\/web\/wp-json\/wp\/v2\/tags?post=4788"}],"curies":[{"name":"wp","href":"https:\/\/api.w.org\/{rel}","templated":true}]}}