{"id":529,"date":"2010-11-08T15:29:11","date_gmt":"2010-11-08T14:29:11","guid":{"rendered":"http:\/\/www.rodarummet.org\/web\/?p=529"},"modified":"2010-12-08T17:01:24","modified_gmt":"2010-12-08T16:01:24","slug":"apell-om-material","status":"publish","type":"post","link":"https:\/\/www.rodarummet.org\/web\/2010\/11\/08\/apell-om-material\/","title":{"rendered":"Apell om material"},"content":{"rendered":"<p>Under flera \u00e5rs tid har jag varit sysselsatt med att samla och arkivera<br \/>\nmaterial fr\u00e5n den trotskistiska r\u00f6relsen.<br \/>\nSyftet med samlandet och arkiverandet \u00e4r att bygga upp en plattform f\u00f6r<br \/>\natt kunna dokumentera och f\u00f6rhoppningsvis producera en historieskrivning<br \/>\nom r\u00f6relsens uppkomst och framv\u00e4xt i Sverige.<br \/>\nF\u00f6r ett antal \u00e5r sedan <!--more-->fick jag ta hand om G\u00f6teborgsavdelningen av SP.s<br \/>\narkiv, och till exempel G\u00f6te Kild\u00e9ns papper. Detta material har nu systematiserats<br \/>\noch till stora delar registrerats. Detta arbete g\u00f6r att det nu \u00e4r m\u00f6jligt<br \/>\natt kunna b\u00f6rja ta om hand material fr\u00e5n lokalavdelningar, privatpersoner<br \/>\nmed flera som kan ha s\u00e5dan liggande utan att veta vad det ska anv\u00e4ndas till,<br \/>\neller var det ska f\u00f6rvaras.<\/p>\n<p>Min ambition \u00e4r att materialet med tiden ska kunna f\u00f6rvaltas av n\u00e5gon<br \/>\ninstitution, d\u00e4r det blir m\u00f6jligt att forska. Jag hoppas ocks\u00e5 att<br \/>\npersoner som beh\u00f6ver f\u00e5 tillg\u00e5ng till n\u00e5gon text eller dokument ska kunna<br \/>\nv\u00e4nda sig till mig och kunna f\u00e5 tillg\u00e5ng till detta. (Utan n\u00e5gra<br \/>\nsekteristiska restriktioner)<\/p>\n<p>Vad jag s\u00f6ker \u00e4r protokoll, bulletiner, flygblad, affischer, bilder,<br \/>\nlokala publikationer, pamfletter, brev, avdelningsbulletiner,<br \/>\npartistyrelsematerial, med mera. Kort sagt det mesta.<br \/>\nVad som finns idag \u00e4r stora delar av det offentliga material som<br \/>\npublicerades av RMF\/KAF\/SP, \u00e4ven Revolution\u00e4ra Marxister och<br \/>\nBolsjevikgruppens tidskrifter finns.<br \/>\nNationella internbulletiner finns i stort sett komplett fr\u00e5n tidigt<br \/>\n70-tal. Dock kan det vara n\u00e5gon lucka.<br \/>\nInternationellt material fr\u00e5n Fj\u00e4rde Internationalen i form av<br \/>\ninternbulletiner finns fr\u00e5n tidigt 70-tal.<\/p>\n<p>Men det \u00e4r alltid material som saknas, s\u00e5 alla bidrag \u00e4r av betydelse.<\/p>\n<p>Jag \u00e4r \u00e4ven intresserad av material fr\u00e5n organisationer inom Fj\u00e4rde<br \/>\nInternationalen och andra grupper som tex Socialistiska F\u00f6rbundet,<br \/>\nOffensiv, Spartakister, tidningar som Prolet\u00e4r Offensiv, med mera. Ingen n\u00e4mnd<br \/>\n&#8211; ingen gl\u00f6md&#8230; som det brukar heta.<\/p>\n<p>Jag har gott om plats, och s\u00e4ker, f\u00f6r att f\u00f6rvara materialet. S\u00e5 du\/ni<br \/>\nsom vill bidra till att den svenska trotskismens historia kan b\u00f6rja<br \/>\ngr\u00e4vas ut, g\u00f6r en insats och h\u00f6r av er.<\/p>\n<p>Staffan Lindh\u00e9<br \/>\nlindhe_s@hotmail.com<br \/>\n0707-747025<\/p>\n","protected":false},"excerpt":{"rendered":"<p>Under flera \u00e5rs tid har jag varit sysselsatt med att samla och arkivera material fr\u00e5n den trotskistiska r\u00f6relsen. Syftet med samlandet och arkiverandet \u00e4r att bygga upp en plattform f\u00f6r att kunna dokumentera och f\u00f6rhoppningsvis producera en historieskrivning om r\u00f6relsens &hellip; <a href=\"https:\/\/www.rodarummet.org\/web\/2010\/11\/08\/apell-om-material\/\">Forts\u00e4tt l\u00e4sa <span class=\"meta-nav\">&rarr;<\/span><\/a><\/p>\n","protected":false},"author":9,"featured_media":0,"comment_status":"open","ping_status":"open","sticky":false,"template":"","format":"standard","meta":{"jetpack_post_was_ever_published":false,"_jetpack_newsletter_access":"","_jetpack_dont_email_post_to_subs":false,"_jetpack_newsletter_tier_id":0,"_jetpack_memberships_contains_paywalled_content":false,"_jetpack_memberships_contains_paid_content":false,"footnotes":"","jetpack_publicize_message":"","jetpack_publicize_feature_enabled":true,"jetpack_social_post_already_shared":false,"jetpack_social_options":{"image_generator_settings":{"template":"highway","default_image_id":0,"font":"","enabled":false},"version":2}},"categories":[1],"tags":[],"class_list":["post-529","post","type-post","status-publish","format-standard","hentry","category-okategoriserade"],"jetpack_publicize_connections":[],"jetpack_featured_media_url":"","jetpack_sharing_enabled":true,"jetpack_shortlink":"https:\/\/wp.me\/pRzA9-8x","_links":{"self":[{"href":"https:\/\/www.rodarummet.org\/web\/wp-json\/wp\/v2\/posts\/529","targetHints":{"allow":["GET"]}}],"collection":[{"href":"https:\/\/www.rodarummet.org\/web\/wp-json\/wp\/v2\/posts"}],"about":[{"href":"https:\/\/www.rodarummet.org\/web\/wp-json\/wp\/v2\/types\/post"}],"author":[{"embeddable":true,"href":"https:\/\/www.rodarummet.org\/web\/wp-json\/wp\/v2\/users\/9"}],"replies":[{"embeddable":true,"href":"https:\/\/www.rodarummet.org\/web\/wp-json\/wp\/v2\/comments?post=529"}],"version-history":[{"count":3,"href":"https:\/\/www.rodarummet.org\/web\/wp-json\/wp\/v2\/posts\/529\/revisions"}],"predecessor-version":[{"id":746,"href":"https:\/\/www.rodarummet.org\/web\/wp-json\/wp\/v2\/posts\/529\/revisions\/746"}],"wp:attachment":[{"href":"https:\/\/www.rodarummet.org\/web\/wp-json\/wp\/v2\/media?parent=529"}],"wp:term":[{"taxonomy":"category","embeddable":true,"href":"https:\/\/www.rodarummet.org\/web\/wp-json\/wp\/v2\/categories?post=529"},{"taxonomy":"post_tag","embeddable":true,"href":"https:\/\/www.rodarummet.org\/web\/wp-json\/wp\/v2\/tags?post=529"}],"curies":[{"name":"wp","href":"https:\/\/api.w.org\/{rel}","templated":true}]}}