{"id":721,"date":"2010-11-29T17:23:31","date_gmt":"2010-11-29T16:23:31","guid":{"rendered":"http:\/\/www.rodarummet.org\/web\/?p=721"},"modified":"2011-09-25T20:19:33","modified_gmt":"2011-09-25T19:19:33","slug":"fullsatt-paneldebatt-har-som-ljudfil","status":"publish","type":"post","link":"https:\/\/www.rodarummet.org\/web\/2010\/11\/29\/fullsatt-paneldebatt-har-som-ljudfil\/","title":{"rendered":"Fullsatt paneldebatt &#8211; h\u00e4r som ljudfil"},"content":{"rendered":"<p><a href=\"http:\/\/www.rodarummet.org\/web\/wp-content\/uploads\/2010\/11\/Rikard-1.jpg\"><img loading=\"lazy\" decoding=\"async\" class=\"alignleft size-medium wp-image-723\" title=\"Rikard 1\" src=\"http:\/\/www.rodarummet.org\/web\/wp-content\/uploads\/2010\/11\/Rikard-1-300x223.jpg\" alt=\"\" width=\"300\" height=\"223\" srcset=\"https:\/\/www.rodarummet.org\/web\/wp-content\/uploads\/2010\/11\/Rikard-1-300x223.jpg 300w, https:\/\/www.rodarummet.org\/web\/wp-content\/uploads\/2010\/11\/Rikard-1-1024x761.jpg 1024w, https:\/\/www.rodarummet.org\/web\/wp-content\/uploads\/2010\/11\/Rikard-1.jpg 1303w\" sizes=\"auto, (max-width: 300px) 100vw, 300px\" \/><\/a>M\u00e4ngden bes\u00f6kare p\u00e5 R\u00f6da rummets panelsamtal p\u00e5 Socialistiskt forum i helgen fick d\u00f6rrarna att b\u00e5gna i Sandlersalen p\u00e5 ABF-huset n\u00e4r <strong>Rikard Warlenius<\/strong>, <strong>G\u00f6ran Greider<\/strong> och <strong>Lars Henriksson<\/strong> diskuterade tillv\u00e4xt, kapitalism och f\u00f6ruts\u00e4ttningarna f\u00f6r en radikal klimatpolitik.<\/p>\n<p>Lyssna p\u00e5 debatten h\u00e4r: \u00a0<a href=\"http:\/\/www.rodarummet.org\/web\/wp-content\/uploads\/2010\/11\/Sequence-1.mp3\" target=\"blank\">Tillv\u00e4xtdiskussion Del 1<\/a> och h\u00e4r: <a href=\"http:\/\/www.rodarummet.org\/web\/wp-content\/uploads\/2010\/11\/Sequence-2.mp3\" target=\"blank\">Tillv\u00e4xtdiskussion Del 2<\/a><\/p>\n<p><a href=\"http:\/\/www.rodarummet.org\/web\/wp-content\/uploads\/2010\/11\/Rikards-fyrf\u00e4ltare2.jpg\"><img loading=\"lazy\" decoding=\"async\" class=\"aligncenter size-large wp-image-726\" title=\"Rikards fyrf\u00e4ltare\" src=\"http:\/\/www.rodarummet.org\/web\/wp-content\/uploads\/2010\/11\/Rikards-fyrf\u00e4ltare2-1024x724.jpg\" alt=\"\" width=\"640\" height=\"452\" srcset=\"https:\/\/www.rodarummet.org\/web\/wp-content\/uploads\/2010\/11\/Rikards-fyrf\u00e4ltare2-1024x724.jpg 1024w, https:\/\/www.rodarummet.org\/web\/wp-content\/uploads\/2010\/11\/Rikards-fyrf\u00e4ltare2-300x212.jpg 300w, https:\/\/www.rodarummet.org\/web\/wp-content\/uploads\/2010\/11\/Rikards-fyrf\u00e4ltare2.jpg 1169w\" sizes=\"auto, (max-width: 640px) 100vw, 640px\" \/><\/a><\/p>\n","protected":false},"excerpt":{"rendered":"<p>M\u00e4ngden bes\u00f6kare p\u00e5 R\u00f6da rummets panelsamtal p\u00e5 Socialistiskt forum i helgen fick d\u00f6rrarna att b\u00e5gna i Sandlersalen p\u00e5 ABF-huset n\u00e4r Rikard Warlenius, G\u00f6ran Greider och Lars Henriksson diskuterade tillv\u00e4xt, kapitalism och f\u00f6ruts\u00e4ttningarna f\u00f6r en radikal klimatpolitik. Lyssna p\u00e5 debatten h\u00e4r: &hellip; <a href=\"https:\/\/www.rodarummet.org\/web\/2010\/11\/29\/fullsatt-paneldebatt-har-som-ljudfil\/\">Forts\u00e4tt l\u00e4sa <span class=\"meta-nav\">&rarr;<\/span><\/a><\/p>\n","protected":false},"author":1,"featured_media":0,"comment_status":"open","ping_status":"open","sticky":false,"template":"","format":"standard","meta":{"jetpack_post_was_ever_published":false,"_jetpack_newsletter_access":"","_jetpack_dont_email_post_to_subs":false,"_jetpack_newsletter_tier_id":0,"_jetpack_memberships_contains_paywalled_content":false,"_jetpack_memberships_contains_paid_content":false,"footnotes":"","jetpack_publicize_message":"","jetpack_publicize_feature_enabled":true,"jetpack_social_post_already_shared":false,"jetpack_social_options":{"image_generator_settings":{"template":"highway","default_image_id":0,"font":"","enabled":false},"version":2}},"categories":[1],"tags":[413,415,416,412,414],"class_list":["post-721","post","type-post","status-publish","format-standard","hentry","category-okategoriserade","tag-greider","tag-hog-standard","tag-lars-henrikssson","tag-systemkritik","tag-warlenius"],"jetpack_publicize_connections":[],"jetpack_featured_media_url":"","jetpack_sharing_enabled":true,"jetpack_shortlink":"https:\/\/wp.me\/pRzA9-bD","_links":{"self":[{"href":"https:\/\/www.rodarummet.org\/web\/wp-json\/wp\/v2\/posts\/721","targetHints":{"allow":["GET"]}}],"collection":[{"href":"https:\/\/www.rodarummet.org\/web\/wp-json\/wp\/v2\/posts"}],"about":[{"href":"https:\/\/www.rodarummet.org\/web\/wp-json\/wp\/v2\/types\/post"}],"author":[{"embeddable":true,"href":"https:\/\/www.rodarummet.org\/web\/wp-json\/wp\/v2\/users\/1"}],"replies":[{"embeddable":true,"href":"https:\/\/www.rodarummet.org\/web\/wp-json\/wp\/v2\/comments?post=721"}],"version-history":[{"count":13,"href":"https:\/\/www.rodarummet.org\/web\/wp-json\/wp\/v2\/posts\/721\/revisions"}],"predecessor-version":[{"id":733,"href":"https:\/\/www.rodarummet.org\/web\/wp-json\/wp\/v2\/posts\/721\/revisions\/733"}],"wp:attachment":[{"href":"https:\/\/www.rodarummet.org\/web\/wp-json\/wp\/v2\/media?parent=721"}],"wp:term":[{"taxonomy":"category","embeddable":true,"href":"https:\/\/www.rodarummet.org\/web\/wp-json\/wp\/v2\/categories?post=721"},{"taxonomy":"post_tag","embeddable":true,"href":"https:\/\/www.rodarummet.org\/web\/wp-json\/wp\/v2\/tags?post=721"}],"curies":[{"name":"wp","href":"https:\/\/api.w.org\/{rel}","templated":true}]}}